{"id":12325,"date":"2025-02-10T00:11:19","date_gmt":"2025-02-10T00:11:19","guid":{"rendered":"https:\/\/tribunavm.com.ar\/?p=12325"},"modified":"2025-02-08T21:16:58","modified_gmt":"2025-02-08T21:16:58","slug":"en-busca-del-oro-blanco","status":"publish","type":"post","link":"https:\/\/tribunavm.com.ar\/index.php\/2025\/02\/10\/en-busca-del-oro-blanco\/","title":{"rendered":"En busca del oro blanco"},"content":{"rendered":"<div class=\"row clearfix\">\n<div class=\"col-md-8\">\n<p><span style=\"color: #212121; font-size: 1.5em; letter-spacing: -0.01em;\">Funcionarios y empresarios de la India visitaron Catamarca con el objetivo de invertir en proyectos mineros con el foco puesto en la extracci\u00f3n de litio.<\/span><\/p>\n<p><span style=\"font-weight: 400;\"><span class=\"dropcap \" style=\"background-color: #ffffff; color: #dd9933; border-color: #ffffff;\">E<\/span>l gobernador de Catamarca, Ra\u00fal Jalil, junto a un equipo de funcionarios provinciales, se reuni\u00f3 con representantes del gobierno y empresas de la India con el <\/span><b>objetivo de avanzar en el memor\u00e1ndum de entendimiento para la cooperaci\u00f3n en recursos mineros que hab\u00eda sido firmado con dicho pa\u00eds en 2022<\/b><span style=\"font-weight: 400;\">.\u00a0<\/span><\/p>\n<p><span style=\"font-weight: 400;\">Del encuentro participaron Ricardo Cacciola, presidente de la C\u00e1mara Argentina de Empresas Mineras (Caem) y Susana Peralta, presidenta de la empresa provincial Catamarca Minera y Energ\u00e9tica Sociedad del Estado (CAYMEN SE) con quien se firmaron los acuerdos.<\/span><\/p>\n<p><span style=\"font-weight: 400;\">Uno de ellos fue con la empresa <\/span><a href=\"https:\/\/kabilindia.in\/\"><b><span style=\"color: #ff9900;\">Khanij Bidesh India Ltd. (KABIL)<\/span><\/b><\/a><b> quien firm\u00f3 un contrato de exploraci\u00f3n y desarrollo de litio por 24 millones de d\u00f3lares, obteniendo de esta manera derechos de exploraci\u00f3n y desarrollo en el territorio provincial, adem\u00e1s de derecho de explotaci\u00f3n para la producci\u00f3n comercial.<\/b><\/p>\n<figure id=\"attachment_12326\" aria-describedby=\"caption-attachment-12326\" style=\"width: 992px\" class=\"wp-caption alignnone\"><img loading=\"lazy\" decoding=\"async\" class=\"size-full wp-image-12326\" src=\"https:\/\/tribunavm.com.ar\/wp-content\/uploads\/2025\/02\/EXPORTACIONES.png\" alt=\"\" width=\"992\" height=\"558\" srcset=\"https:\/\/tribunavm.com.ar\/wp-content\/uploads\/2025\/02\/EXPORTACIONES.png 992w, https:\/\/tribunavm.com.ar\/wp-content\/uploads\/2025\/02\/EXPORTACIONES-300x169.png 300w, https:\/\/tribunavm.com.ar\/wp-content\/uploads\/2025\/02\/EXPORTACIONES-768x432.png 768w, https:\/\/tribunavm.com.ar\/wp-content\/uploads\/2025\/02\/EXPORTACIONES-750x422.png 750w\" sizes=\"(max-width: 992px) 100vw, 992px\" \/><figcaption id=\"caption-attachment-12326\" class=\"wp-caption-text\">En 2024 las exportaciones de litio crecieron un 71,5% interanual en volumen, lo que significa un incremento de 27.000 toneladas.<\/figcaption><\/figure>\n<p><span style=\"font-weight: 400;\">Luego del encuentro la empresa inaugur\u00f3 sus oficinas administrativas en la capital provincial con el objetivo de darle seguimiento a su plan de inversi\u00f3n durante los pr\u00f3ximos a\u00f1os.<\/span><\/p>\n<p><span style=\"font-weight: 400;\">En la inauguraci\u00f3n de las oficinas, Khanta Ro, secretario del Ministerio de Minas del Gobierno de la India, dijo que \u201cnuestro objetivo es hacer los proyectos operativos lo m\u00e1s r\u00e1pido posible para que m\u00e1s empresas de nuestro pa\u00eds lleguen a invertir en Catamarca\u201d.<\/span><\/p>\n<p><span style=\"font-weight: 400;\">Adem\u00e1s, el gobierno provincial y CAYMEN <\/span><b>firmaron contratos con las empresas <\/b><span style=\"color: #ff9900;\"><a style=\"color: #ff9900;\" href=\"https:\/\/wmalloys.com\/\"><b>World Metals Alloys<\/b><\/a><\/span><b> y <\/b><span style=\"color: #ff9900;\"><a style=\"color: #ff9900;\" href=\"https:\/\/greenkogroup.com\/\"><b>GreenKo Group<\/b><\/a><\/span><b> para desarrollar diversas iniciativas referidas a la miner\u00eda, especialmente destinadas a tierras raras<\/b><span style=\"font-weight: 400;\">.<\/span><\/p>\n<\/div>\n<\/div>\n","protected":false},"excerpt":{"rendered":"<p>Funcionarios y empresarios de la India visitaron Catamarca con el objetivo de invertir en proyectos mineros con el foco puesto en la extracci\u00f3n de litio.<\/p>\n","protected":false},"author":2,"featured_media":12327,"comment_status":"open","ping_status":"open","sticky":false,"template":"","format":"standard","meta":{"_exactmetrics_skip_tracking":false,"_exactmetrics_sitenote_active":false,"_exactmetrics_sitenote_note":"","_exactmetrics_sitenote_category":0,"jnews-multi-image_gallery":[],"jnews_single_post":{"format":"standard","override":[{"template":"5","parallax":"1","fullscreen":"1","layout":"right-sidebar","sidebar":"default-sidebar","second_sidebar":"default-sidebar","sticky_sidebar":"1","share_position":"hide","share_float_style":"share-monocrhome","show_featured":"1","show_post_meta":"1","show_post_author_image":"1","show_post_date":"1","post_date_format":"custom","post_date_format_custom":"d-m-Y","show_post_category":"1","post_reading_time_wpm":"300","post_calculate_word_method":"count_blank","show_zoom_button":"0","zoom_button_out_step":"2","zoom_button_in_step":"3","show_post_tag":"1","number_popup_post":"1","show_author_box":"0","show_post_related":"1"}],"image_override":[{"single_post_thumbnail_size":"crop-500","single_post_gallery_size":"crop-500"}],"trending_post_position":"meta","trending_post_label":"Trending","sponsored_post_label":"Sponsored by","disable_ad":"0"},"jnews_primary_category":[],"jnews_social_meta":[],"jnews_override_counter":{"view_counter_number":"0","share_counter_number":"0","like_counter_number":"0","dislike_counter_number":"0"},"_joinchat":[],"footnotes":""},"categories":[278],"tags":[555,46],"class_list":["post-12325","post","type-post","status-publish","format-standard","has-post-thumbnail","hentry","category-economia","tag-edicion-146","tag-energia"],"_links":{"self":[{"href":"https:\/\/tribunavm.com.ar\/index.php\/wp-json\/wp\/v2\/posts\/12325"}],"collection":[{"href":"https:\/\/tribunavm.com.ar\/index.php\/wp-json\/wp\/v2\/posts"}],"about":[{"href":"https:\/\/tribunavm.com.ar\/index.php\/wp-json\/wp\/v2\/types\/post"}],"author":[{"embeddable":true,"href":"https:\/\/tribunavm.com.ar\/index.php\/wp-json\/wp\/v2\/users\/2"}],"replies":[{"embeddable":true,"href":"https:\/\/tribunavm.com.ar\/index.php\/wp-json\/wp\/v2\/comments?post=12325"}],"version-history":[{"count":1,"href":"https:\/\/tribunavm.com.ar\/index.php\/wp-json\/wp\/v2\/posts\/12325\/revisions"}],"predecessor-version":[{"id":12328,"href":"https:\/\/tribunavm.com.ar\/index.php\/wp-json\/wp\/v2\/posts\/12325\/revisions\/12328"}],"wp:featuredmedia":[{"embeddable":true,"href":"https:\/\/tribunavm.com.ar\/index.php\/wp-json\/wp\/v2\/media\/12327"}],"wp:attachment":[{"href":"https:\/\/tribunavm.com.ar\/index.php\/wp-json\/wp\/v2\/media?parent=12325"}],"wp:term":[{"taxonomy":"category","embeddable":true,"href":"https:\/\/tribunavm.com.ar\/index.php\/wp-json\/wp\/v2\/categories?post=12325"},{"taxonomy":"post_tag","embeddable":true,"href":"https:\/\/tribunavm.com.ar\/index.php\/wp-json\/wp\/v2\/tags?post=12325"}],"curies":[{"name":"wp","href":"https:\/\/api.w.org\/{rel}","templated":true}]}}