{"id":12431,"date":"2025-02-21T20:39:16","date_gmt":"2025-02-21T20:39:16","guid":{"rendered":"https:\/\/tribunavm.com.ar\/?p=12431"},"modified":"2025-02-21T21:44:34","modified_gmt":"2025-02-21T21:44:34","slug":"resistencia-a-la-privatizacion-epec","status":"publish","type":"post","link":"https:\/\/tribunavm.com.ar\/index.php\/2025\/02\/21\/resistencia-a-la-privatizacion-epec\/","title":{"rendered":"Resistencia a la privatizaci\u00f3n de EPEC"},"content":{"rendered":"<div class=\"row clearfix\">\n<div class=\"col-md-8\">\n<p><span style=\"color: #212121; font-size: 1.5em; letter-spacing: -0.01em;\">Los trabajadores combaten la privatizaci\u00f3n de la empresa provincial mediante acciones judiciales y organizan una marcha la pr\u00f3xima semana.<\/span><\/p>\n<p><span style=\"font-weight: 400;\"><span style=\"font-size: 15px;\"><span class=\"dropcap \" style=\"background-color: #ffffff; color: #dd9933; border-color: #ffffff;\">E<\/span>l miercoles pasado se llev\u00f3 a cabo en la ciudad de C\u00f3rdoba una conferencia de prensa organizada por el sindicato <\/span><b style=\"color: #333333; font-size: 15px;\">Luz y Fuerza (LyF)<\/b><span style=\"font-size: 15px;\"> en la que se rechaz\u00f3 la <\/span><b style=\"color: #333333; font-size: 15px;\">conversi\u00f3n de la empresa de energ\u00eda<\/b> <b style=\"color: #333333; font-size: 15px;\">EPEC en una Sociedad An\u00f3nima (S.A),<\/b><span style=\"font-size: 15px;\"> al tiempo que se anunci\u00f3 una <\/span><b style=\"color: #333333; font-size: 15px;\">movilizaci\u00f3n para el jueves pr\u00f3ximo.<\/b><\/span><\/p>\n<p><b>En la conferencia estuvieron presentes integrantes de la CGT C\u00f3rdoba, las CTAs, y Mesa de Trabajo por los DDHH, adem\u00e1s del cuerpo de delegados del sindicato lucifuercista.<\/b><\/p>\n<p><span style=\"font-weight: 400;\">Durante la misma, el secretario general de LyF, <\/span><b>Jorge Molina Herrera,<\/b><span style=\"font-weight: 400;\"> argument\u00f3 que la decisi\u00f3n que impulsa el ejecutivo provincial viola el principio de seguridad jur\u00eddica en tanto est\u00e1 fundado en el DNU 70\/2023 caracterizado como inconstitucional. <\/span><span style=\"font-weight: 400;\">A su vez, aclar\u00f3 que la estrategia judicial consiste en la presentaci\u00f3n de un <\/span><b>recurso de amparo, preventivo y cautelar <\/b><span style=\"font-weight: 400;\">ante la C\u00e1mara Contencioso Administrativo de C\u00f3rdoba<\/span><\/p>\n<blockquote class=\"pullquote align-right\">\n<p style=\"text-align: right;\"><a href=\"https:\/\/tribunavm.com.ar\/index.php\/2025\/02\/10\/conflicto-de-alta-tension\/\"><span style=\"font-weight: 400;\"><strong><span style=\"color: #ff9900;\">Conflicto de alta tensi\u00f3n<\/span><\/strong><\/span><\/a><\/p>\n<\/blockquote>\n<p><span style=\"font-weight: 400;\">Las acciones de lucha de los lucifuercistas avanzan por diversos frentes. El pasado mi\u00e9rcoles 12 de febrero se realiz\u00f3 un acto en la sede del sindicato para rechazar la conversi\u00f3n bajo la consigna \u201cSOCIEDAD AN\u00d3NIMA = PRIVATIZACI\u00d3N\u201d.<\/span><\/p>\n<p><span style=\"font-weight: 400;\">En el lugar, el dirigente Tomas Di Toffino expres\u00f3: \u201cAhora vienen con las mismas recetas de saqueo y expropiaci\u00f3n, en cambio los trabajadores lucifueristas tenemos la concepci\u00f3n de que <\/span><b>el acceso a la energ\u00eda es un derecho humano y no una mercanc\u00eda<\/b><span style=\"font-weight: 400;\">, es la gran diferencia con lo que pasa en Buenos Aires\u201d.<\/span><\/p>\n<p><span style=\"font-weight: 400;\">Por su parte, el secretario Molina Herrera, sostuvo que \u201cdesde el advenimiento <\/span><b>de la democracia a la fecha,<\/b> <b>es el quinto intento de quedarse con nuestra empresa\u201d<\/b><span style=\"font-weight: 400;\">, al tiempo que consider\u00f3 que esta \u201ciniciativa de privatizar la EPEC de ninguna manera se trata de un hecho aislado, se da en un contexto en que la arremetida libertaria viene por todos los argentinos, por los jubilados, los estudiantes, los trabajadores, la salud\u201d.<\/span><\/p>\n<p style=\"text-align: left;\"><b>En Villa Mar\u00eda<\/b><span style=\"font-weight: 400;\">, la regional de<\/span><b> Luz y Fuerza<\/b><span style=\"font-weight: 400;\"> emiti\u00f3 una comunicaci\u00f3n titulada \u201c<span style=\"color: #ff9900;\"><a style=\"color: #ff9900;\" href=\"https:\/\/www.instagram.com\/p\/DF-22LuONkf\/?utm_source=ig_embed&amp;amp%3Butm_campaign=loading\">Un camino inteligente y responsable<\/a><\/span>\u201d. En la misiva sostiene que la coyuntura de la empresa est\u00e1 signada por la adecuaci\u00f3n a las normativas impuestas por el Gobierno Nacional aludiendo al DNU 70\/2023. En ese sentido, expresa que las empresas indefectiblemente tendr\u00e1n que adecuarse y pasar a ser sociedades an\u00f3nimas.<\/span><\/p>\n<p style=\"text-align: left;\"><span style=\"font-weight: 400;\">Ante ello, \u201csi bien no estamos de acuerdo con este cambio, entendemos que no se plantea como una posibilidad, sino un hecho concreto que est\u00e1 m\u00e1s all\u00e1 de nuestra oposici\u00f3n. Es por ello que estrat\u00e9gicamente creemos conveniente sentarnos en la mesa de di\u00e1logo\u201d, para salvaguardar los intereses de los trabajadores planteados en el Convenio Colectivo de Trabajo (CCT), sostienen desde el sindicato.<\/span><\/p>\n<p><span style=\"color: #ff9900;\"><b>Historia de la privatizaci\u00f3n<\/b><\/span><\/p>\n<figure id=\"attachment_12432\" aria-describedby=\"caption-attachment-12432\" style=\"width: 1024px\" class=\"wp-caption alignnone\"><img loading=\"lazy\" decoding=\"async\" class=\"wp-image-12432 size-large\" src=\"https:\/\/tribunavm.com.ar\/wp-content\/uploads\/2025\/02\/LUZ-Y-FUERZA-2019-ALLANAN-1024x576.jpg\" alt=\"\" width=\"1024\" height=\"576\" srcset=\"https:\/\/tribunavm.com.ar\/wp-content\/uploads\/2025\/02\/LUZ-Y-FUERZA-2019-ALLANAN-1024x576.jpg 1024w, https:\/\/tribunavm.com.ar\/wp-content\/uploads\/2025\/02\/LUZ-Y-FUERZA-2019-ALLANAN-300x169.jpg 300w, https:\/\/tribunavm.com.ar\/wp-content\/uploads\/2025\/02\/LUZ-Y-FUERZA-2019-ALLANAN-768x432.jpg 768w, https:\/\/tribunavm.com.ar\/wp-content\/uploads\/2025\/02\/LUZ-Y-FUERZA-2019-ALLANAN-750x422.jpg 750w, https:\/\/tribunavm.com.ar\/wp-content\/uploads\/2025\/02\/LUZ-Y-FUERZA-2019-ALLANAN-1140x641.jpg 1140w, https:\/\/tribunavm.com.ar\/wp-content\/uploads\/2025\/02\/LUZ-Y-FUERZA-2019-ALLANAN.jpg 1200w\" sizes=\"(max-width: 1024px) 100vw, 1024px\" \/><figcaption id=\"caption-attachment-12432\" class=\"wp-caption-text\">El martes 17 de septiembre del 2019 se produce un allanamiento en la sede sindical de LyF en C\u00f3rdoba.<\/figcaption><\/figure>\n<p><span style=\"font-weight: 400;\">Los aludidos intentos de privatizaci\u00f3n mencionados por Molina Herrera nos remiten a 1993 cuando por entonces el gobernador provincial, Eduardo Angeloz, lanz\u00f3 el proyecto de conversi\u00f3n de EPEC en una S.A, hecho que fue frenado con un paro de 48 horas de LyF. Episodio que se repiti\u00f3 en 1995 cuando Angeloz intent\u00f3 dividir la empresa en las \u00e1reas de generaci\u00f3n y distribuci\u00f3n, m\u00e1s la tercerizaci\u00f3n de los medidores.<\/span><\/p>\n<p><span style=\"font-weight: 400;\">Para el a\u00f1o 2000, Uni\u00f3n por C\u00f3rdoba impuls\u00f3 la aprobaci\u00f3n de la Reforma del Estado en la unicameral en que se plante\u00f3 la venta de EPEC y el Banco de C\u00f3rdoba (BANCOR). Con semanas intensas de lucha, los trabajadores estatales logran frenar el proyecto que ser\u00eda dado de baja en noviembre del 2001.<\/span><\/p>\n<p><span style=\"font-weight: 400;\">Y, el caso m\u00e1s reciente, remite al a\u00f1o 2018, cuando el directorio propuso la divisi\u00f3n de la empresa en las \u00e1reas de generaci\u00f3n, distribuci\u00f3n y comercializaci\u00f3n. Luego de este episodio vendr\u00e1n los ataques directos contra la organizaci\u00f3n sindical, con allanamientos al sindicato y modificaciones al convenio colectivo de trabajo.<\/span><\/p>\n<p style=\"text-align: left;\">\n<\/div>\n<\/div>\n","protected":false},"excerpt":{"rendered":"<p>Los trabajadores combaten la privatizaci\u00f3n de la empresa provincial mediante acciones judiciales y organizan una marcha la pr\u00f3xima semana.<\/p>\n","protected":false},"author":2,"featured_media":12439,"comment_status":"open","ping_status":"open","sticky":false,"template":"","format":"standard","meta":{"_exactmetrics_skip_tracking":false,"_exactmetrics_sitenote_active":false,"_exactmetrics_sitenote_note":"","_exactmetrics_sitenote_category":0,"jnews-multi-image_gallery":[],"jnews_single_post":{"format":"standard","override":[{"template":"5","parallax":"1","fullscreen":"1","layout":"right-sidebar","sidebar":"default-sidebar","second_sidebar":"default-sidebar","sticky_sidebar":"1","share_position":"hide","share_float_style":"share-monocrhome","show_featured":"1","show_post_meta":"1","show_post_author_image":"1","show_post_date":"1","post_date_format":"custom","post_date_format_custom":"d-m-Y","show_post_category":"1","post_reading_time_wpm":"300","post_calculate_word_method":"count_blank","show_zoom_button":"0","zoom_button_out_step":"2","zoom_button_in_step":"3","show_post_tag":"1","number_popup_post":"1","show_author_box":"0","show_post_related":"1"}],"image_override":[{"single_post_thumbnail_size":"crop-500","single_post_gallery_size":"crop-500"}],"trending_post_position":"meta","trending_post_label":"Trending","sponsored_post_label":"Sponsored by","disable_ad":"0"},"jnews_primary_category":[],"jnews_social_meta":[],"jnews_override_counter":{"view_counter_number":"0","share_counter_number":"0","like_counter_number":"0","dislike_counter_number":"0"},"_joinchat":[],"footnotes":""},"categories":[22],"tags":[559,46],"class_list":["post-12431","post","type-post","status-publish","format-standard","has-post-thumbnail","hentry","category-actualidad","tag-edicion-147","tag-energia"],"_links":{"self":[{"href":"https:\/\/tribunavm.com.ar\/index.php\/wp-json\/wp\/v2\/posts\/12431"}],"collection":[{"href":"https:\/\/tribunavm.com.ar\/index.php\/wp-json\/wp\/v2\/posts"}],"about":[{"href":"https:\/\/tribunavm.com.ar\/index.php\/wp-json\/wp\/v2\/types\/post"}],"author":[{"embeddable":true,"href":"https:\/\/tribunavm.com.ar\/index.php\/wp-json\/wp\/v2\/users\/2"}],"replies":[{"embeddable":true,"href":"https:\/\/tribunavm.com.ar\/index.php\/wp-json\/wp\/v2\/comments?post=12431"}],"version-history":[{"count":5,"href":"https:\/\/tribunavm.com.ar\/index.php\/wp-json\/wp\/v2\/posts\/12431\/revisions"}],"predecessor-version":[{"id":12442,"href":"https:\/\/tribunavm.com.ar\/index.php\/wp-json\/wp\/v2\/posts\/12431\/revisions\/12442"}],"wp:featuredmedia":[{"embeddable":true,"href":"https:\/\/tribunavm.com.ar\/index.php\/wp-json\/wp\/v2\/media\/12439"}],"wp:attachment":[{"href":"https:\/\/tribunavm.com.ar\/index.php\/wp-json\/wp\/v2\/media?parent=12431"}],"wp:term":[{"taxonomy":"category","embeddable":true,"href":"https:\/\/tribunavm.com.ar\/index.php\/wp-json\/wp\/v2\/categories?post=12431"},{"taxonomy":"post_tag","embeddable":true,"href":"https:\/\/tribunavm.com.ar\/index.php\/wp-json\/wp\/v2\/tags?post=12431"}],"curies":[{"name":"wp","href":"https:\/\/api.w.org\/{rel}","templated":true}]}}