{"id":12443,"date":"2025-02-24T00:20:06","date_gmt":"2025-02-24T00:20:06","guid":{"rendered":"https:\/\/tribunavm.com.ar\/?p=12443"},"modified":"2025-02-22T17:28:55","modified_gmt":"2025-02-22T17:28:55","slug":"basura-a-metros-del-algarrobal","status":"publish","type":"post","link":"https:\/\/tribunavm.com.ar\/index.php\/2025\/02\/24\/basura-a-metros-del-algarrobal\/","title":{"rendered":"Basura a metros del Algarrobal"},"content":{"rendered":"<div class=\"row clearfix\">\n<div class=\"col-md-8\">\n<p><span style=\"color: #212121; font-size: 1.5em; letter-spacing: -0.01em;\">Una asamblea de vecinos reclama la derogaci\u00f3n de la ordenanza municipal que avala la instalaci\u00f3n de un centro de transferencia de residuos en las proximidades del bosque nativo.\u00a0\u00a0<\/span><\/p>\n<p><span style=\"font-weight: 400;\"><span class=\"dropcap \" style=\"background-color: #ffffff; color: #dd9933; border-color: #ffffff;\">U<\/span>na asamblea de vecinos junto a estudiantes y docentes de la Universidad Nacional de Villa Mar\u00eda (UNVM), <\/span><b>se reunieron el jueves pasado al mediod\u00eda frente al Concejo Deliberante para reclamar por la derogaci\u00f3n de la <\/b><span style=\"color: #ff9900;\"><a style=\"color: #ff9900;\" href=\"https:\/\/digesto.concejovillamaria.gob.ar\/media\/Ordenanza\/2024\/8175\/pdf.pdf\"><b>Ordenanza 8175<\/b><\/a><\/span><span style=\"font-weight: 400;\">.\u00a0<\/span><\/p>\n<blockquote class=\"pullquote align-right\"><p><a href=\"https:\/\/tribunavm.com.ar\/index.php\/2025\/01\/07\/vecinos-se-manifestaron-contra-el-basural-a-cielo-abierto\/\"><span style=\"font-weight: 400;\"><strong><span style=\"color: #ff9900;\">Basural a cielo abierto<\/span><\/strong><\/span><\/a><\/p><\/blockquote>\n<p><span style=\"font-weight: 400;\">La normativa fue aprobada a finales de 2024 autorizando la instalaci\u00f3n de un Centro de Transferencia de Residuos S\u00f3lidos Urbanos en el Barrio Malvinas Argentinas,\u00a0 a metros del Algarrobal, un predio que comprende 23 hect\u00e1reas de monte y por el cual desde la asamblea ambiental hab\u00edan presentado un proyecto en 2018 para que fuera declarado como reserva natural, pero la propuesta fue rechazada.<\/span><\/p>\n<p><span style=\"font-weight: 400;\">Ana Guzm\u00e1n, docente de la Licenciatura en Ambiente y Energ\u00edas Renovables de la UNVM, explic\u00f3 que \u201cnuestra intenci\u00f3n es que se haga un proyecto acompa\u00f1ado con el aval de la comunidad, que contemple el entorno y las condiciones del espacio que no est\u00e1n consideradas en la Ordenanza\u201d.<\/span><\/p>\n<figure id=\"attachment_12444\" aria-describedby=\"caption-attachment-12444\" style=\"width: 360px\" class=\"wp-caption aligncenter\"><img loading=\"lazy\" decoding=\"async\" class=\"wp-image-12444 size-jnews-360x504\" src=\"https:\/\/tribunavm.com.ar\/wp-content\/uploads\/2025\/02\/Ana-360x504.jpeg\" alt=\"\" width=\"360\" height=\"504\" \/><figcaption id=\"caption-attachment-12444\" class=\"wp-caption-text\">Ana Guzman, docente e investigadora de la UNVM declarando ante la prensa local.<\/figcaption><\/figure>\n<p><span style=\"font-weight: 400;\">En cuanto a las medidas que estuvieron realizando, declararon que se presentaron notas ante la Secretar\u00eda de Obras P\u00fablicas y Ambiente y al Concejo Deliberante para coordinar reuniones. Adem\u00e1s, dialogaron con personal del Ministerio de Ambiente y Econom\u00eda Circular del gobierno provincial, quienes manifestaron no estar informados de este proyecto. Finalmente, realizaron una marcha en enero frente al municipio para visibilizar el reclamo.\u00a0<\/span><\/p>\n<p><span style=\"font-weight: 400;\">Ante los reclamos, Guzman asegur\u00f3 que desde el Concejo negaron que el espacio se transforme en basural, sino que \u201cser\u00e1 utilizado para escombros\u201d. Sin embargo, aclar\u00f3 que si se rige por lo que est\u00e1 escrito en la documentaci\u00f3n del proyecto \u201cen ning\u00fan lado dice que no van a ser residuos s\u00f3lidos urbanos o que van a ser solo escombros\u201d.<\/span><\/p>\n<\/div>\n<\/div>\n","protected":false},"excerpt":{"rendered":"<p>Una asamblea de vecinos reclama la derogaci\u00f3n de la ordenanza municipal que avala la instalaci\u00f3n de un centro de transferencia de residuos en las proximidades del bosque nativo.\u00a0<\/p>\n","protected":false},"author":2,"featured_media":12445,"comment_status":"open","ping_status":"open","sticky":false,"template":"","format":"standard","meta":{"_exactmetrics_skip_tracking":false,"_exactmetrics_sitenote_active":false,"_exactmetrics_sitenote_note":"","_exactmetrics_sitenote_category":0,"jnews-multi-image_gallery":[],"jnews_single_post":{"format":"standard","override":[{"template":"5","parallax":"1","fullscreen":"1","layout":"right-sidebar","sidebar":"default-sidebar","second_sidebar":"default-sidebar","sticky_sidebar":"1","share_position":"hide","share_float_style":"share-monocrhome","show_featured":"1","show_post_meta":"1","show_post_author_image":"1","show_post_date":"1","post_date_format":"custom","post_date_format_custom":"d-m-Y","show_post_category":"1","post_reading_time_wpm":"300","post_calculate_word_method":"count_blank","show_zoom_button":"0","zoom_button_out_step":"2","zoom_button_in_step":"3","show_post_tag":"1","number_popup_post":"1","show_author_box":"0","show_post_related":"1"}],"image_override":[{"single_post_thumbnail_size":"crop-500","single_post_gallery_size":"crop-500"}],"trending_post_position":"meta","trending_post_label":"Trending","sponsored_post_label":"Sponsored by","disable_ad":"0"},"jnews_primary_category":[],"jnews_social_meta":[],"jnews_override_counter":{"view_counter_number":"0","share_counter_number":"0","like_counter_number":"0","dislike_counter_number":"0"},"_joinchat":[],"footnotes":""},"categories":[27],"tags":[559],"class_list":["post-12443","post","type-post","status-publish","format-standard","has-post-thumbnail","hentry","category-local","tag-edicion-147"],"_links":{"self":[{"href":"https:\/\/tribunavm.com.ar\/index.php\/wp-json\/wp\/v2\/posts\/12443"}],"collection":[{"href":"https:\/\/tribunavm.com.ar\/index.php\/wp-json\/wp\/v2\/posts"}],"about":[{"href":"https:\/\/tribunavm.com.ar\/index.php\/wp-json\/wp\/v2\/types\/post"}],"author":[{"embeddable":true,"href":"https:\/\/tribunavm.com.ar\/index.php\/wp-json\/wp\/v2\/users\/2"}],"replies":[{"embeddable":true,"href":"https:\/\/tribunavm.com.ar\/index.php\/wp-json\/wp\/v2\/comments?post=12443"}],"version-history":[{"count":1,"href":"https:\/\/tribunavm.com.ar\/index.php\/wp-json\/wp\/v2\/posts\/12443\/revisions"}],"predecessor-version":[{"id":12446,"href":"https:\/\/tribunavm.com.ar\/index.php\/wp-json\/wp\/v2\/posts\/12443\/revisions\/12446"}],"wp:featuredmedia":[{"embeddable":true,"href":"https:\/\/tribunavm.com.ar\/index.php\/wp-json\/wp\/v2\/media\/12445"}],"wp:attachment":[{"href":"https:\/\/tribunavm.com.ar\/index.php\/wp-json\/wp\/v2\/media?parent=12443"}],"wp:term":[{"taxonomy":"category","embeddable":true,"href":"https:\/\/tribunavm.com.ar\/index.php\/wp-json\/wp\/v2\/categories?post=12443"},{"taxonomy":"post_tag","embeddable":true,"href":"https:\/\/tribunavm.com.ar\/index.php\/wp-json\/wp\/v2\/tags?post=12443"}],"curies":[{"name":"wp","href":"https:\/\/api.w.org\/{rel}","templated":true}]}}