{"id":12478,"date":"2025-02-24T00:54:46","date_gmt":"2025-02-24T00:54:46","guid":{"rendered":"https:\/\/tribunavm.com.ar\/?p=12478"},"modified":"2025-02-22T20:03:35","modified_gmt":"2025-02-22T20:03:35","slug":"huelgas-en-el-sector-petrolero","status":"publish","type":"post","link":"https:\/\/tribunavm.com.ar\/index.php\/2025\/02\/24\/huelgas-en-el-sector-petrolero\/","title":{"rendered":"Huelgas en el sector petrolero"},"content":{"rendered":"<div class=\"row clearfix\">\n<div class=\"col-md-8\">\n<p><span style=\"color: #212121; font-size: 1.5em; letter-spacing: -0.01em;\">En Chubut una operadora de servicios anunci\u00f3 que se retira despidiendo 260 operarios, mientras que en Santa Cruz YPF est\u00e1 vendiendo sus pozos.<\/span><\/p>\n<p><span style=\"font-weight: 400;\"><span class=\"dropcap \" style=\"background-color: #ffffff; color: #dd9933; border-color: #ffffff;\">E<\/span>l mi\u00e9rcoles pasado, la empresa Halliburton, anunci\u00f3 el cierre de sus sedes en el pa\u00eds y despidi\u00f3 a 260 trabajadores que empleaba en la provincia de Chubut. A ra\u00edz de la noticia, el <\/span><b>Sindicato de Petroleros Privados,<\/b><span style=\"font-weight: 400;\"> realiz\u00f3 una concentraci\u00f3n en la puerta de la empresa en Comodoro Rivadavia y una presentaci\u00f3n ante el Ministerio de Trabajo, que dict\u00f3 la conciliaci\u00f3n obligatoria en el conflicto.<\/span><\/p>\n<p><span style=\"font-weight: 400;\">\u201cSi despu\u00e9s de la conciliaci\u00f3n obligatoria no se arriba a ninguna soluci\u00f3n, habr\u00e1 <\/span><b>paro general de actividades en todos los yacimientos<\/b><span style=\"font-weight: 400;\">\u201d, afirm\u00f3 el secretario adjunto del Sindicato Privado de Petr\u00f3leo y Gas de Chubut, Carlos G\u00f3mez.<\/span><\/p>\n<figure id=\"attachment_12479\" aria-describedby=\"caption-attachment-12479\" style=\"width: 750px\" class=\"wp-caption alignnone\"><img loading=\"lazy\" decoding=\"async\" class=\"wp-image-12479 size-jnews-featured-750\" src=\"https:\/\/tribunavm.com.ar\/wp-content\/uploads\/2025\/02\/halliburton-2-750x422.png\" alt=\"\" width=\"750\" height=\"422\" srcset=\"https:\/\/tribunavm.com.ar\/wp-content\/uploads\/2025\/02\/halliburton-2-750x422.png 750w, https:\/\/tribunavm.com.ar\/wp-content\/uploads\/2025\/02\/halliburton-2-300x169.png 300w, https:\/\/tribunavm.com.ar\/wp-content\/uploads\/2025\/02\/halliburton-2-1024x576.png 1024w, https:\/\/tribunavm.com.ar\/wp-content\/uploads\/2025\/02\/halliburton-2-768x432.png 768w, https:\/\/tribunavm.com.ar\/wp-content\/uploads\/2025\/02\/halliburton-2-1140x641.png 1140w, https:\/\/tribunavm.com.ar\/wp-content\/uploads\/2025\/02\/halliburton-2.png 1200w\" sizes=\"(max-width: 750px) 100vw, 750px\" \/><figcaption id=\"caption-attachment-12479\" class=\"wp-caption-text\">La empresa radicada en Texas, EE.UU. se ocupa del dise\u00f1o, fabricaci\u00f3n y mantenimiento de equipos para la producci\u00f3n de gas y petr\u00f3leo.<\/figcaption><\/figure>\n<p><span style=\"font-weight: 400;\">El conflicto se da en paralelo a la disputa que mantienen los petroleros en <\/span><b>Santa Cruz, d\u00f3nde YPF anunci\u00f3 que se retira de los yacimientos al norte de la provincia<\/b><span style=\"font-weight: 400;\">, decisi\u00f3n que hab\u00eda sido comunicada en enero junto al lanzamiento de un programa de retiros voluntarios.<\/span><\/p>\n<blockquote class=\"pullquote align-right\"><p><strong><span style=\"color: #ff9900;\"><a style=\"color: #ff9900;\" href=\"https:\/\/tribunavm.com.ar\/index.php\/2024\/12\/09\/la-riqueza-que-se-va\/\">La riqueza que se va<\/a><\/span><\/strong><\/p><\/blockquote>\n<p><span style=\"font-weight: 400;\">Ante ello, el mi\u00e9rcoles 12, el <\/span><b>Sindicato del Petr\u00f3leo y Gas Privado y Energ\u00edas Renovables de Santa Cruz lanz\u00f3 un paro por tiempo indeterminado<\/b><span style=\"font-weight: 400;\"> para adelantar las paritarias, forzar la salida definitiva de YPF para que las empresas que tomen la producci\u00f3n incorporen a los trabajadores.\u00a0<\/span><\/p>\n<p><span style=\"font-weight: 400;\">El secretario general del gremio, Rafael G\u00fcenchenen, cuestion\u00f3 el accionar de YPF: \u201cSi ya tomaron la decisi\u00f3n de irse, que lo hagan r\u00e1pido. No queremos esta YPF que solo genera desocupaci\u00f3n\u201d, declar\u00f3 G\u00fcenchenen. Luego del anuncio, la Secretaria de Trabajo de la Naci\u00f3n dict\u00f3 una conciliaci\u00f3n obligatoria.<\/span><\/p>\n<\/div>\n<\/div>\n","protected":false},"excerpt":{"rendered":"<p>En Chubut una operadora de servicios anunci\u00f3 que se retira despidiendo 260 operarios, mientras que en Santa Cruz YPF est\u00e1 vendiendo sus pozos.<\/p>\n","protected":false},"author":2,"featured_media":12480,"comment_status":"open","ping_status":"open","sticky":false,"template":"","format":"standard","meta":{"_exactmetrics_skip_tracking":false,"_exactmetrics_sitenote_active":false,"_exactmetrics_sitenote_note":"","_exactmetrics_sitenote_category":0,"jnews-multi-image_gallery":[],"jnews_single_post":{"format":"standard","override":[{"template":"5","parallax":"1","fullscreen":"1","layout":"right-sidebar","sidebar":"default-sidebar","second_sidebar":"default-sidebar","sticky_sidebar":"1","share_position":"hide","share_float_style":"share-monocrhome","show_featured":"1","show_post_meta":"1","show_post_author_image":"1","show_post_date":"1","post_date_format":"custom","post_date_format_custom":"d-m-Y","show_post_category":"1","post_reading_time_wpm":"300","post_calculate_word_method":"count_blank","show_zoom_button":"0","zoom_button_out_step":"2","zoom_button_in_step":"3","show_post_tag":"1","number_popup_post":"1","show_author_box":"0","show_post_related":"1"}],"image_override":[{"single_post_thumbnail_size":"crop-500","single_post_gallery_size":"crop-500"}],"trending_post_position":"meta","trending_post_label":"Trending","sponsored_post_label":"Sponsored by","disable_ad":"0"},"jnews_primary_category":[],"jnews_social_meta":[],"jnews_override_counter":{"view_counter_number":"0","share_counter_number":"0","like_counter_number":"0","dislike_counter_number":"0"},"_joinchat":[],"footnotes":""},"categories":[22],"tags":[559,46],"class_list":["post-12478","post","type-post","status-publish","format-standard","has-post-thumbnail","hentry","category-actualidad","tag-edicion-147","tag-energia"],"_links":{"self":[{"href":"https:\/\/tribunavm.com.ar\/index.php\/wp-json\/wp\/v2\/posts\/12478"}],"collection":[{"href":"https:\/\/tribunavm.com.ar\/index.php\/wp-json\/wp\/v2\/posts"}],"about":[{"href":"https:\/\/tribunavm.com.ar\/index.php\/wp-json\/wp\/v2\/types\/post"}],"author":[{"embeddable":true,"href":"https:\/\/tribunavm.com.ar\/index.php\/wp-json\/wp\/v2\/users\/2"}],"replies":[{"embeddable":true,"href":"https:\/\/tribunavm.com.ar\/index.php\/wp-json\/wp\/v2\/comments?post=12478"}],"version-history":[{"count":1,"href":"https:\/\/tribunavm.com.ar\/index.php\/wp-json\/wp\/v2\/posts\/12478\/revisions"}],"predecessor-version":[{"id":12481,"href":"https:\/\/tribunavm.com.ar\/index.php\/wp-json\/wp\/v2\/posts\/12478\/revisions\/12481"}],"wp:featuredmedia":[{"embeddable":true,"href":"https:\/\/tribunavm.com.ar\/index.php\/wp-json\/wp\/v2\/media\/12480"}],"wp:attachment":[{"href":"https:\/\/tribunavm.com.ar\/index.php\/wp-json\/wp\/v2\/media?parent=12478"}],"wp:term":[{"taxonomy":"category","embeddable":true,"href":"https:\/\/tribunavm.com.ar\/index.php\/wp-json\/wp\/v2\/categories?post=12478"},{"taxonomy":"post_tag","embeddable":true,"href":"https:\/\/tribunavm.com.ar\/index.php\/wp-json\/wp\/v2\/tags?post=12478"}],"curies":[{"name":"wp","href":"https:\/\/api.w.org\/{rel}","templated":true}]}}