{"id":12577,"date":"2025-03-10T00:22:27","date_gmt":"2025-03-10T00:22:27","guid":{"rendered":"https:\/\/tribunavm.com.ar\/?p=12577"},"modified":"2025-03-10T11:09:09","modified_gmt":"2025-03-10T11:09:09","slug":"se-definen-los-jueces-que-integraran-la-corte-suprema","status":"publish","type":"post","link":"https:\/\/tribunavm.com.ar\/index.php\/2025\/03\/10\/se-definen-los-jueces-que-integraran-la-corte-suprema\/","title":{"rendered":"Se definen los jueces que integrar\u00e1n la Corte Suprema"},"content":{"rendered":"<div class=\"row clearfix\">\n<div class=\"col-md-8\">\n<p><span style=\"color: #212121; font-size: 1.5em; letter-spacing: -0.01em;\">El Gobierno design\u00f3 por decreto a Lijo y Garcia-Mansilla para integrar la Corte. Parad\u00f3jicamente, la asunci\u00f3n de Lijo fue rechazada por Garcia-Mansilla.<\/span><\/p>\n<p><span style=\"font-weight: 400;\"><span class=\"dropcap \" style=\"background-color: #ffffff; color: #dd9933; border-color: #ffffff;\">E<\/span>n febrero, el presidente Javier Milei firm\u00f3 el Decreto 137\/2025 para designar a Ariel Lijo y Manuel Garcia-Mansilla como jueces de la Corte Suprema de la Justicia hasta la finalizaci\u00f3n del pr\u00f3ximo per\u00edodo legislativo.<\/span><\/p>\n<p><span style=\"font-weight: 400;\">En marzo de 2024 el Gobierno los hab\u00eda propuesto para ocupar los cargos vacantes en la Corte, pero la propuesta no fue tratada en la C\u00e1mara de Senadores.<\/span><\/p>\n<p><span style=\"font-weight: 400;\">A trav\u00e9s de X, el Gobierno Nacional justific\u00f3 el nombramiento al argumentar que la Corte \u201cno puede llevar a cabo su rol con normalidad con tan solo tres ministros\u201d. A su vez, apunt\u00f3 contra el Senado al se\u00f1alar que la C\u00e1mara \u201cdebi\u00f3 haber prestado acuerdo a los candidatos propuestos por el Poder Ejecutivo\u201d.\u00a0<\/span><\/p>\n<p><span style=\"font-weight: 400;\">\u201cEl gobierno nacional no tolera ni tolerar\u00e1 que los intereses de la pol\u00edtica se impongan por sobre los del pueblo argentino, bajo ninguna circunstancia\u201d, sentenci\u00f3.<\/span><\/p>\n<p><span style=\"font-weight: 400;\">En este marco, la Uni\u00f3n de Empleados Judiciales de la Naci\u00f3n (UEJN) -sindicato nucleado en la CGT-, asegur\u00f3 en un comunicado que &#8220;los trabajadores y trabajadoras ven con esperanza la designaci\u00f3n por su amplia trayectoria y por sus conocimientos de la Justicia&#8221; y denunci\u00f3 la &#8220;irresponsabilidad del conjunto de las fuerzas pol\u00edticas del Senado&#8221;.<\/span><\/p>\n<figure id=\"attachment_12578\" aria-describedby=\"caption-attachment-12578\" style=\"width: 750px\" class=\"wp-caption alignnone\"><img loading=\"lazy\" decoding=\"async\" class=\"wp-image-12578 size-jnews-750x536\" src=\"https:\/\/tribunavm.com.ar\/wp-content\/uploads\/2025\/03\/fiesta5jpg-750x536.webp\" alt=\"\" width=\"750\" height=\"536\" srcset=\"https:\/\/tribunavm.com.ar\/wp-content\/uploads\/2025\/03\/fiesta5jpg-750x536.webp 750w, https:\/\/tribunavm.com.ar\/wp-content\/uploads\/2025\/03\/fiesta5jpg-120x86.webp 120w, https:\/\/tribunavm.com.ar\/wp-content\/uploads\/2025\/03\/fiesta5jpg-350x250.webp 350w, https:\/\/tribunavm.com.ar\/wp-content\/uploads\/2025\/03\/fiesta5jpg-1140x815.webp 1140w\" sizes=\"(max-width: 750px) 100vw, 750px\" \/><figcaption id=\"caption-attachment-12578\" class=\"wp-caption-text\">El juez Ariel Lijo (centro), junto al secretario de UEJN, Julio Piumato (izquierda), y el referente de Camioneros, Hugo Moyano (derecha).<\/figcaption><\/figure>\n<p><span style=\"font-weight: 400;\">Por su parte, la CTA Aut\u00f3noma y la CTA de los Trabajadores denunciaron que Lijo \u201crecibi\u00f3 m\u00e1s de 30 impugnaciones a su designaci\u00f3n y el juez Garc\u00eda Mansilla, otras 20. Estas son suficientes razones y motivos para que se dude de su idoneidad para encabezar el primer escalaf\u00f3n judicial de la Naci\u00f3n\u201d.<\/span><\/p>\n<p><span style=\"font-weight: 400;\">Para la C\u00e1mara de Comercio de Estados Unidos en Argentina (AmCham), la designaci\u00f3n \u201crepresenta un riesgo potencial para la seguridad jur\u00eddica y el equilibrio institucional que debe regir en una rep\u00fablica democr\u00e1tica\u201d. A su vez, el Instituto para el Desarrollo Empresarial de la Argentina (IDEA) subray\u00f3 que es \u201cresponsabilidad de cada uno de los poderes de la Rep\u00fablica la presentaci\u00f3n de candidatos con fundados antecedentes de probidad, as\u00ed como su debate y aprobaci\u00f3n oportuna\u201d.<\/span><\/p>\n<p><span style=\"font-weight: 400;\">Debido al car\u00e1cter transitorio de la designaci\u00f3n (en noviembre el Senado deber\u00eda prestar su acuerdo a la misma), Lijo pidi\u00f3 una licencia extraordinaria a su cargo como juez federal, aprobada por la C\u00e1mara Federal, para poder asumir en la Corte sin renunciar a su juzgado de primera instancia.\u00a0<\/span><\/p>\n<p><span style=\"font-weight: 400;\">Sin embargo, la Corte Suprema, con el voto de Garcia-Mansilla, rechaz\u00f3 por mayor\u00eda la licencia. \u201cLa Constituci\u00f3n Nacional no admite que una misma persona sea titular de dos cargos simult\u00e1neamente\u201d, argumentaron los jueces Garcia-Mansilla, Horacio Rosatti y Carlos Rosenkrantz en la resoluci\u00f3n, en la que se abstuvo Ricardo Lorenzetti.<\/span><\/p>\n<\/div>\n<\/div>\n","protected":false},"excerpt":{"rendered":"<p>El Gobierno design\u00f3 por decreto a Lijo y Garcia-Mansilla para integrar la Corte Suprema. Parad\u00f3jicamente, la asunci\u00f3n de Lijo fue rechazada por Garcia-Mansilla.<\/p>\n","protected":false},"author":2,"featured_media":12579,"comment_status":"open","ping_status":"open","sticky":false,"template":"","format":"standard","meta":{"_exactmetrics_skip_tracking":false,"_exactmetrics_sitenote_active":false,"_exactmetrics_sitenote_note":"","_exactmetrics_sitenote_category":0,"jnews-multi-image_gallery":[],"jnews_single_post":{"format":"standard","override":[{"template":"5","parallax":"1","fullscreen":"1","layout":"right-sidebar","sidebar":"default-sidebar","second_sidebar":"default-sidebar","sticky_sidebar":"1","share_position":"hide","share_float_style":"share-monocrhome","show_featured":"1","show_post_meta":"1","show_post_author_image":"1","show_post_date":"1","post_date_format":"custom","post_date_format_custom":"d-m-Y","show_post_category":"1","post_reading_time_wpm":"300","post_calculate_word_method":"count_blank","show_zoom_button":"0","zoom_button_out_step":"2","zoom_button_in_step":"3","show_post_tag":"1","number_popup_post":"1","show_author_box":"0","show_post_related":"1"}],"image_override":[{"single_post_thumbnail_size":"crop-500","single_post_gallery_size":"crop-500"}],"trending_post_position":"meta","trending_post_label":"Trending","sponsored_post_label":"Sponsored by","disable_ad":"0"},"jnews_primary_category":[],"jnews_social_meta":[],"jnews_override_counter":{"view_counter_number":"0","share_counter_number":"0","like_counter_number":"0","dislike_counter_number":"0"},"_joinchat":[],"footnotes":""},"categories":[279],"tags":[190,560],"class_list":["post-12577","post","type-post","status-publish","format-standard","has-post-thumbnail","hentry","category-gobierno","tag-cgt","tag-edicion-148"],"_links":{"self":[{"href":"https:\/\/tribunavm.com.ar\/index.php\/wp-json\/wp\/v2\/posts\/12577"}],"collection":[{"href":"https:\/\/tribunavm.com.ar\/index.php\/wp-json\/wp\/v2\/posts"}],"about":[{"href":"https:\/\/tribunavm.com.ar\/index.php\/wp-json\/wp\/v2\/types\/post"}],"author":[{"embeddable":true,"href":"https:\/\/tribunavm.com.ar\/index.php\/wp-json\/wp\/v2\/users\/2"}],"replies":[{"embeddable":true,"href":"https:\/\/tribunavm.com.ar\/index.php\/wp-json\/wp\/v2\/comments?post=12577"}],"version-history":[{"count":1,"href":"https:\/\/tribunavm.com.ar\/index.php\/wp-json\/wp\/v2\/posts\/12577\/revisions"}],"predecessor-version":[{"id":12580,"href":"https:\/\/tribunavm.com.ar\/index.php\/wp-json\/wp\/v2\/posts\/12577\/revisions\/12580"}],"wp:featuredmedia":[{"embeddable":true,"href":"https:\/\/tribunavm.com.ar\/index.php\/wp-json\/wp\/v2\/media\/12579"}],"wp:attachment":[{"href":"https:\/\/tribunavm.com.ar\/index.php\/wp-json\/wp\/v2\/media?parent=12577"}],"wp:term":[{"taxonomy":"category","embeddable":true,"href":"https:\/\/tribunavm.com.ar\/index.php\/wp-json\/wp\/v2\/categories?post=12577"},{"taxonomy":"post_tag","embeddable":true,"href":"https:\/\/tribunavm.com.ar\/index.php\/wp-json\/wp\/v2\/tags?post=12577"}],"curies":[{"name":"wp","href":"https:\/\/api.w.org\/{rel}","templated":true}]}}