{"id":12592,"date":"2025-03-10T05:00:13","date_gmt":"2025-03-10T05:00:13","guid":{"rendered":"https:\/\/tribunavm.com.ar\/?p=12592"},"modified":"2025-03-10T11:14:50","modified_gmt":"2025-03-10T11:14:50","slug":"una-guerra-anunciada","status":"publish","type":"post","link":"https:\/\/tribunavm.com.ar\/index.php\/2025\/03\/10\/una-guerra-anunciada\/","title":{"rendered":"Una guerra anunciada"},"content":{"rendered":"<div class=\"row clearfix\">\n<div class=\"col-md-8\">\n<p><span style=\"color: #212121; font-size: 1.5em; letter-spacing: -0.01em;\">Trump encabeza los esfuerzos por finalizar el enfrentamiento b\u00e9lico con un acuerdo que \u201cbeneficie a los EE.UU\u201d. Se profundizan las contradicciones entre los distintos bloques de poder mundial y la Uni\u00f3n Europea busca mayor autonom\u00eda estrat\u00e9gica.<\/span><\/p>\n<p><span style=\"font-weight: 400;\"><span class=\"dropcap \" style=\"background-color: #ffffff; color: #dd9933; border-color: #ffffff;\">T<\/span>ras la asunci\u00f3n de Trump como presidente, <\/span><b>Estados Unidos adopt\u00f3 inmediatamente una actitud conciliadora ante el conflicto b\u00e9lico en Ucrania<\/b><span style=\"font-weight: 400;\">. Los esfuerzos se dirigieron a crear canales de di\u00e1logo con Rusia, que comenzaron el pasado 18 de febrero, para cerrar un acuerdo que ponga un alto al fuego.<\/span><\/p>\n<p><span style=\"font-weight: 400;\">Seg\u00fan fuentes period\u00edsticas <\/span><b>el mismo implicaba que Ucrania contribuir\u00eda con el 50% de todos los ingresos obtenidos por la exportaci\u00f3n de recursos naturales<\/b><span style=\"font-weight: 400;\"> a un fondo de reconstrucci\u00f3n de propiedad conjunta y administrado por el gobierno estadounidense y ruso. El presidente de Ucrania, Vladimir Zelensky, manifest\u00f3 su descontento por dichas condiciones y protest\u00f3 por no ser parte de la mesa de negociaci\u00f3n inicial.\u00a0<\/span><\/p>\n<p><span style=\"font-weight: 400;\">Trump hab\u00eda declarado que con el acuerdo <\/span><b>\u201crecuperaremos nuestro dinero y obtendremos mucho dinero en el futuro&#8221;<\/b><span style=\"font-weight: 400;\">. En este marco se convoc\u00f3 a una cumbre diplom\u00e1tica en Washington el d\u00eda 27 de febrero para avanzar en las negociaciones con Zelensky. Sin embargo, luego de un intenso cruce frente a los medios de comunicaci\u00f3n, la reuni\u00f3n se trunc\u00f3 y el presidente ucraniano volvi\u00f3 a su pa\u00eds sin avances al respecto.<\/span><\/p>\n<figure id=\"attachment_12596\" aria-describedby=\"caption-attachment-12596\" style=\"width: 1140px\" class=\"wp-caption alignnone\"><img loading=\"lazy\" decoding=\"async\" class=\"wp-image-12596 size-jnews-1140x570\" src=\"https:\/\/tribunavm.com.ar\/wp-content\/uploads\/2025\/03\/71645733_1006-1140x570.jpg\" alt=\"\" width=\"1140\" height=\"570\" srcset=\"https:\/\/tribunavm.com.ar\/wp-content\/uploads\/2025\/03\/71645733_1006-1140x570.jpg 1140w, https:\/\/tribunavm.com.ar\/wp-content\/uploads\/2025\/03\/71645733_1006-360x180.jpg 360w, https:\/\/tribunavm.com.ar\/wp-content\/uploads\/2025\/03\/71645733_1006-750x375.jpg 750w\" sizes=\"(max-width: 1140px) 100vw, 1140px\" \/><figcaption id=\"caption-attachment-12596\" class=\"wp-caption-text\">La cumbre del 18 de febrero se realiz\u00f3 en Arabia Saudita con la presencia del director del Fondo Ruso de Inversiones Directas (FRID), Kiril Dm\u00edtriev, quien present\u00f3 los costos econ\u00f3micos de la salida de Rusia de empresas occidentales tras comenzar el movimiento de tropas.<\/figcaption><\/figure>\n<p><span style=\"color: #ff9900;\"><b>El trasfondo\u00a0<\/b><\/span><\/p>\n<p><span style=\"font-weight: 400;\">Este escenario de recrudecimiento diplom\u00e1tico tiene como trasfondo la colisi\u00f3n de distintos proyectos de poder global para mantener o conquistar posiciones ante sus adversarios.\u00a0<\/span><\/p>\n<p><span style=\"font-weight: 400;\">Partiendo de ello, impulsan o retrasan los acuerdos en funci\u00f3n de si estos les favorecen de cara a futuros enfrentamientos que tender\u00e1n a profundizarse. Al mismo tiempo, <\/span><b>presionan para orientar los beneficios de industrias claves, como la armament\u00edstica, la energ\u00e9tica y los commodities, hacia el circuito de las finanzas globales<\/b><span style=\"font-weight: 400;\">.<\/span><\/p>\n<blockquote class=\"pullquote align-right\"><p><strong><span style=\"color: #ff9900;\"><a style=\"color: #ff9900;\" href=\"https:\/\/tribunavm.com.ar\/index.php\/2025\/02\/24\/el-precio-de-la-paz\/\">El precio de la paz<\/a><\/span><\/strong><\/p><\/blockquote>\n<p><span style=\"font-weight: 400;\">Tal es la situaci\u00f3n que <\/span><b>el enfrentamiento b\u00e9lico tuvo como elemento central la guerra econ\u00f3mica<\/b><span style=\"font-weight: 400;\">: <\/span><a href=\"https:\/\/tribunavm.com.ar\/index.php\/2022\/02\/28\/paneo-internacionales\/\"><span style=\"font-weight: 400;\"><span style=\"color: #ff9900;\">la expulsi\u00f3n de bancos de Rusia del sistema SWIFT<\/span><\/span><\/a><span style=\"font-weight: 400;\">, la prohibici\u00f3n de realizar transacciones en d\u00f3lares, imposiciones de aranceles mutuos con Europa, retirada de empresas, sanciones y corte del suministro de gas (incluyendo el freno de la construcci\u00f3n del gasoducto Nord Stream 2 que transportar\u00eda gas ruso hacia Europa), entre otras.<\/span><\/p>\n<p><span style=\"font-weight: 400;\">Incluso el mismo Larry Fink, CEO de BlackRock, el fondo de inversi\u00f3n m\u00e1s grande del mundo, apenas comenzado el conflicto se ofreci\u00f3 como asesor de Ucrania para captar fondos para la reconstrucci\u00f3n del pa\u00eds <\/span><b>con el objetivo de brindar \u201cun rendimiento justo y equitativo a los inversores\u201d<\/b><span style=\"font-weight: 400;\">.<\/span><\/p>\n<blockquote class=\"pullquote align-right\"><p><span style=\"color: #ff9900;\"><a style=\"color: #ff9900;\" href=\"https:\/\/tribunavm.com.ar\/index.php\/2022\/09\/25\/ucrania-a-la-guerra-blackrock-al-poder\/\"><span style=\"font-weight: 400;\"><strong><span style=\"color: #ff9900;\">Ucrania a la guerra, BlackRock al poder<\/span><\/strong><\/span><\/a><\/span><\/p><\/blockquote>\n<p><span style=\"font-weight: 400;\">El resultado parcial del enfrentamiento <\/span><b>fortaleci\u00f3 la posici\u00f3n de Rusia como actor clave dentro del BRICS<\/b><span style=\"font-weight: 400;\"> (junto a sus instrumentos financieros y bolsa de monedas) y su alianza con otros pa\u00edses como Corea del Norte (del cual recibi\u00f3 apoyo de soldados y armas), Ir\u00e1n o China. Aunque ello le costase retroceder en otras posiciones territoriales, como en el caso de Siria.<\/span><\/p>\n<blockquote class=\"pullquote align-center\"><p><span style=\"color: #ff9900;\"><span style=\"font-weight: 400;\">En Tribuna publicamos sobre ello: <\/span><a style=\"color: #ff9900;\" href=\"https:\/\/tribunavm.com.ar\/index.php\/2024\/12\/09\/lucha-sin-cuartel\/\"><span style=\"font-weight: 400;\">Lucha sin cuartel<\/span><\/a><span style=\"font-weight: 400;\">, <\/span><a style=\"color: #ff9900;\" href=\"https:\/\/tribunavm.com.ar\/index.php\/2024\/07\/01\/acuerdo-estrategico-entre-rusia-y-corea-del-norte\/\"><span style=\"font-weight: 400;\">Acuerdo estrat\u00e9gico entre Rusia y Corea del Norte<\/span><\/a><span style=\"font-weight: 400;\"> y <\/span><a style=\"color: #ff9900;\" href=\"https:\/\/tribunavm.com.ar\/index.php\/2024\/11\/04\/se-fortalece-el-brics-con-el-ingreso-de-nuevos-miembros\/\"><span style=\"font-weight: 400;\">Se fortalece el BRICS con el ingreso de nuevos miembros<\/span><\/a><\/span><\/p><\/blockquote>\n<p><span style=\"font-weight: 400;\">Seg\u00fan el portal Bruegel, en el <\/span><a href=\"https:\/\/www.bruegel.org\/dataset\/russian-foreign-trade-tracker\"><span style=\"font-weight: 400;\"><span style=\"color: #ff9900;\">Rastreador del comercio exterior ruso<\/span><\/span><\/a><span style=\"font-weight: 400;\">, se puede observar c\u00f3mo, luego de la normalizaci\u00f3n post-pandemia,<\/span><b> sus exportaciones -principalmente de combustibles minerales- giraron dr\u00e1sticamente hacia oriente<\/b><span style=\"font-weight: 400;\">, teniendo a China e India como los destinos m\u00e1s importantes. Mientras que<\/span><b> EE.UU. y Europa redujeron hasta pr\u00e1cticamente 0 las importaciones rusas<\/b><span style=\"font-weight: 400;\">.<\/span><\/p>\n<p><span style=\"color: #ff9900;\"><b>El rearme de Europa<\/b><\/span><\/p>\n<p><span style=\"font-weight: 400;\">Este escenario profundiza la tendencia hacia una reconfiguraci\u00f3n del comercio internacional revelando a su vez la <\/span><b>posici\u00f3n subordinada del Bloque Europeo. <\/b><span style=\"font-weight: 400;\">Este \u00faltimo pivota entre una independencia relativa detr\u00e1s del globalismo o una subordinaci\u00f3n m\u00e1s directa hacia los EE.UU. Esta \u00faltima parece haber ganado m\u00e1s fuerza las \u00faltimas semanas debido al financiamiento necesario para poder afrontar el desgaste que implica el enfrentamiento armament\u00edstico y la defensa ante futuras amenazas.\u00a0<\/span><\/p>\n<p><span style=\"font-weight: 400;\">Sin embargo, los intentos de despegue del proyecto europeo contin\u00faan. <\/span><span style=\"font-weight: 400;\">Inmediatamente despu\u00e9s de la reuni\u00f3n de Trump y Zelensky, la <\/span><b>Uni\u00f3n Europea (UE) sali\u00f3 en apoyo de Ucrania convocando a una cumbre de urgencia para discutir acerca de la seguridad y la defensa del continente<\/b><span style=\"font-weight: 400;\">.<\/span><\/p>\n<p><span style=\"font-weight: 400;\">Dicha <\/span><span style=\"color: #ff9900;\"><a style=\"color: #ff9900;\" href=\"https:\/\/www.consilium.europa.eu\/pt\/meetings\/european-council\/2025\/03\/06\/\"><span style=\"font-weight: 400;\">reuni\u00f3n<\/span><\/a><\/span><span style=\"font-weight: 400;\"> se concret\u00f3 el jueves 6 de marzo con la presencia de delegaciones de Francia, Alemania, Dinamarca, Italia, Turqu\u00eda, Pa\u00edses Bajos, entre otros. Adem\u00e1s cont\u00f3 con la presencia del jefe de la OTAN, Mark Rutte, y del Consejo Europeo, Antonio Costa. Tambi\u00e9n estuvo el primer ministro de Canad\u00e1, Justin Trudeau.<\/span><\/p>\n<p><span style=\"font-weight: 400;\">A trav\u00e9s de un documento <\/span><span style=\"color: #ff9900;\"><a style=\"color: #ff9900;\" href=\"https:\/\/www.consilium.europa.eu\/pt\/press\/press-releases\/2025\/03\/06\/european-council-ukraine\/\"><span style=\"font-weight: 400;\">afirmaron<\/span><\/a><\/span><span style=\"font-weight: 400;\"> que \u201cno puede haber negociaciones sobre Ucrania sin Ucrania\u201d, como as\u00ed tampoco \u201cpuede haber negociaciones que afecten a la seguridad europea sin la participaci\u00f3n de Europa\u201d. <\/span><b>\u201cPara alcanzar la \u2018paz mediante la fuerza\u2019 es necesario que Ucrania se sit\u00fae en la posici\u00f3n m\u00e1s fuerte posible, con una s\u00f3lida capacidad militar y de defensa propia como componente esencial\u201d<\/b><span style=\"font-weight: 400;\">, reza el texto.<\/span><\/p>\n<figure id=\"attachment_12593\" aria-describedby=\"caption-attachment-12593\" style=\"width: 573px\" class=\"wp-caption alignnone\"><img loading=\"lazy\" decoding=\"async\" class=\"wp-image-12593 size-full\" src=\"https:\/\/tribunavm.com.ar\/wp-content\/uploads\/2025\/03\/foto-gasto-militar.png\" alt=\"\" width=\"573\" height=\"717\" srcset=\"https:\/\/tribunavm.com.ar\/wp-content\/uploads\/2025\/03\/foto-gasto-militar.png 573w, https:\/\/tribunavm.com.ar\/wp-content\/uploads\/2025\/03\/foto-gasto-militar-240x300.png 240w\" sizes=\"(max-width: 573px) 100vw, 573px\" \/><figcaption id=\"caption-attachment-12593\" class=\"wp-caption-text\">\u201cLas inversiones en defensa alcanzaron los 102.000 millones de euros, lo que representa m\u00e1s del 30% del gasto total en defensa\u201d, dice un informe de la UE sobre defensa.<\/figcaption><\/figure>\n<p><span style=\"font-weight: 400;\">A su vez,<\/span><span style=\"font-weight: 400;\"> anunciaron que <\/span><b>este 2025 la Uni\u00f3n Europea \u201cproporcionar\u00e1 a Ucrania 30.600 millones de euros\u201d y material militar<\/b><span style=\"font-weight: 400;\"> con el objetivo de \u201cintensificar los esfuerzos para seguir apoyando y desarrollando la industria de defensa de Ucrania y profundizar su cooperaci\u00f3n con la industria de defensa europea\u201d.<\/span><\/p>\n<p><span style=\"font-weight: 400;\">Para ello, van a \u201csimplificar el marco jur\u00eddico y administrativo para acelerar la designaci\u00f3n de recursos destinados a defensa\u201d, adem\u00e1s de acudir a \u201cfuentes adicionales de financiaci\u00f3n\u201d, principalmente provenientes de fondos privados, contribuyendo <\/span><b>\u201ca reducir las dependencias estrat\u00e9gicas\u201d de la UE<\/b><span style=\"font-weight: 400;\">.<\/span><\/p>\n<p><span style=\"font-weight: 400;\">El Banco Europeo de Inversiones (BEI) envi\u00f3 una carta a inversores y la UE donde comenta sus planes \u201cpara intensificar su apoyo a la industria de seguridad y defensa de Europa\u201d. Concretamente <\/span><b>propone liberar 150.000 millones de euros en nuevos pr\u00e9stamos para &#8220;rearmar&#8221; a Europa, como parte de un plan de defensa que supera los 800.000 millones<\/b><span style=\"font-weight: 400;\"> aprobado por 26 de los 27 l\u00edderes del bloque, con excepci\u00f3n de Hungr\u00eda.<\/span><\/p>\n<figure id=\"attachment_12594\" aria-describedby=\"caption-attachment-12594\" style=\"width: 750px\" class=\"wp-caption alignnone\"><img loading=\"lazy\" decoding=\"async\" class=\"wp-image-12594 size-jnews-750x536\" src=\"https:\/\/tribunavm.com.ar\/wp-content\/uploads\/2025\/03\/7c3dcb9e-4c73-4ad4-930c-805a8a36d524_16-9-discover-aspect-ratio_default_0-750x536.jpg\" alt=\"\" width=\"750\" height=\"536\" srcset=\"https:\/\/tribunavm.com.ar\/wp-content\/uploads\/2025\/03\/7c3dcb9e-4c73-4ad4-930c-805a8a36d524_16-9-discover-aspect-ratio_default_0-750x536.jpg 750w, https:\/\/tribunavm.com.ar\/wp-content\/uploads\/2025\/03\/7c3dcb9e-4c73-4ad4-930c-805a8a36d524_16-9-discover-aspect-ratio_default_0-120x86.jpg 120w, https:\/\/tribunavm.com.ar\/wp-content\/uploads\/2025\/03\/7c3dcb9e-4c73-4ad4-930c-805a8a36d524_16-9-discover-aspect-ratio_default_0-350x250.jpg 350w\" sizes=\"(max-width: 750px) 100vw, 750px\" \/><figcaption id=\"caption-attachment-12594\" class=\"wp-caption-text\">La presidenta del BEI, Nadia Calvi\u00f1o, pidi\u00f3 a la UE &#8220;la reevaluaci\u00f3n de la lista de actividades excluidas&#8221; que impide a la instituci\u00f3n invertir en municiones y otras producciones puramente militares.<\/figcaption><\/figure>\n<p><span style=\"color: #ff9900;\"><b>Nuevo intento para cerrar un acuerdo<\/b><\/span><\/p>\n<p><span style=\"font-weight: 400;\">Frente a las tensiones generadas, el viernes pasado el <\/span><span style=\"color: #ff9900;\"><a style=\"color: #ff9900;\" href=\"https:\/\/www.mofa.gov.sa\/en\/ministry\/Pages\/default.aspx\"><span style=\"font-weight: 400;\">Ministerio de Exteriores de Arabia Saudita<\/span><\/a><\/span><span style=\"font-weight: 400;\"> dijo en un comunicado que ser\u00e1 anfitriona de <\/span><b>una nueva reuni\u00f3n entre Estados Unidos y Ucrania que se realizar\u00e1 esta semana para avanzar en el acuerdo de paz<\/b><span style=\"font-weight: 400;\">.<\/span><\/p>\n<p><span style=\"font-weight: 400;\">El mismo d\u00eda Zelenski anunci\u00f3 una reuni\u00f3n en Arabia Saudita con el pr\u00edncipe heredero Mohamed bin Salman y &#8220;despu\u00e9s de eso, mi equipo permanecer\u00e1 aqu\u00ed para trabajar con los socios estadounidenses. Ucrania est\u00e1 m\u00e1s que interesada en la paz\u201d.<\/span><\/p>\n<p><span style=\"font-weight: 400;\">Bajo este ordenamiento <\/span><b>el objeto de las negociaciones no es la paz, sino las condiciones en las que cada bloque quedar\u00e1 situado para continuar la guerra real<\/b><span style=\"font-weight: 400;\"> donde lo b\u00e9lico y las tensiones diplom\u00e1ticas generadas son s\u00f3lo consecuencias de ella.<\/span><\/p>\n<\/div>\n<\/div>\n","protected":false},"excerpt":{"rendered":"<p>Trump encabeza los esfuerzos por finalizar el enfrentamiento b\u00e9lico con un acuerdo que \u201cbeneficie a los EE.UU\u201d. Se profundizan las contradicciones entre los distintos bloques de poder mundial y la Uni\u00f3n Europea busca mayor autonom\u00eda estrat\u00e9gica.<\/p>\n","protected":false},"author":2,"featured_media":12595,"comment_status":"open","ping_status":"open","sticky":false,"template":"","format":"standard","meta":{"_exactmetrics_skip_tracking":false,"_exactmetrics_sitenote_active":false,"_exactmetrics_sitenote_note":"","_exactmetrics_sitenote_category":0,"jnews-multi-image_gallery":[],"jnews_single_post":{"format":"standard","override":[{"template":"5","parallax":"1","fullscreen":"1","layout":"right-sidebar","sidebar":"default-sidebar","second_sidebar":"default-sidebar","sticky_sidebar":"1","share_position":"hide","share_float_style":"share-monocrhome","show_featured":"1","show_post_meta":"1","show_post_author_image":"1","show_post_date":"1","post_date_format":"custom","post_date_format_custom":"d-m-Y","show_post_category":"1","post_reading_time_wpm":"300","post_calculate_word_method":"count_blank","show_zoom_button":"0","zoom_button_out_step":"2","zoom_button_in_step":"3","show_post_tag":"1","number_popup_post":"1","show_author_box":"0","show_post_related":"1"}],"image_override":[{"single_post_thumbnail_size":"crop-500","single_post_gallery_size":"crop-500"}],"trending_post_position":"meta","trending_post_label":"Trending","sponsored_post_label":"Sponsored by","disable_ad":"0"},"jnews_primary_category":[],"jnews_social_meta":[],"jnews_override_counter":{"view_counter_number":"0","share_counter_number":"0","like_counter_number":"0","dislike_counter_number":"0"},"_joinchat":[],"footnotes":""},"categories":[276],"tags":[198,460,461],"class_list":["post-12592","post","type-post","status-publish","format-standard","has-post-thumbnail","hentry","category-internacional","tag-eeuu","tag-ucrania","tag-union-europea-ue"],"_links":{"self":[{"href":"https:\/\/tribunavm.com.ar\/index.php\/wp-json\/wp\/v2\/posts\/12592"}],"collection":[{"href":"https:\/\/tribunavm.com.ar\/index.php\/wp-json\/wp\/v2\/posts"}],"about":[{"href":"https:\/\/tribunavm.com.ar\/index.php\/wp-json\/wp\/v2\/types\/post"}],"author":[{"embeddable":true,"href":"https:\/\/tribunavm.com.ar\/index.php\/wp-json\/wp\/v2\/users\/2"}],"replies":[{"embeddable":true,"href":"https:\/\/tribunavm.com.ar\/index.php\/wp-json\/wp\/v2\/comments?post=12592"}],"version-history":[{"count":2,"href":"https:\/\/tribunavm.com.ar\/index.php\/wp-json\/wp\/v2\/posts\/12592\/revisions"}],"predecessor-version":[{"id":12598,"href":"https:\/\/tribunavm.com.ar\/index.php\/wp-json\/wp\/v2\/posts\/12592\/revisions\/12598"}],"wp:featuredmedia":[{"embeddable":true,"href":"https:\/\/tribunavm.com.ar\/index.php\/wp-json\/wp\/v2\/media\/12595"}],"wp:attachment":[{"href":"https:\/\/tribunavm.com.ar\/index.php\/wp-json\/wp\/v2\/media?parent=12592"}],"wp:term":[{"taxonomy":"category","embeddable":true,"href":"https:\/\/tribunavm.com.ar\/index.php\/wp-json\/wp\/v2\/categories?post=12592"},{"taxonomy":"post_tag","embeddable":true,"href":"https:\/\/tribunavm.com.ar\/index.php\/wp-json\/wp\/v2\/tags?post=12592"}],"curies":[{"name":"wp","href":"https:\/\/api.w.org\/{rel}","templated":true}]}}