{"id":12664,"date":"2025-03-24T02:54:34","date_gmt":"2025-03-24T02:54:34","guid":{"rendered":"https:\/\/tribunavm.com.ar\/?p=12664"},"modified":"2025-03-22T21:04:52","modified_gmt":"2025-03-22T21:04:52","slug":"pobreza-y-represion-el-trato-del-gobierno-con-los-jubilados","status":"publish","type":"post","link":"https:\/\/tribunavm.com.ar\/index.php\/2025\/03\/24\/pobreza-y-represion-el-trato-del-gobierno-con-los-jubilados\/","title":{"rendered":"Pobreza y represi\u00f3n: el trato del gobierno con los jubilados"},"content":{"rendered":"<div class=\"row clearfix\">\n<div class=\"col-md-8\">\n<p><span style=\"color: #212121; font-size: 1.5em; letter-spacing: -0.01em;\">Las movilizaciones de los mi\u00e9rcoles reclaman por el aumento de las jubilaciones. Distintas organizaciones y sindicatos exigen el juicio pol\u00edtico a Milei y Bullrich por la represi\u00f3n.<\/span><\/p>\n<p><span style=\"font-weight: 400;\"><span class=\"dropcap \" style=\"background-color: #ffffff; color: #dd9933; border-color: #ffffff;\">D<\/span>esde hace varios meses, todos los mi\u00e9rcoles distintos grupos de jubilados <\/span><b>realizan una protesta frente al Congreso nacional en la ciudad de Buenos Aires para reclamar por la p\u00e9rdida de su poder adquisitivo.<\/b><span style=\"font-weight: 400;\"> En varias ciudades del interior la iniciativa se replica con rondas y concentraciones.<\/span><\/p>\n<p><span style=\"color: #ff9900;\"><b>Se arman los bandos y las consignas<\/b><\/span><\/p>\n<p><span style=\"font-weight: 400;\">El mi\u00e9rcoles 5 de marzo la polic\u00eda reprimi\u00f3 fuertemente la protesta ocasionando un rearme de la <\/span><b>movilizaci\u00f3n para el mi\u00e9rcoles 12 anunciando su participaci\u00f3n barras e hinchas de clubes de f\u00fatbol, sindicatos, organizaciones sociales y partidos pol\u00edticos<\/b><span style=\"font-weight: 400;\">.\u00a0<\/span><\/p>\n<p><span style=\"font-weight: 400;\">La masividad de la marcha ocasion\u00f3 otro escenario de enfrentamiento que termin\u00f3 con una fuerte represi\u00f3n policial dejando un saldo de m\u00e1s de 124 personas detenidas y al menos 46 heridos. En esta l\u00ednea el escenario represivo gan\u00f3 la agenda por sobre el reclamo de aumento de las jubilaciones.<\/span><\/p>\n<p><span style=\"font-weight: 400;\">La ministra de Seguridad, Patricia Bullrich, dijo que &#8220;esta gente que se nuclea pol\u00edticamente para voltear al gobierno vino en esta ocasi\u00f3n preparada para matar&#8221;. <\/span><span style=\"font-weight: 400;\">En sinton\u00eda con la ministra, Mauricio Macri, declar\u00f3 en redes sociales que las movilizaciones \u201c<\/span><b>fueron una escena id\u00e9ntica a las protestas contra la reforma previsional de 2017 (&#8230;) para ejecutar una nueva desestabilizaci\u00f3n de la democracia (&#8230;) un aut\u00e9ntico intento de golpe de Estado<\/b><span style=\"font-weight: 400;\">\u201d.<\/span><\/p>\n<p><span style=\"font-weight: 400;\">Guillermo Francos, Jefe de Gabinete de la Naci\u00f3n, en declaraciones a Radio Mitre tambi\u00e9n dijo que la marcha <\/span><b>\u201cpretend\u00eda generar una especie de golpe de Estado\u201d y aclar\u00f3 que \u201ccuando se hagan este tipo de manifestaciones van a ser reprimidas\u201d.<\/b><span style=\"font-weight: 400;\"> \u201cHay que aplicar la ley con m\u00e1s dureza\u201d, concluy\u00f3.<\/span><\/p>\n<blockquote class=\"pullquote align-right\"><p><a href=\"https:\/\/tribunavm.com.ar\/index.php\/2024\/08\/26\/menos-para-jubilados-mas-para-la-deuda\/\"><b><span style=\"color: #ff9900;\">Menos para jubilados, m\u00e1s para la deuda<\/span><\/b><\/a><\/p><\/blockquote>\n<p><span style=\"font-weight: 400;\">La Confederaci\u00f3n General del Trabajo (CGT), en un comunicado, conden\u00f3 &#8220;la vergonzosa violencia de un Gobierno Nacional autoritario\u201d y apunt\u00f3 <\/span><b>contra el accionar del \u201cPresidente Javier Milei y la ministra Bullrich\u201d<\/b><span style=\"font-weight: 400;\">.<\/span><\/p>\n<p><span style=\"font-weight: 400;\">\u201cEsta intimidaci\u00f3n del Gobierno Nacional no puede ocultar el hecho de que se constituye como <\/span><b>complemento indispensable y necesario para ejecutar un plan econ\u00f3mico de entrega del patrimonio p\u00fablico, despojo de nuestros recursos y empobrecimiento social de las mayor\u00edas<\/b><span style=\"font-weight: 400;\">&#8220;, reza el comunicado.<\/span><\/p>\n<p><span style=\"font-weight: 400;\">Por su lado, la CTA de los Trabajadores y la CTA Aut\u00f3noma tambi\u00e9n repudiaron la represi\u00f3n en una conferencia conjunta realizada al d\u00eda siguiente y anunciaron su participaci\u00f3n en las manifestaciones.<\/span><\/p>\n<figure id=\"attachment_12667\" aria-describedby=\"caption-attachment-12667\" style=\"width: 1024px\" class=\"wp-caption alignnone\"><img loading=\"lazy\" decoding=\"async\" class=\"wp-image-12667 size-large\" src=\"https:\/\/tribunavm.com.ar\/wp-content\/uploads\/2025\/03\/jubilado-indigente-1024x718.jpg\" alt=\"\" width=\"1024\" height=\"718\" srcset=\"https:\/\/tribunavm.com.ar\/wp-content\/uploads\/2025\/03\/jubilado-indigente-1024x718.jpg 1024w, https:\/\/tribunavm.com.ar\/wp-content\/uploads\/2025\/03\/jubilado-indigente-300x210.jpg 300w, https:\/\/tribunavm.com.ar\/wp-content\/uploads\/2025\/03\/jubilado-indigente-768x539.jpg 768w, https:\/\/tribunavm.com.ar\/wp-content\/uploads\/2025\/03\/jubilado-indigente-750x526.jpg 750w, https:\/\/tribunavm.com.ar\/wp-content\/uploads\/2025\/03\/jubilado-indigente-1140x800.jpg 1140w, https:\/\/tribunavm.com.ar\/wp-content\/uploads\/2025\/03\/jubilado-indigente.jpg 1500w\" sizes=\"(max-width: 1024px) 100vw, 1024px\" \/><figcaption id=\"caption-attachment-12667\" class=\"wp-caption-text\">El Comando Conjunto de Fuerzas de Operaciones Especiales de Argentina, dirigido por Oprandi, es una estructura creada en 2018 mediante la resoluci\u00f3n 1266\/17 del Ministerio de Defensa.<\/figcaption><\/figure>\n<p><span style=\"font-weight: 400;\">All\u00ed, Hugo Godoy, secretario general de la CTA Aut\u00f3noma, dijo que la movilizaci\u00f3n mostr\u00f3 dos facetas: una de \u201cun pueblo que se expresa y se manifiesta contra la justicia, la opresi\u00f3n, el saqueo; y otra de &#8220;<\/span><b>la crueldad, lo inhumano, lo brutal de este gobierno, que ha perdido toda legitimidad democr\u00e1tica y es fundamentalmente necesario que se promueva el juicio pol\u00edtico al presidente&#8221;. En esa l\u00ednea, pidi\u00f3 construir &#8220;toda la unidad posible&#8221;<\/b><span style=\"font-weight: 400;\">.<\/span><\/p>\n<p><span style=\"font-weight: 400;\">El mi\u00e9rcoles pasado en Buenos Aires y varias plazas del pa\u00eds continuaron las protestas con el apoyo de diversos sindicatos y organizaciones sociales, aunque no se registraron escenarios de enfrentamiento o represi\u00f3n como el mi\u00e9rcoles anterior.\u00a0<\/span><\/p>\n<p><span style=\"color: #ff9900;\"><b>En la provincia<\/b><\/span><\/p>\n<p><span style=\"font-weight: 400;\">El mi\u00e9rcoles 19, alrededor de 5 mil personas acompa\u00f1aron a los jubilados cordobeses a la movilizaci\u00f3n que se desarroll\u00f3 en la ciudad de C\u00f3rdoba, desde la plaza San Mart\u00edn hacia la avenida General Paz. La misma fue la ronda n\u00ba 50 llevada a cabo en la ciudad en reclamo por jubilaciones dignas, agregando el rechazo a la represi\u00f3n nacional de la semana anterior.<\/span><\/p>\n<p><span style=\"font-weight: 400;\">Entre los participantes se encontraban agrupaciones estudiantiles, gremios y otros movimientos sociales. Dentro de los grupos convocantes se encuentran el Foro Solidario de los Trabajadores, el Plenario de Trabajadores Jubilados, la CGT C\u00f3rdoba, la CTA Aut\u00f3noma, adem\u00e1s de las adhesiones de numerosos sindicatos y agrupaciones pol\u00edticas, como UEPC Capital, MST, Partido Obrero y Frente de Izquierda Unida, Mesa Provincial de Derechos Humanos, entre otros.<\/span><\/p>\n<p><span style=\"font-weight: 400;\">En el mismo contexto, algunos de los presentes realizaron un \u201ccamarazo\u201d en solidaridad con el fot\u00f3grafo Pablo Grillo, herido de gravedad la semana pasada por las fuerzas de seguridad.<\/span><\/p>\n<\/div>\n<\/div>\n","protected":false},"excerpt":{"rendered":"<p>Las movilizaciones de los mi\u00e9rcoles reclaman por el aumento de las jubilaciones. Distintas organizaciones y sindicatos exigen el juicio pol\u00edtico a Milei y Bullrich por la represi\u00f3n.<\/p>\n","protected":false},"author":2,"featured_media":12666,"comment_status":"open","ping_status":"open","sticky":false,"template":"","format":"standard","meta":{"_exactmetrics_skip_tracking":false,"_exactmetrics_sitenote_active":false,"_exactmetrics_sitenote_note":"","_exactmetrics_sitenote_category":0,"jnews-multi-image_gallery":[],"jnews_single_post":{"format":"standard","override":[{"template":"5","parallax":"1","fullscreen":"1","layout":"right-sidebar","sidebar":"default-sidebar","second_sidebar":"default-sidebar","sticky_sidebar":"1","share_position":"hide","share_float_style":"share-monocrhome","show_featured":"1","show_post_meta":"1","show_post_author_image":"1","show_post_date":"1","post_date_format":"custom","post_date_format_custom":"d-m-Y","show_post_category":"1","post_reading_time_wpm":"300","post_calculate_word_method":"count_blank","show_zoom_button":"0","zoom_button_out_step":"2","zoom_button_in_step":"3","show_post_tag":"1","number_popup_post":"1","show_author_box":"0","show_post_related":"1"}],"image_override":[{"single_post_thumbnail_size":"crop-500","single_post_gallery_size":"crop-500"}],"trending_post_position":"meta","trending_post_label":"Trending","sponsored_post_label":"Sponsored by","disable_ad":"0"},"jnews_primary_category":[],"jnews_social_meta":[],"jnews_override_counter":{"view_counter_number":"0","share_counter_number":"0","like_counter_number":"0","dislike_counter_number":"0"},"_joinchat":[],"footnotes":""},"categories":[22],"tags":[39,118],"class_list":["post-12664","post","type-post","status-publish","format-standard","has-post-thumbnail","hentry","category-actualidad","tag-gobierno","tag-jubilados"],"_links":{"self":[{"href":"https:\/\/tribunavm.com.ar\/index.php\/wp-json\/wp\/v2\/posts\/12664"}],"collection":[{"href":"https:\/\/tribunavm.com.ar\/index.php\/wp-json\/wp\/v2\/posts"}],"about":[{"href":"https:\/\/tribunavm.com.ar\/index.php\/wp-json\/wp\/v2\/types\/post"}],"author":[{"embeddable":true,"href":"https:\/\/tribunavm.com.ar\/index.php\/wp-json\/wp\/v2\/users\/2"}],"replies":[{"embeddable":true,"href":"https:\/\/tribunavm.com.ar\/index.php\/wp-json\/wp\/v2\/comments?post=12664"}],"version-history":[{"count":2,"href":"https:\/\/tribunavm.com.ar\/index.php\/wp-json\/wp\/v2\/posts\/12664\/revisions"}],"predecessor-version":[{"id":12669,"href":"https:\/\/tribunavm.com.ar\/index.php\/wp-json\/wp\/v2\/posts\/12664\/revisions\/12669"}],"wp:featuredmedia":[{"embeddable":true,"href":"https:\/\/tribunavm.com.ar\/index.php\/wp-json\/wp\/v2\/media\/12666"}],"wp:attachment":[{"href":"https:\/\/tribunavm.com.ar\/index.php\/wp-json\/wp\/v2\/media?parent=12664"}],"wp:term":[{"taxonomy":"category","embeddable":true,"href":"https:\/\/tribunavm.com.ar\/index.php\/wp-json\/wp\/v2\/categories?post=12664"},{"taxonomy":"post_tag","embeddable":true,"href":"https:\/\/tribunavm.com.ar\/index.php\/wp-json\/wp\/v2\/tags?post=12664"}],"curies":[{"name":"wp","href":"https:\/\/api.w.org\/{rel}","templated":true}]}}