{"id":12695,"date":"2025-03-24T00:23:25","date_gmt":"2025-03-24T00:23:25","guid":{"rendered":"https:\/\/tribunavm.com.ar\/?p=12695"},"modified":"2025-03-24T20:32:52","modified_gmt":"2025-03-24T20:32:52","slug":"y-nuestro-plan","status":"publish","type":"post","link":"https:\/\/tribunavm.com.ar\/index.php\/2025\/03\/24\/y-nuestro-plan\/","title":{"rendered":"\u00bfY nuestro plan?"},"content":{"rendered":"<div class=\"row clearfix\">\n<div class=\"col-md-8\">\n<p><span style=\"font-weight: 400;\"><span class=\"dropcap \" style=\"background-color: #ffffff; color: #dd9933; border-color: #ffffff;\">A<\/span>nunciado el acuerdo con el FMI, la situaci\u00f3n hacia delante con el futuro desembolso de los d\u00f3lares se dirime hacia el interior de la alianza que coloc\u00f3 a este Gobierno en funciones. Algunos apoyos cosechados muestran esta situaci\u00f3n, por ejemplo, la C\u00e1mara de Comercio Argentina-EEUU (AmCham) que celebr\u00f3 la aprobaci\u00f3n del DNU.<\/span><\/p>\n<p><span style=\"font-weight: 400;\">Para <\/span><span style=\"font-weight: 400;\">AmCham<\/span><span style=\"font-weight: 400;\">, la \u201celiminaci\u00f3n del cepo es una decisi\u00f3n esperada hace tiempo, con efectos directos en la inversi\u00f3n, el comercio y el acceso al financiamiento\u201d, debido a que \u201cliberar el mercado cambiario y financiero permitir\u00e1 mayor dinamismo e integraci\u00f3n de Argentina en el contexto global\u201d, lo que posibilitar\u00e1 que \u201cpodamos atraer m\u00e1s inversiones\u201d.<\/span><\/p>\n<p><span style=\"font-weight: 400;\">Previo al acuerdo, Gustavo Idigoras del sector agroexportador, consider\u00f3 que si \u201crealmente queremos un flujo leg\u00edtimo, hay que levantar el cepo. Sabemos que es un gran desaf\u00edo, y que para eso hay que tener muchas reservas. Debe ser inminente el acuerdo con el Fondo\u201d. Adem\u00e1s indic\u00f3 que \u201cArgentina sigue dependiendo de la capacidad exportadora industrial como garant\u00eda de pago de su deuda.\u201d<\/span><\/p>\n<p><span style=\"font-weight: 400;\">Mientras tanto, Caputo y Bausili realizan intervenciones en el mercado financiero planchando el precio del d\u00f3lar porque a\u00fan no han configurado c\u00f3mo y cu\u00e1ndo ser\u00e1 el \u201cdesarme\u201d de la bicicleta financiera.<\/span><\/p>\n<p><span style=\"font-weight: 400;\">C\u00f3mo sostuvo en un reciente comunicado, el gremio La Bancaria, \u201cno hay error en este \u2018arreglo\u2019 de Milei y las autoridades del FMI\u201d, debido a que \u201cresponde a un plan que nos pone a merced de los pa\u00edses que mandan en el FMI y las corporaciones transnacionales que quieren apropiarse de nuestros recursos naturales en un contexto de guerra econ\u00f3mica mundial\u201d.<\/span><\/p>\n<p><span style=\"font-weight: 400;\">En ese sentido, la pregunta que surge ante este estado de cosas es: s\u00ed el plan de ellos est\u00e1 claro \u00bfcu\u00e1l ser\u00e1 nuestra iniciativa? y por ende, \u00bfqu\u00e9 plan vamos desplegar ante esta embestida al pueblo?.<\/span><\/p>\n<\/div>\n<div class=\"col-md-3\">\n<p>&nbsp;<\/p>\n<\/div>\n<\/div>\n","protected":false},"excerpt":{"rendered":"<p>Anunciado el acuerdo con el FMI, la situaci\u00f3n hacia delante con el futuro desembolso de los d\u00f3lares se dirime hacia el interior de la alianza que coloc\u00f3 a este Gobierno en funciones.<\/p>\n","protected":false},"author":2,"featured_media":3379,"comment_status":"open","ping_status":"open","sticky":false,"template":"","format":"standard","meta":{"_exactmetrics_skip_tracking":false,"_exactmetrics_sitenote_active":false,"_exactmetrics_sitenote_note":"","_exactmetrics_sitenote_category":0,"jnews-multi-image_gallery":[],"jnews_single_post":{"format":"standard","override":[{"template":"5","parallax":"1","fullscreen":"1","layout":"right-sidebar","sidebar":"default-sidebar","second_sidebar":"default-sidebar","sticky_sidebar":"1","share_position":"hide","share_float_style":"share-monocrhome","show_featured":"1","show_post_meta":"1","show_post_author_image":"1","show_post_date":"1","post_date_format":"custom","post_date_format_custom":"d-m-Y","show_post_category":"1","post_reading_time_wpm":"300","post_calculate_word_method":"count_blank","show_zoom_button":"0","zoom_button_out_step":"2","zoom_button_in_step":"3","show_post_tag":"1","number_popup_post":"1","show_author_box":"0","show_post_related":"1"}],"image_override":[{"single_post_thumbnail_size":"crop-500","single_post_gallery_size":"crop-500"}],"trending_post_position":"meta","trending_post_label":"Trending","sponsored_post_label":"Sponsored by","disable_ad":"0"},"jnews_primary_category":[],"jnews_social_meta":[],"jnews_override_counter":{"view_counter_number":"0","share_counter_number":"0","like_counter_number":"0","dislike_counter_number":"0"},"_joinchat":[],"footnotes":""},"categories":[26],"tags":[564],"class_list":["post-12695","post","type-post","status-publish","format-standard","has-post-thumbnail","hentry","category-editorial","tag-edicion-149"],"_links":{"self":[{"href":"https:\/\/tribunavm.com.ar\/index.php\/wp-json\/wp\/v2\/posts\/12695"}],"collection":[{"href":"https:\/\/tribunavm.com.ar\/index.php\/wp-json\/wp\/v2\/posts"}],"about":[{"href":"https:\/\/tribunavm.com.ar\/index.php\/wp-json\/wp\/v2\/types\/post"}],"author":[{"embeddable":true,"href":"https:\/\/tribunavm.com.ar\/index.php\/wp-json\/wp\/v2\/users\/2"}],"replies":[{"embeddable":true,"href":"https:\/\/tribunavm.com.ar\/index.php\/wp-json\/wp\/v2\/comments?post=12695"}],"version-history":[{"count":2,"href":"https:\/\/tribunavm.com.ar\/index.php\/wp-json\/wp\/v2\/posts\/12695\/revisions"}],"predecessor-version":[{"id":12706,"href":"https:\/\/tribunavm.com.ar\/index.php\/wp-json\/wp\/v2\/posts\/12695\/revisions\/12706"}],"wp:featuredmedia":[{"embeddable":true,"href":"https:\/\/tribunavm.com.ar\/index.php\/wp-json\/wp\/v2\/media\/3379"}],"wp:attachment":[{"href":"https:\/\/tribunavm.com.ar\/index.php\/wp-json\/wp\/v2\/media?parent=12695"}],"wp:term":[{"taxonomy":"category","embeddable":true,"href":"https:\/\/tribunavm.com.ar\/index.php\/wp-json\/wp\/v2\/categories?post=12695"},{"taxonomy":"post_tag","embeddable":true,"href":"https:\/\/tribunavm.com.ar\/index.php\/wp-json\/wp\/v2\/tags?post=12695"}],"curies":[{"name":"wp","href":"https:\/\/api.w.org\/{rel}","templated":true}]}}