{"id":12709,"date":"2025-03-29T18:59:38","date_gmt":"2025-03-29T18:59:38","guid":{"rendered":"https:\/\/tribunavm.com.ar\/?p=12709"},"modified":"2025-04-06T00:06:03","modified_gmt":"2025-04-06T00:06:03","slug":"construyendo-el-paro","status":"publish","type":"post","link":"https:\/\/tribunavm.com.ar\/index.php\/2025\/03\/29\/construyendo-el-paro\/","title":{"rendered":"Paro general por paritarias libres"},"content":{"rendered":"<div class=\"row clearfix\">\n<div class=\"col-md-8\">\n<div class=\"intro-text\">\n<p><span style=\"font-weight: 400;\">La CGT ratific\u00f3 el paro y la movilizaci\u00f3n para el 9 y 10 de abril por paritarias libres, aumento a los jubilados y a los presupuestos de salud y educaci\u00f3n. Otras centrales y gremios confirmaron su adhesi\u00f3n.<\/span><\/p>\n<\/div>\n<p><span style=\"font-weight: 400;\"><span class=\"dropcap \" style=\"background-color: #ffffff; color: #dd9933; border-color: #ffffff;\">L<\/span><\/span><\/p>\n<p>a Confederaci\u00f3n General del Trabajo (CGT) realiz\u00f3 el pasado mi\u00e9rcoles un encuentro nacional con los congresales y secretarios generales de las 83 organizaciones regionales de todo el pa\u00eds.La cumbre cont\u00f3 a su vez con la presencia del triunvirato de conducci\u00f3n Hector Daer, Carlos Acu\u00f1a y Octavio Arg\u00fcello; e integrantes del Consejo Directivo.<\/p>\n<blockquote class=\"pullquote align-right\"><p><strong><span style=\"color: #ff9900;\"><a style=\"color: #ff9900;\" href=\"https:\/\/tribunavm.com.ar\/index.php\/2025\/03\/21\/paro-general-por-paritarias-libres-y-aumento-a-jubilados\/\">Paro general por paritarias libres y aumento a jubilados<\/a><\/span><\/strong><\/p><\/blockquote>\n<p>Seg\u00fan una\u00a0<span style=\"color: #ff9900;\"><a style=\"color: #ff9900;\" href=\"https:\/\/www.instagram.com\/p\/DHv_x1nM3ua\/?igsh=bDV5YjZycmJ4cTlv\">publicaci\u00f3n<\/a><\/span>\u00a0en redes sociales de la delegaci\u00f3n de Villa Maria, el encuentro tuvo el objetivo de \u201ccompartir las realidades de cada provincia y debatir los pr\u00f3ximos pasos en defensa de los derechos de los trabajadores\u201d.<\/p>\n<p><span style=\"font-weight: 400;\">Por otro lado, el 28 de marzo se realiz\u00f3 un encuentro del Consejo Federal de la CTA Aut\u00f3noma, que cont\u00f3 con la presencia local de m\u00e1s de 600 militantes de todo el pa\u00eds, donde <\/span><b>adhirieron a la medida de fuerza convocada por la CGT y se comprometieron a impulsar acciones en todas las regionales<\/b><span style=\"font-weight: 400;\">.<\/span><\/p>\n<figure id=\"attachment_12716\" aria-describedby=\"caption-attachment-12716\" style=\"width: 1024px\" class=\"wp-caption alignnone\"><img loading=\"lazy\" decoding=\"async\" class=\"wp-image-12716 size-large\" src=\"https:\/\/tribunavm.com.ar\/wp-content\/uploads\/2025\/03\/CTA-1024x576.jpeg\" alt=\"\" width=\"1024\" height=\"576\" srcset=\"https:\/\/tribunavm.com.ar\/wp-content\/uploads\/2025\/03\/CTA-1024x576.jpeg 1024w, https:\/\/tribunavm.com.ar\/wp-content\/uploads\/2025\/03\/CTA-300x169.jpeg 300w, https:\/\/tribunavm.com.ar\/wp-content\/uploads\/2025\/03\/CTA-768x432.jpeg 768w, https:\/\/tribunavm.com.ar\/wp-content\/uploads\/2025\/03\/CTA-1536x864.jpeg 1536w, https:\/\/tribunavm.com.ar\/wp-content\/uploads\/2025\/03\/CTA-750x422.jpeg 750w, https:\/\/tribunavm.com.ar\/wp-content\/uploads\/2025\/03\/CTA-1140x641.jpeg 1140w, https:\/\/tribunavm.com.ar\/wp-content\/uploads\/2025\/03\/CTA.jpeg 1599w\" sizes=\"(max-width: 1024px) 100vw, 1024px\" \/><figcaption id=\"caption-attachment-12716\" class=\"wp-caption-text\">Consejo Federal de la CTA Aut\u00f3noma confirm\u00f3 su adhesi\u00f3n al paro general.<\/figcaption><\/figure>\n<p><span style=\"font-weight: 400;\">En el encuentro estuvieron presentes referentes de la otra central, la CTA de los Trabajadores, quienes <\/span><b>se comprometieron a construir la unidad para \u201cluchar contra la pol\u00edtica de gobierno\u201d<\/b><span style=\"font-weight: 400;\">. Hugo Godoy, secretario general de la CTA Aut\u00f3noma, enfatiz\u00f3 que la adhesi\u00f3n busca \u201cunir a nuestro pueblo y organizarlo\u201d.\u00a0<\/span><\/p>\n<p><b>La Confederaci\u00f3n Argentina de Trabajadores del Transporte (CATT), que nuclea a los gremios de transporte del pa\u00eds, confirm\u00f3 su participaci\u00f3n en el paro y movilizaci\u00f3n.<\/b><span style=\"font-weight: 400;\"> Hoy a las 10:30hs realizar\u00e1 una conferencia de prensa para \u201cvisibilizar la realidad que atraviesan los trabajadores del transporte y explicar las razones de la adhesi\u00f3n al paro\u201d.<\/span><\/p>\n<p><span style=\"font-weight: 400;\">Otros espacios que anunciaron su adhesi\u00f3n fueron la Uni\u00f3n de Empleados de la Justicia de la Naci\u00f3n (UEJN), la Confederaci\u00f3n de Trabajadores de la Educaci\u00f3n de la Rep\u00fablica Argentina (CTERA), las 62 Organizaciones Justicialistas, la Federaci\u00f3n Argentina de Trabajadores de las Universidades Nacionales (FATUN), entre otros.<\/span><\/p>\n<p><span style=\"font-weight: 400;\">Fuera del pa\u00eds, la <\/span><a href=\"https:\/\/uniglobalunion.org\/es\/\"><span style=\"font-weight: 400;\"><span style=\"color: #ff9900;\">UNI Global Union<\/span><\/span><\/a><span style=\"font-weight: 400;\">, una federaci\u00f3n sindical internacional, en un comunicado expres\u00f3 su \u201csolidaridad con el pueblo argentino\u201d.\u00a0 Adem\u00e1s brindaron su <\/span><b>apoyo para continuar peleando \u201cpor mejores ingresos y calidad de vida para todos, por paritarias libres y por el aumento de las jubilaciones y pensiones\u201d<\/b><span style=\"font-weight: 400;\">.<\/span><\/p>\n<\/div>\n<div class=\"col-md-3\">\n<p>&nbsp;<\/p>\n<\/div>\n<\/div>\n","protected":false},"excerpt":{"rendered":"<p>La CGT ratific\u00f3 el paro y la movilizaci\u00f3n para el 9 y 10 de abril por paritarias libres, aumento a los jubilados y a los presupuestos de salud y educaci\u00f3n. Otras centrales y gremios confirmaron su adhesi\u00f3n.<\/p>\n","protected":false},"author":2,"featured_media":12711,"comment_status":"open","ping_status":"open","sticky":false,"template":"","format":"standard","meta":{"_exactmetrics_skip_tracking":false,"_exactmetrics_sitenote_active":false,"_exactmetrics_sitenote_note":"","_exactmetrics_sitenote_category":0,"jnews-multi-image_gallery":[],"jnews_single_post":{"format":"standard","override":[{"template":"5","parallax":"1","fullscreen":"1","layout":"right-sidebar","sidebar":"default-sidebar","second_sidebar":"default-sidebar","sticky_sidebar":"1","share_position":"hide","share_float_style":"share-monocrhome","show_featured":"1","show_post_meta":"1","show_post_author_image":"1","show_post_date":"1","post_date_format":"custom","post_date_format_custom":"d-m-Y","show_post_category":"1","post_reading_time_wpm":"300","post_calculate_word_method":"count_blank","show_zoom_button":"0","zoom_button_out_step":"2","zoom_button_in_step":"3","show_post_tag":"1","number_popup_post":"1","show_author_box":"0","show_post_related":"1"}],"image_override":[{"single_post_thumbnail_size":"crop-500","single_post_gallery_size":"crop-500"}],"trending_post_position":"meta","trending_post_label":"Trending","sponsored_post_label":"Sponsored by","disable_ad":"0"},"jnews_primary_category":[],"jnews_social_meta":[],"jnews_override_counter":{"view_counter_number":"0","share_counter_number":"0","like_counter_number":"0","dislike_counter_number":"0"},"_joinchat":[],"footnotes":""},"categories":[22],"tags":[190,225,35],"class_list":["post-12709","post","type-post","status-publish","format-standard","has-post-thumbnail","hentry","category-actualidad","tag-cgt","tag-ctaa","tag-trabajadores"],"_links":{"self":[{"href":"https:\/\/tribunavm.com.ar\/index.php\/wp-json\/wp\/v2\/posts\/12709"}],"collection":[{"href":"https:\/\/tribunavm.com.ar\/index.php\/wp-json\/wp\/v2\/posts"}],"about":[{"href":"https:\/\/tribunavm.com.ar\/index.php\/wp-json\/wp\/v2\/types\/post"}],"author":[{"embeddable":true,"href":"https:\/\/tribunavm.com.ar\/index.php\/wp-json\/wp\/v2\/users\/2"}],"replies":[{"embeddable":true,"href":"https:\/\/tribunavm.com.ar\/index.php\/wp-json\/wp\/v2\/comments?post=12709"}],"version-history":[{"count":5,"href":"https:\/\/tribunavm.com.ar\/index.php\/wp-json\/wp\/v2\/posts\/12709\/revisions"}],"predecessor-version":[{"id":12784,"href":"https:\/\/tribunavm.com.ar\/index.php\/wp-json\/wp\/v2\/posts\/12709\/revisions\/12784"}],"wp:featuredmedia":[{"embeddable":true,"href":"https:\/\/tribunavm.com.ar\/index.php\/wp-json\/wp\/v2\/media\/12711"}],"wp:attachment":[{"href":"https:\/\/tribunavm.com.ar\/index.php\/wp-json\/wp\/v2\/media?parent=12709"}],"wp:term":[{"taxonomy":"category","embeddable":true,"href":"https:\/\/tribunavm.com.ar\/index.php\/wp-json\/wp\/v2\/categories?post=12709"},{"taxonomy":"post_tag","embeddable":true,"href":"https:\/\/tribunavm.com.ar\/index.php\/wp-json\/wp\/v2\/tags?post=12709"}],"curies":[{"name":"wp","href":"https:\/\/api.w.org\/{rel}","templated":true}]}}