{"id":12726,"date":"2025-04-07T00:50:42","date_gmt":"2025-04-07T00:50:42","guid":{"rendered":"https:\/\/tribunavm.com.ar\/?p=12726"},"modified":"2025-04-05T19:16:26","modified_gmt":"2025-04-05T19:16:26","slug":"un-conflicto-que-se-recrudece","status":"publish","type":"post","link":"https:\/\/tribunavm.com.ar\/index.php\/2025\/04\/07\/un-conflicto-que-se-recrudece\/","title":{"rendered":"Un conflicto que se recrudece"},"content":{"rendered":"<div class=\"row clearfix\">\n<div class=\"col-md-8\">\n<p><span style=\"color: #212121; font-size: 1.5em; letter-spacing: -0.01em;\">Estados Unidos asedia a Venezuela obstruyendo sus operaciones comerciales de petr\u00f3leo y gas y apoyando a Guyana en la disputa por la explotaci\u00f3n del Esequibo.\u00a0<\/span><\/p>\n<p><span style=\"font-weight: 400;\"><span class=\"dropcap \" style=\"background-color: #ffffff; color: #dd9933; border-color: #ffffff;\">E<\/span>l pasado lunes 24 de marzo, el presidente de EE.UU., Donald Trump, anunci\u00f3 la imposici\u00f3n de <\/span><b>un arancel del 25% a todas las importaciones de cualquier pa\u00eds que compre petr\u00f3leo o gas de Venezuela<\/b><span style=\"font-weight: 400;\">. En un mensaje en su red social Truth Social, argument\u00f3 que \u201cVenezuela ha sido muy hostil\u201d acusando al pa\u00eds latinoamericano por enviar \u201ca miles de delincuentes de alto rango\u201d a Estados Unidos.<\/span><\/p>\n<p><span style=\"font-weight: 400;\">Por otro lado, el estadounidense anunci\u00f3 una extensi\u00f3n de la licencia para operar en Venezuela de la petrolera Chevron hasta el 27 de mayo. A principios de mes el Departamento del Tesoro dio a la compa\u00f1\u00eda plazo hasta el 3 de abril para liquidar sus operaciones en el pa\u00eds caribe\u00f1o.<\/span><\/p>\n<blockquote class=\"pullquote align-center\"><p><span style=\"font-weight: 400; color: #ff9900;\">En febrero, Venezuela export\u00f3 500.000 barriles diarios a China, 240.000 a Estados Unidos y 70.000 a India y Espa\u00f1a.<\/span><\/p><\/blockquote>\n<p><span style=\"font-weight: 400;\">Tras el anuncio, la canciller\u00eda venezolana public\u00f3 un comunicado en el que calific\u00f3 la medida como \u201carbitraria, ilegal y desesperada\u201d y asegur\u00f3 que \u201cconfirma el fracaso rotundo de todas las sanciones impuestas contra nuestro pa\u00eds\u201d.<\/span><\/p>\n<p><span style=\"font-weight: 400;\">En rueda de prensa, <\/span><b>Guo Jiakun, portavoz de la canciller\u00eda china<\/b><span style=\"font-weight: 400;\">, expres\u00f3 su reclamo a Washington para que <\/span><b>\u201cdeje de interferir en los asuntos internos de Venezuela\u201d<\/b><span style=\"font-weight: 400;\">.<\/span><\/p>\n<figure id=\"attachment_12730\" aria-describedby=\"caption-attachment-12730\" style=\"width: 1024px\" class=\"wp-caption alignnone\"><img loading=\"lazy\" decoding=\"async\" class=\"wp-image-12730 size-large\" src=\"https:\/\/tribunavm.com.ar\/wp-content\/uploads\/2025\/04\/Captura-de-pantalla-2025-04-05-161236-1024x437.png\" alt=\"\" width=\"1024\" height=\"437\" srcset=\"https:\/\/tribunavm.com.ar\/wp-content\/uploads\/2025\/04\/Captura-de-pantalla-2025-04-05-161236-1024x437.png 1024w, https:\/\/tribunavm.com.ar\/wp-content\/uploads\/2025\/04\/Captura-de-pantalla-2025-04-05-161236-300x128.png 300w, https:\/\/tribunavm.com.ar\/wp-content\/uploads\/2025\/04\/Captura-de-pantalla-2025-04-05-161236-768x328.png 768w, https:\/\/tribunavm.com.ar\/wp-content\/uploads\/2025\/04\/Captura-de-pantalla-2025-04-05-161236-750x320.png 750w, https:\/\/tribunavm.com.ar\/wp-content\/uploads\/2025\/04\/Captura-de-pantalla-2025-04-05-161236-1140x486.png 1140w, https:\/\/tribunavm.com.ar\/wp-content\/uploads\/2025\/04\/Captura-de-pantalla-2025-04-05-161236.png 1392w\" sizes=\"(max-width: 1024px) 100vw, 1024px\" \/><figcaption id=\"caption-attachment-12730\" class=\"wp-caption-text\">La regi\u00f3n del Esequibo contempla 160.000 kil\u00f3metros cuadrados.<\/figcaption><\/figure>\n<p><span style=\"color: #ff9900;\"><b>Vigilando el patio trasero<\/b><\/span><\/p>\n<p><span style=\"font-weight: 400;\">Paralelamente, <\/span><b>Marco Rubio, secretario de Estado del pa\u00eds norteamericano<\/b><span style=\"font-weight: 400;\">, realiz\u00f3 una gira por el Caribe en el marco de la Cumbre de la Comunidad del Caribe (Caricom), donde se reuni\u00f3 con los l\u00edderes de Hait\u00ed, Jamaica, Barbados y Trinidad y Tobago.\u00a0<\/span><\/p>\n<p><span style=\"font-weight: 400;\">La siguiente parada de su itinerario fue Georgetown, capital de Guyana, donde ofreci\u00f3 \u201cgarant\u00edas de seguridad\u201d al presidente guyan\u00e9s Irfaan Ali en el marco de su disputa con Venezuela sobre los derechos de explotaci\u00f3n del Esequibo.<\/span><\/p>\n<p><span style=\"font-weight: 400;\">\u201cSi atacaran a Guyana o a ExxonMobil [&#8230;] ser\u00eda un d\u00eda muy malo, una semana muy mala, para ellos. No terminar\u00edan bien\u201d, advirti\u00f3 Rubio en su visita a la capital guyanesa.<\/span><\/p>\n<p><span style=\"font-weight: 400;\">Un consorcio formado por Exxon, la estadounidense Hess y la china Cnooc controla toda la producci\u00f3n de petr\u00f3leo y gas en el Esequibo, que este a\u00f1o est\u00e1 produciendo 650.000 barriles diarios.<\/span><\/p>\n<figure id=\"attachment_12727\" aria-describedby=\"caption-attachment-12727\" style=\"width: 1200px\" class=\"wp-caption alignnone\"><img loading=\"lazy\" decoding=\"async\" class=\"wp-image-12727 size-full\" src=\"https:\/\/tribunavm.com.ar\/wp-content\/uploads\/2025\/04\/interior-rubio-guyana.webp\" alt=\"\" width=\"1200\" height=\"630\" srcset=\"https:\/\/tribunavm.com.ar\/wp-content\/uploads\/2025\/04\/interior-rubio-guyana.webp 1200w, https:\/\/tribunavm.com.ar\/wp-content\/uploads\/2025\/04\/interior-rubio-guyana-300x158.webp 300w, https:\/\/tribunavm.com.ar\/wp-content\/uploads\/2025\/04\/interior-rubio-guyana-1024x538.webp 1024w, https:\/\/tribunavm.com.ar\/wp-content\/uploads\/2025\/04\/interior-rubio-guyana-768x403.webp 768w, https:\/\/tribunavm.com.ar\/wp-content\/uploads\/2025\/04\/interior-rubio-guyana-750x394.webp 750w, https:\/\/tribunavm.com.ar\/wp-content\/uploads\/2025\/04\/interior-rubio-guyana-1140x599.webp 1140w\" sizes=\"(max-width: 1200px) 100vw, 1200px\" \/><figcaption id=\"caption-attachment-12727\" class=\"wp-caption-text\">Irfaan Ali, presidente de Guyana, junto al secretario de Estado estadounidense, Marco Rubio.<\/figcaption><\/figure>\n<p><span style=\"font-weight: 400;\">En ese marco, <\/span><b>el crucero de misiles USS Normandy de la Armada de Estados Unidos y el patrullero Shahoud de la Fuerza de Defensa de Guyana, realizaron ejercicios militares en aguas internacionales<\/b><span style=\"font-weight: 400;\"> y en la Zona Econ\u00f3mica Exclusiva del pa\u00eds suramericano.<\/span><\/p>\n<blockquote class=\"pullquote align-right\"><p><strong><span style=\"color: #ff9900;\"><a style=\"color: #ff9900;\" href=\"https:\/\/tribunavm.com.ar\/index.php\/2024\/02\/19\/escalada-en-el-conflicto-por-el-esequibo\/\">Escalada en el conflicto por el Esequibo\u00a0<\/a><\/span><\/strong><\/p><\/blockquote>\n<p><span style=\"font-weight: 400;\">Por su parte, el gobierno de Venezuela convoc\u00f3 a elecciones a realizarse este lunes para definir al pr\u00f3ximo gobernador del territorio. El presidente venezolano Nicolas Maduro postul\u00f3 al almirante Neil Villamizar para el cargo. En este marco, asegur\u00f3 el jueves que \u201cm\u00e1s temprano que tarde, con inteligencia, audacia y estrategia, lograremos (recuperar nuestros) derechos hist\u00f3ricos\u201d.\u00a0<\/span><\/p>\n<p><span style=\"font-weight: 400;\">A su vez, el pasado lunes Trump cancel\u00f3 los permisos de exportaci\u00f3n a la petrolera estatal venezolana PDVSA. Entre las compa\u00f1\u00edas afectadas est\u00e1n la estadounidense Global Oil Terminals, la italiana Eni, la francesa Maurel &amp; Prom, la espa\u00f1ola Repsol y la india Reliance Industries.<\/span><\/p>\n<\/div>\n<\/div>\n","protected":false},"excerpt":{"rendered":"<p>Estados Unidos asedia a Venezuela obstruyendo sus operaciones comerciales de petr\u00f3leo y gas y apoyando a Guyana en la disputa por la explotaci\u00f3n del Esequibo.\u00a0<\/p>\n","protected":false},"author":2,"featured_media":12728,"comment_status":"open","ping_status":"open","sticky":false,"template":"","format":"standard","meta":{"_exactmetrics_skip_tracking":false,"_exactmetrics_sitenote_active":false,"_exactmetrics_sitenote_note":"","_exactmetrics_sitenote_category":0,"jnews-multi-image_gallery":[],"jnews_single_post":{"format":"standard","override":[{"template":"5","parallax":"1","fullscreen":"1","layout":"right-sidebar","sidebar":"default-sidebar","second_sidebar":"default-sidebar","sticky_sidebar":"1","share_position":"hide","share_float_style":"share-monocrhome","show_featured":"1","show_post_meta":"1","show_post_author_image":"1","show_post_date":"1","post_date_format":"custom","post_date_format_custom":"d-m-Y","show_post_category":"1","post_reading_time_wpm":"300","post_calculate_word_method":"count_blank","show_zoom_button":"0","zoom_button_out_step":"2","zoom_button_in_step":"3","show_post_tag":"1","number_popup_post":"1","show_author_box":"0","show_post_related":"1"}],"image_override":[{"single_post_thumbnail_size":"crop-500","single_post_gallery_size":"crop-500"}],"trending_post_position":"meta","trending_post_label":"Trending","sponsored_post_label":"Sponsored by","disable_ad":"0"},"jnews_primary_category":[],"jnews_social_meta":[],"jnews_override_counter":{"view_counter_number":"0","share_counter_number":"0","like_counter_number":"0","dislike_counter_number":"0"},"_joinchat":[],"footnotes":""},"categories":[277],"tags":[198,46,462,348],"class_list":["post-12726","post","type-post","status-publish","format-standard","has-post-thumbnail","hentry","category-latinoamerica","tag-eeuu","tag-energia","tag-guyana","tag-venezuela"],"_links":{"self":[{"href":"https:\/\/tribunavm.com.ar\/index.php\/wp-json\/wp\/v2\/posts\/12726"}],"collection":[{"href":"https:\/\/tribunavm.com.ar\/index.php\/wp-json\/wp\/v2\/posts"}],"about":[{"href":"https:\/\/tribunavm.com.ar\/index.php\/wp-json\/wp\/v2\/types\/post"}],"author":[{"embeddable":true,"href":"https:\/\/tribunavm.com.ar\/index.php\/wp-json\/wp\/v2\/users\/2"}],"replies":[{"embeddable":true,"href":"https:\/\/tribunavm.com.ar\/index.php\/wp-json\/wp\/v2\/comments?post=12726"}],"version-history":[{"count":1,"href":"https:\/\/tribunavm.com.ar\/index.php\/wp-json\/wp\/v2\/posts\/12726\/revisions"}],"predecessor-version":[{"id":12731,"href":"https:\/\/tribunavm.com.ar\/index.php\/wp-json\/wp\/v2\/posts\/12726\/revisions\/12731"}],"wp:featuredmedia":[{"embeddable":true,"href":"https:\/\/tribunavm.com.ar\/index.php\/wp-json\/wp\/v2\/media\/12728"}],"wp:attachment":[{"href":"https:\/\/tribunavm.com.ar\/index.php\/wp-json\/wp\/v2\/media?parent=12726"}],"wp:term":[{"taxonomy":"category","embeddable":true,"href":"https:\/\/tribunavm.com.ar\/index.php\/wp-json\/wp\/v2\/categories?post=12726"},{"taxonomy":"post_tag","embeddable":true,"href":"https:\/\/tribunavm.com.ar\/index.php\/wp-json\/wp\/v2\/tags?post=12726"}],"curies":[{"name":"wp","href":"https:\/\/api.w.org\/{rel}","templated":true}]}}