{"id":12732,"date":"2025-04-07T00:34:11","date_gmt":"2025-04-07T00:34:11","guid":{"rendered":"https:\/\/tribunavm.com.ar\/?p=12732"},"modified":"2025-04-05T19:42:08","modified_gmt":"2025-04-05T19:42:08","slug":"paros-y-movilizaciones-en-panama","status":"publish","type":"post","link":"https:\/\/tribunavm.com.ar\/index.php\/2025\/04\/07\/paros-y-movilizaciones-en-panama\/","title":{"rendered":"Paros y movilizaciones en Panam\u00e1"},"content":{"rendered":"<div class=\"row clearfix\">\n<div class=\"col-md-8\">\n<p><span style=\"color: #212121; font-size: 1.5em; letter-spacing: -0.01em;\">Los gremios realizan protestas en todo el pa\u00eds contra las medidas del gobierno de Jos\u00e9 Mulino y la injerencia estadounidense.<\/span><\/p>\n<p><span style=\"font-weight: 400;\"><span class=\"dropcap \" style=\"background-color: #ffffff; color: #dd9933; border-color: #ffffff;\">S<\/span>indicatos paname\u00f1os reclaman frente a medidas dictadas por el gobierno de Mulino, entre las cuales se encuentra las reformas de la Caja de Seguro Social (CSS), la r<\/span><b>eapertura de la mayor mina de Centroam\u00e9rica con capital canadiense, y la construcci\u00f3n del embalse en la zona de r\u00edo Indio, en la cuenca del Canal de Panam\u00e1<\/b><span style=\"font-weight: 400;\">.<\/span><\/p>\n<p><span style=\"font-weight: 400;\">En ese contexto, los gremios docentes realizaron como primera acci\u00f3n un paro de 48 horas el jueves 3 y viernes 4 contra la <\/span><span style=\"color: #ff9900;\"><a style=\"color: #ff9900;\" href=\"https:\/\/www.presidencia.gob.pa\/publicacion\/presidente-mulino-sanciona-nueva-ley-de-la-css\"><span style=\"font-weight: 400;\">Ley 462<\/span><\/a><\/span><span style=\"font-weight: 400;\">.\u00a0 El integrante del Frente de Acci\u00f3n Magisterial, Fernando \u00c1brego, dijo que la norma atenta \u201ccontra la calidad de vida de la clase obrera\u201d, y agreg\u00f3 que consolida \u201cel modelo de cuentas individuales privatizadas, pensiones de miseria, el aumento enmascarado de la edad de retiro\u201d, entre otros puntos.<\/span><\/p>\n<p><span style=\"font-weight: 400;\">Desde el Sindicato \u00danico Nacional de Trabajadores de la Industria de la Construcci\u00f3n y similares (Suntracs) calificaron la ley como parte de una \u201cpol\u00edtica neoliberal retr\u00f3grada\u201d y <\/span><b>anunciaron que se mantendr\u00e1n movilizados, incluyendo una huelga nacional indefinida, hasta lograr su derogaci\u00f3n<\/b><span style=\"font-weight: 400;\">.<\/span><\/p>\n<figure id=\"attachment_12734\" aria-describedby=\"caption-attachment-12734\" style=\"width: 768px\" class=\"wp-caption alignnone\"><img loading=\"lazy\" decoding=\"async\" class=\"wp-image-12734 size-full\" src=\"https:\/\/tribunavm.com.ar\/wp-content\/uploads\/2025\/04\/suntraccc.png\" alt=\"\" width=\"768\" height=\"432\" srcset=\"https:\/\/tribunavm.com.ar\/wp-content\/uploads\/2025\/04\/suntraccc.png 768w, https:\/\/tribunavm.com.ar\/wp-content\/uploads\/2025\/04\/suntraccc-300x169.png 300w, https:\/\/tribunavm.com.ar\/wp-content\/uploads\/2025\/04\/suntraccc-750x422.png 750w\" sizes=\"(max-width: 768px) 100vw, 768px\" \/><figcaption id=\"caption-attachment-12734\" class=\"wp-caption-text\">SUNTRACS es una de las principales fuerzas sindicales en Panam\u00e1 de trabajadores con 40.000 miembros.<\/figcaption><\/figure>\n<p><span style=\"font-weight: 400;\">El secretario general del Suntracs, Sa\u00fal Mendez, mencion\u00f3 que apoyar\u00e1n a los docentes en sus medidas y denunci\u00f3 a su vez \u201cel aumento de la corrupci\u00f3n, la negociaci\u00f3n de las bases militares y la reapertura de minas ilegales\u201d.\u00a0\u00a0<\/span><\/p>\n<p><span style=\"font-weight: 400;\">\u201cMulino gobierna con amenazas, mientras reprime al pueblo, se arrodilla ante Trump y negocia en secreto la soberan\u00eda\u201d, a\u00f1adi\u00f3 M\u00e9ndez, en referencia a recientes ejercicios militares estadounidenses en el pa\u00eds.<\/span><\/p>\n<p><span style=\"font-weight: 400;\">Entre las pr\u00f3ximas medidas, el secretario general de Convergencia Sindical, Eduardo Gil, adelant\u00f3 que el 7 de abril habr\u00e1 manifestaciones en rechazo a la visita del secretario de Defensa de Estados Unidos, Pete Hegseth, al istmo del Canal de Panam\u00e1.<\/span><\/p>\n<\/div>\n<div class=\"col-md-3\">\n<p>&nbsp;<\/p>\n<\/div>\n<\/div>\n","protected":false},"excerpt":{"rendered":"<p>Entre las pr\u00f3ximas medidas, el secretario general de Convergencia Sindical, Eduardo Gil, adelant\u00f3 que el 7 de abril habr\u00e1 manifestaciones en rechazo a la visita del secretario de Defensa de Estados Unidos, Pete Hegseth, al istmo del Canal de Panam\u00e1.<\/p>\n","protected":false},"author":2,"featured_media":12733,"comment_status":"open","ping_status":"open","sticky":false,"template":"","format":"standard","meta":{"_exactmetrics_skip_tracking":false,"_exactmetrics_sitenote_active":false,"_exactmetrics_sitenote_note":"","_exactmetrics_sitenote_category":0,"jnews-multi-image_gallery":[],"jnews_single_post":{"format":"standard","override":[{"template":"5","parallax":"1","fullscreen":"1","layout":"right-sidebar","sidebar":"default-sidebar","second_sidebar":"default-sidebar","sticky_sidebar":"1","share_position":"hide","share_float_style":"share-monocrhome","show_featured":"1","show_post_meta":"1","show_post_author_image":"1","show_post_date":"1","post_date_format":"custom","post_date_format_custom":"d-m-Y","show_post_category":"1","post_reading_time_wpm":"300","post_calculate_word_method":"count_blank","show_zoom_button":"0","zoom_button_out_step":"2","zoom_button_in_step":"3","show_post_tag":"1","number_popup_post":"1","show_author_box":"0","show_post_related":"1"}],"image_override":[{"single_post_thumbnail_size":"crop-500","single_post_gallery_size":"crop-500"}],"trending_post_position":"meta","trending_post_label":"Trending","sponsored_post_label":"Sponsored by","disable_ad":"0"},"jnews_primary_category":[],"jnews_social_meta":[],"jnews_override_counter":{"view_counter_number":"0","share_counter_number":"0","like_counter_number":"0","dislike_counter_number":"0"},"_joinchat":[],"footnotes":""},"categories":[277],"tags":[535],"class_list":["post-12732","post","type-post","status-publish","format-standard","has-post-thumbnail","hentry","category-latinoamerica","tag-panama"],"_links":{"self":[{"href":"https:\/\/tribunavm.com.ar\/index.php\/wp-json\/wp\/v2\/posts\/12732"}],"collection":[{"href":"https:\/\/tribunavm.com.ar\/index.php\/wp-json\/wp\/v2\/posts"}],"about":[{"href":"https:\/\/tribunavm.com.ar\/index.php\/wp-json\/wp\/v2\/types\/post"}],"author":[{"embeddable":true,"href":"https:\/\/tribunavm.com.ar\/index.php\/wp-json\/wp\/v2\/users\/2"}],"replies":[{"embeddable":true,"href":"https:\/\/tribunavm.com.ar\/index.php\/wp-json\/wp\/v2\/comments?post=12732"}],"version-history":[{"count":1,"href":"https:\/\/tribunavm.com.ar\/index.php\/wp-json\/wp\/v2\/posts\/12732\/revisions"}],"predecessor-version":[{"id":12735,"href":"https:\/\/tribunavm.com.ar\/index.php\/wp-json\/wp\/v2\/posts\/12732\/revisions\/12735"}],"wp:featuredmedia":[{"embeddable":true,"href":"https:\/\/tribunavm.com.ar\/index.php\/wp-json\/wp\/v2\/media\/12733"}],"wp:attachment":[{"href":"https:\/\/tribunavm.com.ar\/index.php\/wp-json\/wp\/v2\/media?parent=12732"}],"wp:term":[{"taxonomy":"category","embeddable":true,"href":"https:\/\/tribunavm.com.ar\/index.php\/wp-json\/wp\/v2\/categories?post=12732"},{"taxonomy":"post_tag","embeddable":true,"href":"https:\/\/tribunavm.com.ar\/index.php\/wp-json\/wp\/v2\/tags?post=12732"}],"curies":[{"name":"wp","href":"https:\/\/api.w.org\/{rel}","templated":true}]}}