{"id":12837,"date":"2025-04-21T00:47:44","date_gmt":"2025-04-21T00:47:44","guid":{"rendered":"https:\/\/tribunavm.com.ar\/?p=12837"},"modified":"2025-04-21T11:13:23","modified_gmt":"2025-04-21T11:13:23","slug":"ix-cumbre-de-celac-en-honduras","status":"publish","type":"post","link":"https:\/\/tribunavm.com.ar\/index.php\/2025\/04\/21\/ix-cumbre-de-celac-en-honduras\/","title":{"rendered":"IX Cumbre de Celac en Honduras"},"content":{"rendered":"<div class=\"row clearfix\">\n<div class=\"col-md-8\">\n<p><span style=\"color: #212121; font-size: 1.5em; letter-spacing: -0.01em;\">30 de los 33 pa\u00edses que conforman la organizaci\u00f3n aprobaron la \u201cDeclaraci\u00f3n de Tegucigalpa\u201d. Argentina, Paraguay y Nicaragua no dieron su consenso.<\/span><\/p>\n<p><span style=\"font-weight: 400;\"><span class=\"dropcap \" style=\"background-color: #ffffff; color: #dd9933; border-color: #ffffff;\">E<\/span>l pasado 9 de abril <\/span><b>se realiz\u00f3 en Honduras la IX Cumbre de la Comunidad de Estados Latinoamericanos y Caribe\u00f1os (Celac) <\/b><span style=\"font-weight: 400;\">de la que participaron representantes de los 33 pa\u00edses que la conforman.<\/span><\/p>\n<p><span style=\"font-weight: 400;\">Entre ellos estaban Lula da Silva (Brasil), Claudia Sheinbaum (M\u00e9xico), Gustavo Petro (Colombia), Luis Arce (Bolivia), Miguel D\u00edaz-Canel (Cuba), Yamand\u00fa Orsi (Uruguay) y Bernardo Ar\u00e9valo (Guatemala). El foro no cont\u00f3 con la participaci\u00f3n del presidente argentino, Javier Milei, y en su lugar estuvo al vicecanciller Eduardo Bustamente.<\/span><\/p>\n<p><span style=\"font-weight: 400;\">El encuentro gir\u00f3 en torno al desarrollo de dos ejes principales, por un lado, las cr\u00edticas a la &#8220;cruzada arancelaria&#8221; de Estados Unidos y, por otro, el fortalecimiento del bloque regional frente a los desaf\u00edos globales.<\/span><\/p>\n<blockquote class=\"pullquote align-right\"><p><strong><span style=\"color: #ff9900;\"><a style=\"color: #ff9900;\" href=\"https:\/\/tribunavm.com.ar\/index.php\/2023\/07\/23\/cumbre-celac-union-europea-en-bruselas\/\">Cumbre CELAC-Uni\u00f3n Europea en Bruselas<\/a><\/span><\/strong><\/p><\/blockquote>\n<p><span style=\"font-weight: 400;\">La presidenta de Honduras, Xiomara Castro, dijo en su discurso de apertura: \u201cNo podemos seguir caminando separados mientras Estados Unidos redibuja su mapa econ\u00f3mico sin preguntarse qu\u00e9 pueblos quedan atr\u00e1s\u201d.\u00a0<\/span><\/p>\n<p><span style=\"font-weight: 400;\">30 de los 33 pa\u00edses que participaron de la cumbre refrendaron la \u201c<\/span><span style=\"color: #ff9900;\"><a style=\"color: #ff9900;\" href=\"https:\/\/www.minrel.gob.cl\/minrel\/site\/docs\/20250410\/20250410123902\/declaracion_de_tegucigalpa.pdf\"><span style=\"font-weight: 400;\">Declaraci\u00f3n de Tegucigalpa<\/span><\/a><\/span><span style=\"font-weight: 400;\">\u201d. El documento rechaza \u201cla imposici\u00f3n de medidas coercitivas unilaterales contrarias al Derecho Internacional\u201d, y promueve las intervenciones conjuntas y el fortalecimiento de lazos de cooperaci\u00f3n con los pa\u00edses integrantes.<\/span><\/p>\n<p><span style=\"font-weight: 400;\">Argentina, Paraguay y Nicaragua, decidieron no adoptar la resoluci\u00f3n. En un comunicado de la Canciller\u00eda Argentina declararon que <\/span><b>rechazan \u201cla violaci\u00f3n de los procedimientos que rigen el funcionamiento\u201d <\/b><span style=\"font-weight: 400;\">ya que debido al desacuerdo con la resolucion, la misma se public\u00f3 bajo el llamado \u201cconsenso suficiente\u201d, definicion a la que denominaron \u201cexpresi\u00f3n ambigua e imprecisa que contradice el principio de consenso pleno\u201d.<\/span><\/p>\n<p><span style=\"font-weight: 400;\">Por su parte, Nicaragua en un documento titulado \u201cNo hubo ni hay consenso\u201d, asegur\u00f3 que su rechazo se debe a la ausencia de acuerdos para enfrentar las consecuencias de la pol\u00edtica arancelaria lanzada por EE.UU y sus consecuencias.<\/span><\/p>\n<\/div>\n<\/div>\n","protected":false},"excerpt":{"rendered":"<p>30 de los 33 pa\u00edses que conforman la organizaci\u00f3n aprobaron la \u201cDeclaraci\u00f3n de Tegucigalpa\u201d. Argentina, Paraguay y Nicaragua no dieron su consenso.<\/p>\n","protected":false},"author":2,"featured_media":12838,"comment_status":"open","ping_status":"open","sticky":false,"template":"","format":"standard","meta":{"_exactmetrics_skip_tracking":false,"_exactmetrics_sitenote_active":false,"_exactmetrics_sitenote_note":"","_exactmetrics_sitenote_category":0,"jnews-multi-image_gallery":[],"jnews_single_post":{"format":"standard","override":[{"template":"5","parallax":"1","fullscreen":"1","layout":"right-sidebar","sidebar":"default-sidebar","second_sidebar":"default-sidebar","sticky_sidebar":"1","share_position":"hide","share_float_style":"share-monocrhome","show_featured":"1","show_post_meta":"1","show_post_author_image":"1","show_post_date":"1","post_date_format":"custom","post_date_format_custom":"d-m-Y","show_post_category":"1","post_reading_time_wpm":"300","post_calculate_word_method":"count_blank","show_zoom_button":"0","zoom_button_out_step":"2","zoom_button_in_step":"3","show_post_tag":"1","number_popup_post":"1","show_author_box":"0","show_post_related":"1"}],"image_override":[{"single_post_thumbnail_size":"crop-500","single_post_gallery_size":"crop-500"}],"trending_post_position":"meta","trending_post_label":"Trending","sponsored_post_label":"Sponsored by","disable_ad":"0"},"jnews_primary_category":[],"jnews_social_meta":[],"jnews_override_counter":{"view_counter_number":"0","share_counter_number":"0","like_counter_number":"0","dislike_counter_number":"0"},"_joinchat":[],"footnotes":""},"categories":[277],"tags":[566],"class_list":["post-12837","post","type-post","status-publish","format-standard","has-post-thumbnail","hentry","category-latinoamerica","tag-honduras"],"_links":{"self":[{"href":"https:\/\/tribunavm.com.ar\/index.php\/wp-json\/wp\/v2\/posts\/12837"}],"collection":[{"href":"https:\/\/tribunavm.com.ar\/index.php\/wp-json\/wp\/v2\/posts"}],"about":[{"href":"https:\/\/tribunavm.com.ar\/index.php\/wp-json\/wp\/v2\/types\/post"}],"author":[{"embeddable":true,"href":"https:\/\/tribunavm.com.ar\/index.php\/wp-json\/wp\/v2\/users\/2"}],"replies":[{"embeddable":true,"href":"https:\/\/tribunavm.com.ar\/index.php\/wp-json\/wp\/v2\/comments?post=12837"}],"version-history":[{"count":1,"href":"https:\/\/tribunavm.com.ar\/index.php\/wp-json\/wp\/v2\/posts\/12837\/revisions"}],"predecessor-version":[{"id":12839,"href":"https:\/\/tribunavm.com.ar\/index.php\/wp-json\/wp\/v2\/posts\/12837\/revisions\/12839"}],"wp:featuredmedia":[{"embeddable":true,"href":"https:\/\/tribunavm.com.ar\/index.php\/wp-json\/wp\/v2\/media\/12838"}],"wp:attachment":[{"href":"https:\/\/tribunavm.com.ar\/index.php\/wp-json\/wp\/v2\/media?parent=12837"}],"wp:term":[{"taxonomy":"category","embeddable":true,"href":"https:\/\/tribunavm.com.ar\/index.php\/wp-json\/wp\/v2\/categories?post=12837"},{"taxonomy":"post_tag","embeddable":true,"href":"https:\/\/tribunavm.com.ar\/index.php\/wp-json\/wp\/v2\/tags?post=12837"}],"curies":[{"name":"wp","href":"https:\/\/api.w.org\/{rel}","templated":true}]}}