{"id":12849,"date":"2025-04-21T00:27:47","date_gmt":"2025-04-21T00:27:47","guid":{"rendered":"https:\/\/tribunavm.com.ar\/?p=12849"},"modified":"2025-04-19T20:43:57","modified_gmt":"2025-04-19T20:43:57","slug":"aguila-vigila","status":"publish","type":"post","link":"https:\/\/tribunavm.com.ar\/index.php\/2025\/04\/21\/aguila-vigila\/","title":{"rendered":"El \u00e1guila vigila de cerca"},"content":{"rendered":"<div class=\"row clearfix\">\n<div class=\"col-md-8\">\n<p><span style=\"color: #212121; font-size: 1.5em; letter-spacing: -0.01em;\">Se avanza en la desregulaci\u00f3n comercial con EE.UU. Quejas de sectores industriales por el ingreso de productos usados.<\/span><\/p>\n<p><span style=\"font-weight: 400;\"><span class=\"dropcap \" style=\"background-color: #ffffff; color: #dd9933; border-color: #ffffff;\">E<\/span>l secretario del Tesoro de los Estados Unidos, Scott Bessent, lleg\u00f3 a Argentina para reunirse con los funcionarios locales. Del encuentro participaron el presidente Javier Milei, el ministro de Econom\u00eda, Luis Caputo; el presidente del Banco Central, Santiago Bausili; el secretario de Finanzas, Pablo Quirno; y el secretario de Pol\u00edticas Econ\u00f3micas, Jos\u00e9 Luis Daza.<\/span><\/p>\n<p><span style=\"font-weight: 400;\">Luego de la reuni\u00f3n, Bessent y Milei realizaron una conferencia de prensa desde Casa Rosada. All\u00ed, el presidente sostuvo que <\/span><b>\u201cel mundo ya no es el mismo que hace 10 a\u00f1os\u201d<\/b><span style=\"font-weight: 400;\">, producto de \u201cacumular tensiones en el orden global\u201d por lo que \u201cse est\u00e1 reconfigurando\u201d.<\/span><\/p>\n<p><span style=\"font-weight: 400;\">Adem\u00e1s, remarc\u00f3 que los <\/span><b>aranceles que impuso Donald Trump<\/b><span style=\"font-weight: 400;\"> \u201cest\u00e1 haciendo que se discutan desequilibrios comerciales en pos de un redise\u00f1o m\u00e1s justo\u201d. Por lo tanto, <\/span><b>\u201cestamos listos para firmar un acuerdo comercial\u201d con los Estados Unidos<\/b><span style=\"font-weight: 400;\">.<\/span><\/p>\n<p><span style=\"font-weight: 400;\">Previamente al encuentro, Bessent fue consultado por la agencia Bloomberg, acerca del <\/span><b>swap en yuanes<\/b><span style=\"font-weight: 400;\"> firmado con China que constituyen cerca del 30% de las reservas internacionales del Banco Central. Bessent respondi\u00f3 que &#8220;Argentina deber\u00eda tener flujos extranjeros para pagarlo (al swap)&#8221;, y aclar\u00f3 que su objetivo es &#8220;evitar lo que ha pasado en \u00c1frica, donde <\/span><b>China firm\u00f3 acuerdos rapaces<\/b><span style=\"font-weight: 400;\">, donde se adue\u00f1aron de derechos minerales y los endeudaron con arreglos secretos&#8221;.<\/span><\/p>\n<figure id=\"attachment_12850\" aria-describedby=\"caption-attachment-12850\" style=\"width: 1024px\" class=\"wp-caption alignnone\"><img loading=\"lazy\" decoding=\"async\" class=\"wp-image-12850 size-large\" src=\"https:\/\/tribunavm.com.ar\/wp-content\/uploads\/2025\/04\/tesoroeeuu-1024x683.jpg\" alt=\"\" width=\"1024\" height=\"683\" srcset=\"https:\/\/tribunavm.com.ar\/wp-content\/uploads\/2025\/04\/tesoroeeuu-1024x683.jpg 1024w, https:\/\/tribunavm.com.ar\/wp-content\/uploads\/2025\/04\/tesoroeeuu-300x200.jpg 300w, https:\/\/tribunavm.com.ar\/wp-content\/uploads\/2025\/04\/tesoroeeuu-768x512.jpg 768w, https:\/\/tribunavm.com.ar\/wp-content\/uploads\/2025\/04\/tesoroeeuu-1536x1024.jpg 1536w, https:\/\/tribunavm.com.ar\/wp-content\/uploads\/2025\/04\/tesoroeeuu-750x500.jpg 750w, https:\/\/tribunavm.com.ar\/wp-content\/uploads\/2025\/04\/tesoroeeuu-1140x760.jpg 1140w, https:\/\/tribunavm.com.ar\/wp-content\/uploads\/2025\/04\/tesoroeeuu.jpg 1620w\" sizes=\"(max-width: 1024px) 100vw, 1024px\" \/><figcaption id=\"caption-attachment-12850\" class=\"wp-caption-text\">La embajada de EE.UU en Argentina remarc\u00f3 que Bessent elogi\u00f3 a Milei \u201cpor la pronta decisi\u00f3n de su gobierno de reducir las barreras al comercio rec\u00edproco con los Estados Unidos\u201d.<\/figcaption><\/figure>\n<p><span style=\"color: #ff9900;\"><b>Industriales afectados<\/b><\/span><\/p>\n<p><span style=\"font-weight: 400;\">El d\u00eda jueves a trav\u00e9s del <\/span><a href=\"https:\/\/www.boletinoficial.gov.ar\/detalleAviso\/primera\/324095\/20250416\"><span style=\"font-weight: 400;\"><span style=\"color: #ff9900;\">Decreto 273\/2025<\/span><\/span><\/a><span style=\"font-weight: 400;\">, <\/span><b>el Gobierno Nacional derog\u00f3 la exigencia del Certificado de Importaci\u00f3n de Bienes Usados (CIBU)<\/b><span style=\"font-weight: 400;\">, un tr\u00e1mite que restring\u00eda el ingreso de maquinaria usada al pa\u00eds.\u00a0<\/span><\/p>\n<p><span style=\"font-weight: 400;\">Seg\u00fan inform\u00f3 en un comunicado la Secretar\u00eda de Comercio, &#8220;la emisi\u00f3n del CIBU s\u00f3lo se autorizaba si no exist\u00edan fabricantes locales de bienes similares, lo que constitu\u00eda una prohibici\u00f3n econ\u00f3mica y contradec\u00eda el Decreto presidencial 70\/2023\u201d.<\/span><\/p>\n<p><span style=\"font-weight: 400;\">Tras conocerse la medida, <\/span><b>sectores industriales salieron a cuestionar la decisi\u00f3n<\/b><span style=\"font-weight: 400;\"> se\u00f1alando que ser\u00e1n afectados en el marco de una competencia desleal. El presidente de la c\u00e1mara de fabricantes de maquinaria agr\u00edcola de C\u00f3rdoba, <\/span><span style=\"color: #ff9900;\"><a style=\"color: #ff9900;\" href=\"https:\/\/afamac.com.ar\/catalogo\/\"><span style=\"font-weight: 400;\">AFAMAC<\/span><\/a><\/span><span style=\"font-weight: 400;\">, Gustavo Piccioni expres\u00f3 que <\/span><b>\u201cesto pone en riesgo toda la cadena de valor del sector\u201d<\/b><span style=\"font-weight: 400;\">, ya que \u201cno puede competir en precio por las deficiencias estructurales de nuestro pa\u00eds\u201d.<\/span><\/p>\n<p><span style=\"font-weight: 400;\">\u201cA lo mejor una medida que quiere facilitar y potenciar al productor termina perjudicando a toda la industria nacional. No se trata de cerrarse al mundo, sino de abrirse con inteligencia. Si no tenemos igualdad de condiciones, no hay forma de competir\u201d, sentenci\u00f3 Piccioni.<\/span><\/p>\n<figure id=\"attachment_12851\" aria-describedby=\"caption-attachment-12851\" style=\"width: 1024px\" class=\"wp-caption alignnone\"><img loading=\"lazy\" decoding=\"async\" class=\"wp-image-12851 size-large\" src=\"https:\/\/tribunavm.com.ar\/wp-content\/uploads\/2025\/04\/COSTO-MAQUINARIA-1024x576.png\" alt=\"\" width=\"1024\" height=\"576\" srcset=\"https:\/\/tribunavm.com.ar\/wp-content\/uploads\/2025\/04\/COSTO-MAQUINARIA-1024x576.png 1024w, https:\/\/tribunavm.com.ar\/wp-content\/uploads\/2025\/04\/COSTO-MAQUINARIA-300x169.png 300w, https:\/\/tribunavm.com.ar\/wp-content\/uploads\/2025\/04\/COSTO-MAQUINARIA-768x432.png 768w, https:\/\/tribunavm.com.ar\/wp-content\/uploads\/2025\/04\/COSTO-MAQUINARIA-750x422.png 750w, https:\/\/tribunavm.com.ar\/wp-content\/uploads\/2025\/04\/COSTO-MAQUINARIA-1140x641.png 1140w, https:\/\/tribunavm.com.ar\/wp-content\/uploads\/2025\/04\/COSTO-MAQUINARIA.png 1200w\" sizes=\"(max-width: 1024px) 100vw, 1024px\" \/><figcaption id=\"caption-attachment-12851\" class=\"wp-caption-text\">Imagen difundida por el gobierno con la cual promociona los impactos esperables de la eliminaci\u00f3n del CIBU.<\/figcaption><\/figure>\n<p><span style=\"font-weight: 400;\">Por su parte, la<\/span><b> Uni\u00f3n Industrial Argentina (UIA)<\/b><span style=\"font-weight: 400;\"> fue contundente al sostener que el CIBU era \u201cuna forma de evitar que Argentina reciba descartes y material obsoleto de otras industrias\u201d. Por lo tanto, <\/span><b>\u201csu derogaci\u00f3n es un retroceso\u201d y \u201cconfigura una competencia absolutamente desigual\u201d en \u201cmomentos donde el mundo defiende sus industrias estrat\u00e9gicas\u201d<\/b><span style=\"font-weight: 400;\">.<\/span><\/p>\n<p><span style=\"font-weight: 400;\">Desde UIA ilustran que el sector metalmec\u00e1nico en Argentina est\u00e1 conformado por m\u00e1s de 20.000 empresas, y emplea a m\u00e1s de 300.000 trabajadores de forma directa siendo responsable del 25% del producto industrial nacional.\u00a0<\/span><\/p>\n<p><span style=\"font-weight: 400;\">Tambi\u00e9n la <\/span><b>Federaci\u00f3n Industrial de Santa Fe (FISFE)<\/b><span style=\"font-weight: 400;\"> exclam\u00f3 que la medida \u201cexpone a la industria nacional a una competencia desleal\u201d. <\/span><span style=\"font-weight: 400;\">Indican que \u201cSanta Fe cuenta con un entramado industrial metalmec\u00e1nico robusto y diverso, con m\u00e1s de 2.000 f\u00e1bricas de maquinaria y productos metalmec\u00e1nicos, distribuidas entre grandes ciudades y localidades del interior productivo, que generan en conjunto m\u00e1s de 50.000 puestos de trabajo\u201d. <\/span><span style=\"font-weight: 400;\">Interpelan al gobierno a realizar \u201cuna revisi\u00f3n urgente de esta decisi\u00f3n, que atenta contra la industria local\u201d.<\/span><\/p>\n<\/div>\n<div class=\"col-md-3\">\n<p>&nbsp;<\/p>\n<\/div>\n<\/div>\n","protected":false},"excerpt":{"rendered":"<p>Se avanza en la desregulaci\u00f3n comercial con EE.UU. Quejas de sectores industriales por el ingreso de productos usados.<\/p>\n","protected":false},"author":2,"featured_media":12852,"comment_status":"open","ping_status":"open","sticky":false,"template":"","format":"standard","meta":{"_exactmetrics_skip_tracking":false,"_exactmetrics_sitenote_active":false,"_exactmetrics_sitenote_note":"","_exactmetrics_sitenote_category":0,"jnews-multi-image_gallery":[],"jnews_single_post":{"format":"standard","override":[{"template":"5","parallax":"1","fullscreen":"1","layout":"right-sidebar","sidebar":"default-sidebar","second_sidebar":"default-sidebar","sticky_sidebar":"1","share_position":"hide","share_float_style":"share-monocrhome","show_featured":"1","show_post_meta":"1","show_post_author_image":"1","show_post_date":"1","post_date_format":"custom","post_date_format_custom":"d-m-Y","show_post_category":"1","post_reading_time_wpm":"300","post_calculate_word_method":"count_blank","show_zoom_button":"0","zoom_button_out_step":"2","zoom_button_in_step":"3","show_post_tag":"1","number_popup_post":"1","show_author_box":"0","show_post_related":"1"}],"image_override":[{"single_post_thumbnail_size":"crop-500","single_post_gallery_size":"crop-500"}],"trending_post_position":"meta","trending_post_label":"Trending","sponsored_post_label":"Sponsored by","disable_ad":"0"},"jnews_primary_category":[],"jnews_social_meta":[],"jnews_override_counter":{"view_counter_number":"0","share_counter_number":"0","like_counter_number":"0","dislike_counter_number":"0"},"_joinchat":[],"footnotes":""},"categories":[279],"tags":[41,198,42,528],"class_list":["post-12849","post","type-post","status-publish","format-standard","has-post-thumbnail","hentry","category-gobierno","tag-agro","tag-eeuu","tag-industria","tag-uia"],"_links":{"self":[{"href":"https:\/\/tribunavm.com.ar\/index.php\/wp-json\/wp\/v2\/posts\/12849"}],"collection":[{"href":"https:\/\/tribunavm.com.ar\/index.php\/wp-json\/wp\/v2\/posts"}],"about":[{"href":"https:\/\/tribunavm.com.ar\/index.php\/wp-json\/wp\/v2\/types\/post"}],"author":[{"embeddable":true,"href":"https:\/\/tribunavm.com.ar\/index.php\/wp-json\/wp\/v2\/users\/2"}],"replies":[{"embeddable":true,"href":"https:\/\/tribunavm.com.ar\/index.php\/wp-json\/wp\/v2\/comments?post=12849"}],"version-history":[{"count":2,"href":"https:\/\/tribunavm.com.ar\/index.php\/wp-json\/wp\/v2\/posts\/12849\/revisions"}],"predecessor-version":[{"id":12854,"href":"https:\/\/tribunavm.com.ar\/index.php\/wp-json\/wp\/v2\/posts\/12849\/revisions\/12854"}],"wp:featuredmedia":[{"embeddable":true,"href":"https:\/\/tribunavm.com.ar\/index.php\/wp-json\/wp\/v2\/media\/12852"}],"wp:attachment":[{"href":"https:\/\/tribunavm.com.ar\/index.php\/wp-json\/wp\/v2\/media?parent=12849"}],"wp:term":[{"taxonomy":"category","embeddable":true,"href":"https:\/\/tribunavm.com.ar\/index.php\/wp-json\/wp\/v2\/categories?post=12849"},{"taxonomy":"post_tag","embeddable":true,"href":"https:\/\/tribunavm.com.ar\/index.php\/wp-json\/wp\/v2\/tags?post=12849"}],"curies":[{"name":"wp","href":"https:\/\/api.w.org\/{rel}","templated":true}]}}