{"id":12915,"date":"2025-05-05T00:25:40","date_gmt":"2025-05-05T00:25:40","guid":{"rendered":"https:\/\/tribunavm.com.ar\/?p=12915"},"modified":"2025-05-05T11:58:40","modified_gmt":"2025-05-05T11:58:40","slug":"una-primavera-con-mal-clima","status":"publish","type":"post","link":"https:\/\/tribunavm.com.ar\/index.php\/2025\/05\/05\/una-primavera-con-mal-clima\/","title":{"rendered":"Una primavera con mal clima"},"content":{"rendered":"<div class=\"row clearfix\">\n<div class=\"col-md-8\">\n<p><span style=\"color: #212121; font-size: 1.5em; letter-spacing: -0.01em;\">En su reuni\u00f3n anual, el FMI y el Banco Mundial anunciaron que continuar\u00e1n promoviendo el ajuste para garantizar la sostenibilidad de los \u201celevados niveles de deuda p\u00fablica\u201d.\u00a0<\/span><\/p>\n<p><span style=\"font-weight: 400;\"><span class=\"dropcap \" style=\"background-color: #ffffff; color: #dd9933; border-color: #ffffff;\">D<\/span>el 21 al 26 de abril pasado se llevaron a cabo las<\/span><span style=\"color: #ff9900;\"><a style=\"color: #ff9900;\" href=\"https:\/\/envivo.bancomundial.org\/es\/series\/2025\/reuniones-de-primavera?utm_source=chatgpt.com\"> <b>Reuniones de Primavera<\/b><\/a><\/span><b> del Fondo Monetario Internacional (FMI) y el Banco Mundial (BM)<\/b><span style=\"font-weight: 400;\"> en Washington, EE.UU. Ambos organismos conforman la c\u00fapula del entramado financiero multilateral creado con el Acuerdo de Bretton Woods en 1944.<\/span><\/p>\n<p><span style=\"font-weight: 400;\">Como parte de la agenda, se reuni\u00f3 el Comit\u00e9 para el Desarrollo y, posteriormente, el Comit\u00e9 Monetario y Financiero Internacional (CMFI). \u00c9ste \u00faltimo elabor\u00f3 una <\/span><a href=\"https:\/\/www.imf.org\/es\/News\/Articles\/2025\/04\/25\/pr-123-imfc-chairs-statement-fifty-first-meeting-of-the-imfc\"><span style=\"font-weight: 400;\"><span style=\"color: #ff9900;\">declaraci\u00f3n<\/span> <\/span><\/a><span style=\"font-weight: 400;\">donde mencionan que \u201c<\/span><b>la econom\u00eda mundial atraviesa una coyuntura cr\u00edtica<\/b><span style=\"font-weight: 400;\">\u201d.\u00a0<\/span><\/p>\n<p><span style=\"font-weight: 400;\">\u201c<\/span><b>Las tensiones comerciales han aumentado de forma abrupta, dando lugar a una mayor incertidumbre, volatilidad en el mercado y riesgos para el crecimiento y la estabilidad financiera<\/b><span style=\"font-weight: 400;\">\u201d, comentan.<\/span><\/p>\n<blockquote class=\"pullquote align-right\"><p><span style=\"color: #ff9900;\"><a style=\"color: #ff9900;\" href=\"https:\/\/tribunavm.com.ar\/index.php\/2024\/04\/08\/fmi-la-deuda-publica-mundial-ha-alcanzado-niveles-sin-precedentes\/\"><b>FMI: \u201cLa deuda p\u00fablica mundial ha alcanzado niveles sin precedentes\u201d<\/b><\/a><b>\u00a0<\/b><\/span><\/p><\/blockquote>\n<p><span style=\"font-weight: 400;\">Como parte del escenario <\/span><b>destacan los \u201celevados niveles de deuda p\u00fablica\u201d, adem\u00e1s de \u201clas guerras y los conflictos\u201d<\/b><span style=\"font-weight: 400;\"> que \u201cimponen un enorme costo humanitario y econ\u00f3mico\u201d. Ante ello, anunciaron que <\/span><b>profundizaran su \u201cenfoque hacia ajustes fiscales <\/b><span style=\"font-weight: 400;\">que favorezcan el crecimiento para <\/span><b>garantizar la sostenibilidad de la deuda<\/b><span style=\"font-weight: 400;\">\u201d.<\/span><\/p>\n<p><span style=\"font-weight: 400;\">A su vez, presentaron el \u201c<\/span><span style=\"color: #ff9900;\"><a style=\"color: #ff9900;\" href=\"https:\/\/www.imf.org\/en\/Publications\/GFSR\/Issues\/2025\/04\/22\/global-financial-stability-report-april-2025\"><span style=\"font-weight: 400;\">Informe sobre la estabilidad financiera mundial<\/span><\/a><\/span><span style=\"font-weight: 400;\">\u201d donde agregan que \u201cla baja de los precios de los activos podr\u00edan afectar considerablemente a los mercados emergentes\u201d. Adem\u00e1s de prever que \u201c<\/span><b>los mercados de bonos soberanos podr\u00edan sufrir nuevas turbulencias, especialmente en las jurisdicciones donde los niveles de deuda p\u00fablica son elevados<\/b><span style=\"font-weight: 400;\">\u201d.<\/span><\/p>\n<figure id=\"attachment_12916\" aria-describedby=\"caption-attachment-12916\" style=\"width: 900px\" class=\"wp-caption alignnone\"><img loading=\"lazy\" decoding=\"async\" class=\"size-full wp-image-12916\" src=\"https:\/\/tribunavm.com.ar\/wp-content\/uploads\/2025\/05\/cryptos.png\" alt=\"\" width=\"900\" height=\"506\" srcset=\"https:\/\/tribunavm.com.ar\/wp-content\/uploads\/2025\/05\/cryptos.png 900w, https:\/\/tribunavm.com.ar\/wp-content\/uploads\/2025\/05\/cryptos-300x169.png 300w, https:\/\/tribunavm.com.ar\/wp-content\/uploads\/2025\/05\/cryptos-768x432.png 768w, https:\/\/tribunavm.com.ar\/wp-content\/uploads\/2025\/05\/cryptos-750x422.png 750w\" sizes=\"(max-width: 900px) 100vw, 900px\" \/><figcaption id=\"caption-attachment-12916\" class=\"wp-caption-text\">En un informe, los organismos sugieren medidas monetarias y tributarias para \u201chacer frente a los riesgos derivados de una posible adopci\u00f3n generalizada de los criptoactivos\u201d.<\/figcaption><\/figure>\n<p><span style=\"font-weight: 400;\">Para enfrentar la situaci\u00f3n, proponen \u201cmitigar las vulnerabilidades financieras y prepararse para gestionar las crisis\u201d. \u201cLas econom\u00edas de mercados emergentes y en desarrollo <\/span><b>deber\u00edan seguir trabajando para desarrollar y profundizar los mercados financieros, as\u00ed como para mantener un espacio fiscal y reservas internacionales suficientes para amortiguar los shocks geopol\u00edticos adversos<\/b><span style=\"font-weight: 400;\">\u201d, comentan.<\/span><\/p>\n<p><span style=\"color: #ff9900;\"><b>Disputa por los aranceles<\/b><\/span><\/p>\n<p><span style=\"font-weight: 400;\">En una<\/span><span style=\"color: #ff9900;\"><a style=\"color: #ff9900;\" href=\"https:\/\/www.imf.org\/es\/Blogs\/Articles\/2025\/04\/23\/rising-global-debt-requires-countries-to-put-their-fiscal-house-in-order\"><span style=\"font-weight: 400;\"> nota<\/span><\/a><\/span><span style=\"font-weight: 400;\"> publicada el 23 de abril por el FMI, comentan que \u201clos repetidos anuncios sobre aranceles realizados recientemente por Estados Unidos y las contramedidas adoptadas por otros pa\u00edses <\/span><b>han incrementado la volatilidad en los mercados financieros<\/b><span style=\"font-weight: 400;\">\u201d.<\/span><\/p>\n<p><span style=\"font-weight: 400;\">Scott Bessent, secretario del Tesoro de EE.UU., ese mismo d\u00eda en un acto organizado por el Instituto de Finanzas Internacionales (IIF), dijo que la misi\u00f3n del FMI y el Banco Mundial \u201cse ha desviado de rumbo\u201d. <\/span><b>\u201cDebemos promulgar reformas clave para garantizar que las instituciones de Bretton Woods est\u00e9n al servicio de sus accionistas<\/b><span style=\"font-weight: 400;\">, y no al rev\u00e9s\u201d, se\u00f1al\u00f3.<\/span><\/p>\n<p><span style=\"font-weight: 400;\">Adem\u00e1s <\/span><b>critic\u00f3 que las instituciones financieras dedican \u201crecursos desproporcionados a trabajar sobre el <\/b><span style=\"color: #ff9900;\"><a style=\"color: #ff9900;\" href=\"https:\/\/www.imf.org\/es\/News\/Articles\/2024\/05\/31\/pr-24194-world-bank-group-and-imf-deepen-joint-effort-to-scale-up-climate-action?utm_source=chatgpt.com\"><b>cambio clim\u00e1tico<\/b><\/a><\/span><b>, el <\/b><span style=\"color: #ff9900;\"><a style=\"color: #ff9900;\" href=\"https:\/\/www.imf.org\/es\/Publications\/fandd\/issues\/2025\/03\/driving-change-women-led-economics-dani-rodrik\"><b>g\u00e9nero<\/b><\/a><\/span><b> y las cuestiones sociales\u201d<\/b><span style=\"font-weight: 400;\">. Al mismo tiempo, calific\u00f3 como \u201cabsurdo\u201d el \u201ctratar a China, la segunda econom\u00eda del mundo, como pa\u00eds en desarrollo\u201d.<\/span><\/p>\n<\/div>\n<\/div>\n","protected":false},"excerpt":{"rendered":"<p>En su reuni\u00f3n anual, el FMI y el Banco Mundial anunciaron que continuar\u00e1n promoviendo el ajuste para garantizar la sostenibilidad de los \u201celevados niveles de deuda p\u00fablica\u201d.\u00a0<\/p>\n","protected":false},"author":2,"featured_media":12917,"comment_status":"open","ping_status":"open","sticky":false,"template":"","format":"standard","meta":{"_exactmetrics_skip_tracking":false,"_exactmetrics_sitenote_active":false,"_exactmetrics_sitenote_note":"","_exactmetrics_sitenote_category":0,"jnews-multi-image_gallery":[],"jnews_single_post":{"format":"standard","override":[{"template":"5","parallax":"1","fullscreen":"1","layout":"right-sidebar","sidebar":"default-sidebar","second_sidebar":"default-sidebar","sticky_sidebar":"1","share_position":"hide","share_float_style":"share-monocrhome","show_featured":"1","show_post_meta":"1","show_post_author_image":"1","show_post_date":"1","post_date_format":"custom","post_date_format_custom":"d-m-Y","show_post_category":"1","post_reading_time_wpm":"300","post_calculate_word_method":"count_blank","show_zoom_button":"0","zoom_button_out_step":"2","zoom_button_in_step":"3","show_post_tag":"1","number_popup_post":"1","show_author_box":"0","show_post_related":"1"}],"image_override":[{"single_post_thumbnail_size":"crop-500","single_post_gallery_size":"crop-500"}],"trending_post_position":"meta","trending_post_label":"Trending","sponsored_post_label":"Sponsored by","disable_ad":"0"},"jnews_primary_category":[],"jnews_social_meta":[],"jnews_override_counter":{"view_counter_number":"0","share_counter_number":"0","like_counter_number":"0","dislike_counter_number":"0"},"_joinchat":[],"footnotes":""},"categories":[276],"tags":[252,52,179],"class_list":["post-12915","post","type-post","status-publish","format-standard","has-post-thumbnail","hentry","category-internacional","tag-banco-mundial","tag-finanzas","tag-fmi"],"_links":{"self":[{"href":"https:\/\/tribunavm.com.ar\/index.php\/wp-json\/wp\/v2\/posts\/12915"}],"collection":[{"href":"https:\/\/tribunavm.com.ar\/index.php\/wp-json\/wp\/v2\/posts"}],"about":[{"href":"https:\/\/tribunavm.com.ar\/index.php\/wp-json\/wp\/v2\/types\/post"}],"author":[{"embeddable":true,"href":"https:\/\/tribunavm.com.ar\/index.php\/wp-json\/wp\/v2\/users\/2"}],"replies":[{"embeddable":true,"href":"https:\/\/tribunavm.com.ar\/index.php\/wp-json\/wp\/v2\/comments?post=12915"}],"version-history":[{"count":1,"href":"https:\/\/tribunavm.com.ar\/index.php\/wp-json\/wp\/v2\/posts\/12915\/revisions"}],"predecessor-version":[{"id":12918,"href":"https:\/\/tribunavm.com.ar\/index.php\/wp-json\/wp\/v2\/posts\/12915\/revisions\/12918"}],"wp:featuredmedia":[{"embeddable":true,"href":"https:\/\/tribunavm.com.ar\/index.php\/wp-json\/wp\/v2\/media\/12917"}],"wp:attachment":[{"href":"https:\/\/tribunavm.com.ar\/index.php\/wp-json\/wp\/v2\/media?parent=12915"}],"wp:term":[{"taxonomy":"category","embeddable":true,"href":"https:\/\/tribunavm.com.ar\/index.php\/wp-json\/wp\/v2\/categories?post=12915"},{"taxonomy":"post_tag","embeddable":true,"href":"https:\/\/tribunavm.com.ar\/index.php\/wp-json\/wp\/v2\/tags?post=12915"}],"curies":[{"name":"wp","href":"https:\/\/api.w.org\/{rel}","templated":true}]}}