{"id":12926,"date":"2025-05-05T00:50:17","date_gmt":"2025-05-05T00:50:17","guid":{"rendered":"https:\/\/tribunavm.com.ar\/?p=12926"},"modified":"2025-05-03T19:59:33","modified_gmt":"2025-05-03T19:59:33","slug":"cumbre-de-cancilleres-del-brics-en-brasil","status":"publish","type":"post","link":"https:\/\/tribunavm.com.ar\/index.php\/2025\/05\/05\/cumbre-de-cancilleres-del-brics-en-brasil\/","title":{"rendered":"Cumbre de cancilleres del BRICS en Brasil"},"content":{"rendered":"<div class=\"row clearfix\">\n<div class=\"col-md-8\">\n<p><span style=\"color: #212121; font-size: 1.5em; letter-spacing: -0.01em;\">Los ministros de Exterior del grupo rechazaron el proteccionismo unilateral. Brasil y Chile defendieron su autonom\u00eda estrat\u00e9gica comercial.<\/span><\/p>\n<p><span style=\"font-weight: 400;\"><span class=\"dropcap \" style=\"background-color: #ffffff; color: #dd9933; border-color: #ffffff;\">E<\/span>l pasado martes 29 de abril se llev\u00f3 a cabo en R\u00edo de Janeiro, una reuni\u00f3n de cancilleres de los pa\u00edses del foro de cooperaci\u00f3n BRICS que funcion\u00f3 como una antesala de la cumbre de l\u00edderes prevista para el 6 y 7 de julio.\u00a0<\/span><\/p>\n<p><span style=\"font-weight: 400;\">La cumbre ministerial fue la primera reuni\u00f3n formal de cancilleres tras la expansi\u00f3n del foro\u00a0 que ahora cuenta con once miembros, inclu\u00eddas potencias regionales como Ir\u00e1n, Egipto y Etiop\u00eda. Tambi\u00e9n participaron por primera vez como invitados especiales los llamados &#8220;socios Brics&#8221;, una categor\u00eda creada en la cumbre de Kaz\u00e1n en 2024.<\/span><\/p>\n<blockquote class=\"pullquote align-right\"><p><span style=\"color: #ff9900;\"><a style=\"color: #ff9900;\" href=\"https:\/\/tribunavm.com.ar\/index.php\/2024\/11\/04\/se-fortalece-el-brics-con-el-ingreso-de-nuevos-miembros\/\"><b>Se fortalece el BRICS con el ingreso de nuevos miembros<\/b><\/a><\/span><\/p><\/blockquote>\n<p><span style=\"font-weight: 400;\">Al finalizar la sesi\u00f3n se divulg\u00f3 una<\/span><span style=\"color: #ff9900;\"><a style=\"color: #ff9900;\" href=\"https:\/\/www.gov.br\/mre\/pt-br\/canais_atendimento\/imprensa\/notas-a-imprensa\/declaracao-da-presidencia-da-reuniao-de-ministros-das-relacoes-exteriores-relacoes-internacionais-dos-paises-membros-do-brics\"><span style=\"font-weight: 400;\"> declaraci\u00f3n conjunta <\/span><\/a><\/span><span style=\"font-weight: 400;\">donde reiteraron su compromiso con la reforma de la gobernanza global mediante \u201cla promoci\u00f3n de un sistema internacional y multilateral m\u00e1s justo&#8221;.<\/span><\/p>\n<p><span style=\"font-weight: 400;\">Adem\u00e1s, rechazaron \u201cel aumento de medidas proteccionistas unilaterales\u201d en alusi\u00f3n al aumento de aranceles de Estados Unidos, al denunciar su incompatibilidad con las normas de la Organizaci\u00f3n Mundial del Comercio.<\/span><\/p>\n<p><span style=\"font-weight: 400;\">Tambi\u00e9n declararon que ante un contexto global de \u201cpolarizaci\u00f3n y desconfianza\u201d,\u00a0 es necesario promover acciones para fortalecer la paz y la seguridad internacional. En esa l\u00ednea tambi\u00e9n expresaron su \u201cpreocupaci\u00f3n por la tendencia actual de un aumento cr\u00edtico del gasto militar mundial, en detrimento de una financiaci\u00f3n adecuada para el desarrollo\u201d.<\/span><\/p>\n<p><span style=\"font-weight: 400;\">Finalmente, destacaron la importancia de ampliar el uso de las monedas locales en los acuerdos comerciales y financieros entre los pa\u00edses BRICS y sus socios, entre otros puntos.<\/span><\/p>\n<p><span style=\"font-weight: 400;\">Uno de los puntos referido a promover una reforma del Consejo de Seguridad de la ONU no fue consensuado en su totalidad por las posiciones de Egipto y Etiop\u00eda quienes objetaron la declaraci\u00f3n.\u00a0<\/span><\/p>\n<p><span style=\"color: #ff9900;\"><b>Brasil y Chile<\/b><\/span><\/p>\n<figure id=\"attachment_12927\" aria-describedby=\"caption-attachment-12927\" style=\"width: 1024px\" class=\"wp-caption alignnone\"><img loading=\"lazy\" decoding=\"async\" class=\"size-large wp-image-12927\" src=\"https:\/\/tribunavm.com.ar\/wp-content\/uploads\/2025\/05\/interior-1024x683.jpg\" alt=\"\" width=\"1024\" height=\"683\" srcset=\"https:\/\/tribunavm.com.ar\/wp-content\/uploads\/2025\/05\/interior-1024x683.jpg 1024w, https:\/\/tribunavm.com.ar\/wp-content\/uploads\/2025\/05\/interior-300x200.jpg 300w, https:\/\/tribunavm.com.ar\/wp-content\/uploads\/2025\/05\/interior-768x512.jpg 768w, https:\/\/tribunavm.com.ar\/wp-content\/uploads\/2025\/05\/interior-1536x1025.jpg 1536w, https:\/\/tribunavm.com.ar\/wp-content\/uploads\/2025\/05\/interior-750x500.jpg 750w, https:\/\/tribunavm.com.ar\/wp-content\/uploads\/2025\/05\/interior-1140x760.jpg 1140w, https:\/\/tribunavm.com.ar\/wp-content\/uploads\/2025\/05\/interior.jpg 2000w\" sizes=\"(max-width: 1024px) 100vw, 1024px\" \/><figcaption id=\"caption-attachment-12927\" class=\"wp-caption-text\">Boric sostuvo que esta obra de infraestructura regional \u201cpondr\u00e1 a Suram\u00e9rica en el centro del mundo\u201d.<\/figcaption><\/figure>\n<p><span style=\"font-weight: 400;\">Previo al encuentro, el mandatario brasile\u00f1o, Lula da Silva se reuni\u00f3 con su par chileno, Gabriel Boric, con el objetivo de fortalecer los v\u00ednculos de car\u00e1cter comercial y de inversi\u00f3n entre ambos pa\u00edses.\u00a0<\/span><\/p>\n<p><span style=\"font-weight: 400;\">Ambos <\/span><b>coincidieron en avanzar en el<\/b><span style=\"color: #ff9900;\"><a style=\"color: #ff9900;\" href=\"https:\/\/tribunavm.com.ar\/index.php\/2025\/04\/21\/la-carrera-de-los-imperios\/\"><b> corredor bioce\u00e1nico vial<\/b><\/a> <\/span><span style=\"font-weight: 400;\">que pretende conectar los oc\u00e9anos Atl\u00e1ntico y Pac\u00edfico mediante una red de carreteras de 2.400 km. El trazado conecta los puertos del sur de Brasil con los del norte de Chile, el chaco paraguayo y las provincias argentinas de Salta y Jujuy.<\/span><\/p>\n<p><span style=\"font-weight: 400;\">Adem\u00e1s, Boric defendi\u00f3 la autonom\u00eda estrat\u00e9gica de Chile en el mundo, \u201cteniendo relaciones con diferentes pa\u00edses, diferentes regiones, sin tener que elegir entre uno y otro\u201d. En ese mismo sentido, Lula agreg\u00f3: \u201cno quiero tener que optar entre Estados Unidos o China\u201d.<\/span><\/p>\n<p><span style=\"font-weight: 400;\">Por \u00faltimo, los presidentes<\/span><b> firmaron 14 acuerdos de cooperaci\u00f3n en \u00e1reas como agricultura, comercio, defensa, seguridad p\u00fablica, en el sector audiovisual y en la academia<\/b><span style=\"font-weight: 400;\">.<\/span><\/p>\n<\/div>\n<\/div>\n","protected":false},"excerpt":{"rendered":"<p>Los ministros de Exterior del grupo rechazaron el proteccionismo unilateral. Brasil y Chile defendieron su autonom\u00eda estrat\u00e9gica comercial.<\/p>\n","protected":false},"author":2,"featured_media":12928,"comment_status":"open","ping_status":"open","sticky":false,"template":"","format":"standard","meta":{"_exactmetrics_skip_tracking":false,"_exactmetrics_sitenote_active":false,"_exactmetrics_sitenote_note":"","_exactmetrics_sitenote_category":0,"jnews-multi-image_gallery":[],"jnews_single_post":{"format":"standard","override":[{"template":"5","parallax":"1","fullscreen":"1","layout":"right-sidebar","sidebar":"default-sidebar","second_sidebar":"default-sidebar","sticky_sidebar":"1","share_position":"hide","share_float_style":"share-monocrhome","show_featured":"1","show_post_meta":"1","show_post_author_image":"1","show_post_date":"1","post_date_format":"custom","post_date_format_custom":"d-m-Y","show_post_category":"1","post_reading_time_wpm":"300","post_calculate_word_method":"count_blank","show_zoom_button":"0","zoom_button_out_step":"2","zoom_button_in_step":"3","show_post_tag":"1","number_popup_post":"1","show_author_box":"0","show_post_related":"1"}],"image_override":[{"single_post_thumbnail_size":"crop-500","single_post_gallery_size":"crop-500"}],"trending_post_position":"meta","trending_post_label":"Trending","sponsored_post_label":"Sponsored by","disable_ad":"0"},"jnews_primary_category":[],"jnews_social_meta":[],"jnews_override_counter":{"view_counter_number":"0","share_counter_number":"0","like_counter_number":"0","dislike_counter_number":"0"},"_joinchat":[],"footnotes":""},"categories":[277],"tags":[377,290,323],"class_list":["post-12926","post","type-post","status-publish","format-standard","has-post-thumbnail","hentry","category-latinoamerica","tag-brasil","tag-brics","tag-chile"],"_links":{"self":[{"href":"https:\/\/tribunavm.com.ar\/index.php\/wp-json\/wp\/v2\/posts\/12926"}],"collection":[{"href":"https:\/\/tribunavm.com.ar\/index.php\/wp-json\/wp\/v2\/posts"}],"about":[{"href":"https:\/\/tribunavm.com.ar\/index.php\/wp-json\/wp\/v2\/types\/post"}],"author":[{"embeddable":true,"href":"https:\/\/tribunavm.com.ar\/index.php\/wp-json\/wp\/v2\/users\/2"}],"replies":[{"embeddable":true,"href":"https:\/\/tribunavm.com.ar\/index.php\/wp-json\/wp\/v2\/comments?post=12926"}],"version-history":[{"count":1,"href":"https:\/\/tribunavm.com.ar\/index.php\/wp-json\/wp\/v2\/posts\/12926\/revisions"}],"predecessor-version":[{"id":12929,"href":"https:\/\/tribunavm.com.ar\/index.php\/wp-json\/wp\/v2\/posts\/12926\/revisions\/12929"}],"wp:featuredmedia":[{"embeddable":true,"href":"https:\/\/tribunavm.com.ar\/index.php\/wp-json\/wp\/v2\/media\/12928"}],"wp:attachment":[{"href":"https:\/\/tribunavm.com.ar\/index.php\/wp-json\/wp\/v2\/media?parent=12926"}],"wp:term":[{"taxonomy":"category","embeddable":true,"href":"https:\/\/tribunavm.com.ar\/index.php\/wp-json\/wp\/v2\/categories?post=12926"},{"taxonomy":"post_tag","embeddable":true,"href":"https:\/\/tribunavm.com.ar\/index.php\/wp-json\/wp\/v2\/tags?post=12926"}],"curies":[{"name":"wp","href":"https:\/\/api.w.org\/{rel}","templated":true}]}}