{"id":13072,"date":"2025-06-02T00:51:33","date_gmt":"2025-06-02T00:51:33","guid":{"rendered":"https:\/\/tribunavm.com.ar\/?p=13072"},"modified":"2025-05-31T18:30:31","modified_gmt":"2025-05-31T18:30:31","slug":"exigen-la-sancion-de-la-ley-de-emergencia-en-discapacidad","status":"publish","type":"post","link":"https:\/\/tribunavm.com.ar\/index.php\/2025\/06\/02\/exigen-la-sancion-de-la-ley-de-emergencia-en-discapacidad\/","title":{"rendered":"Discapacidad en emergencia"},"content":{"rendered":"<div class=\"row clearfix\">\n<div class=\"col-md-8\">\n<p><span style=\"color: #212121; font-size: 1.5em; letter-spacing: -0.01em;\">Villa Maria se sum\u00f3 a los reclamos que se dieron a nivel nacional por retrasos en coberturas de tratamientos en salud.\u00a0<\/span><\/p>\n<p><span style=\"font-weight: 400;\"><span class=\"dropcap \" style=\"background-color: #ffffff; color: #dd9933; border-color: #ffffff;\">E<\/span>l pasado jueves alrededor de 200 personas se reunieron en la Plaza Centenario de Villa Mar\u00eda para <\/span><b>reclamar contra el desfinanciamiento de pol\u00edticas dirigidas a las personas con discapacidad<\/b><span style=\"font-weight: 400;\">, adem\u00e1s exigieron que se apruebe la Ley de Emergencia en discapacidad que se debatir\u00e1 el pr\u00f3ximo mi\u00e9rcoles en el Congreso Nacional.<\/span><\/p>\n<p><span style=\"font-weight: 400;\">Profesionales de la salud, familias y prestadores denunciaron que <\/span><b>las obras sociales no autorizan las \u00f3rdenes de los tratamientos en tiempo y forma, ni abonan los servicios a los profesionales<\/b><span style=\"font-weight: 400;\">. Tambi\u00e9n protestaron contra el cierre de residencias de acompa\u00f1amiento diario donde viven adultos mayores y la falta de actualizaci\u00f3n de pensiones.<\/span><\/p>\n<p><span style=\"font-weight: 400;\">La trabajadora en educaci\u00f3n especial del Instituto de Neurociencias del Desarrollo Integral (INEDI), Valentina D\u2019Andrea, coment\u00f3 a Tribuna que \u201clos aranceles no han aumentado desde septiembre del a\u00f1o pasado, <\/span><b>estamos trabajando pr\u00e1cticamente gratis.<\/b><span style=\"font-weight: 400;\"> Mientras tanto, el costo de vida sigue aumentando, y los sueldos no suben\u201d.<\/span><\/p>\n<figure id=\"attachment_13074\" aria-describedby=\"caption-attachment-13074\" style=\"width: 1024px\" class=\"wp-caption alignnone\"><img loading=\"lazy\" decoding=\"async\" class=\"size-large wp-image-13074\" src=\"https:\/\/tribunavm.com.ar\/wp-content\/uploads\/2025\/05\/14ef07fd-20d4-4716-bb4a-e679920b7889-1024x576.jpg\" alt=\"\" width=\"1024\" height=\"576\" srcset=\"https:\/\/tribunavm.com.ar\/wp-content\/uploads\/2025\/05\/14ef07fd-20d4-4716-bb4a-e679920b7889-1024x576.jpg 1024w, https:\/\/tribunavm.com.ar\/wp-content\/uploads\/2025\/05\/14ef07fd-20d4-4716-bb4a-e679920b7889-300x169.jpg 300w, https:\/\/tribunavm.com.ar\/wp-content\/uploads\/2025\/05\/14ef07fd-20d4-4716-bb4a-e679920b7889-768x432.jpg 768w, https:\/\/tribunavm.com.ar\/wp-content\/uploads\/2025\/05\/14ef07fd-20d4-4716-bb4a-e679920b7889-1536x864.jpg 1536w, https:\/\/tribunavm.com.ar\/wp-content\/uploads\/2025\/05\/14ef07fd-20d4-4716-bb4a-e679920b7889-750x422.jpg 750w, https:\/\/tribunavm.com.ar\/wp-content\/uploads\/2025\/05\/14ef07fd-20d4-4716-bb4a-e679920b7889-1140x641.jpg 1140w, https:\/\/tribunavm.com.ar\/wp-content\/uploads\/2025\/05\/14ef07fd-20d4-4716-bb4a-e679920b7889.jpg 1600w\" sizes=\"(max-width: 1024px) 100vw, 1024px\" \/><figcaption id=\"caption-attachment-13074\" class=\"wp-caption-text\">Cartel expuesto en la Plaza en la movilizaci\u00f3n.<\/figcaption><\/figure>\n<p><span style=\"font-weight: 400;\">\u201c<\/span><b>No es un juego, es la salud y la vida de las personas<\/b><span style=\"font-weight: 400;\">. Es hora de que las autoridades tomen medidas concretas para abordar esta situaci\u00f3n y garantizar que el sistema de salud funcione de manera efectiva y justa para todos\u201d agreg\u00f3 D\u2019Andrea.<\/span><\/p>\n<p><span style=\"font-weight: 400;\">A su vez, la profesional en neuropsicolog\u00eda del INEDI, Jorgelina Milanesio, lament\u00f3 el funcionamiento del programa nacional Incluir Salud: \u201csolo del listado de nuestro instituto, son 20 pacientes con autismo, s\u00edndrome de down, personas que han tenido ACV, traumatismo de cr\u00e1neo que dependen de este programa, que <\/span><b>desde el a\u00f1o pasado no tienen autorizado los medicamentos <\/b><span style=\"font-weight: 400;\">y contin\u00faan sin respuesta\u201d.<\/span><\/p>\n<p><span style=\"font-weight: 400;\">Adem\u00e1s Milanesio agreg\u00f3 que el reclamo se organiz\u00f3 en articulaci\u00f3n con asociaciones y equipos de profesionales de todo el pa\u00eds, con quienes impulsan reuniones con la Superintendencia de Salud para el pedido de autorizaci\u00f3n de aranceles y de tratamientos, aunque aclar\u00f3 que todav\u00eda no obtuvieron respuestas.\u00a0<\/span><\/p>\n<p><span style=\"font-weight: 400;\">\n    <style>\n        .bloque-nota-relacionada {\n            display: flex;\n            flex-wrap: wrap;\n            gap: 20px;\n            padding: 24px;\n            background: #ffffff;\n            border-radius: 12px;\n            box-shadow: 0 12px 28px rgba(0,0,0,0.15);\n            margin: 40px 0;\n            align-items: flex-start;\n        }\n        .bloque-nota-img {\n            flex: 0 0 260px;\n            max-width: 100%;\n        }\n        .bloque-nota-img img {\n            width: 100%;\n            height: auto;\n            border-radius: 10px;\n            object-fit: cover;\n        }\n        .bloque-nota-contenido {\n            flex: 1 1 300px;\n        }\n        .bloque-nota-contenido a {\n            font-size: 21px;\n            font-weight: 600;\n            color: #111;\n            text-decoration: none;\n            line-height: 1.4;\n            display: block;\n            margin-bottom: 10px;\n        }\n        .bloque-nota-contenido p {\n            font-size: 15px;\n            color: #555;\n            line-height: 1.6;\n            margin: 0;\n        }\n        @media (max-width: 600px) {\n            .bloque-nota-relacionada {\n                flex-direction: column;\n                padding: 20px;\n            }\n            .bloque-nota-img {\n                flex: none;\n                width: 100%;\n            }\n            .bloque-nota-contenido {\n                flex: none;\n                width: 100%;\n            }\n        }\n    <\/style>\n\n    <div class=\"bloque-nota-relacionada\">\n        <div class=\"bloque-nota-img\">\n            <img decoding=\"async\" src=\"https:\/\/tribunavm.com.ar\/wp-content\/uploads\/2022\/09\/marcha-discapacidadjpg-1-1024x683.jpg\" alt=\"Marcha contra ajuste en discapacidad\">\n        <\/div>\n        <div class=\"bloque-nota-contenido\">\n            <a href=\"https:\/\/tribunavm.com.ar\/index.php\/2022\/09\/25\/marcha-contra-ajuste-en-discapacidad\/\">Marcha contra ajuste en discapacidad<\/a>\n            <p>Con velas y antorchas la movilizaci\u00f3n contin\u00faa su reclamo por atraso de pagos y recortes en el sector. \u201cIluminar lo que el estado invisibiliza\u201d pegaron en las puertas del Palacio Municipal. El jueves pasado alrededor de 100 personas realizaron una nueva movilizaci\u00f3n para reclamar por la falta de pago a prestadores de salud para personas [&hellip;]<\/p>\n        <\/div>\n    <\/div><\/span><\/p>\n<p><span style=\"font-weight: 400;\">Ese mismo d\u00eda, se llev\u00f3 a cabo una sesi\u00f3n en el Concejo Deliberante de la ciudad, en la cual se vot\u00f3 y aprob\u00f3 un proyecto que declara la preocupaci\u00f3n por el desfinanciamiento del sistema de discapacidad.<\/span><\/p>\n<p><span style=\"color: #ff9900;\"><b>Masiva movilizaci\u00f3n federal<\/b><\/span><\/p>\n<figure id=\"attachment_13075\" aria-describedby=\"caption-attachment-13075\" style=\"width: 768px\" class=\"wp-caption alignnone\"><img loading=\"lazy\" decoding=\"async\" class=\"size-full wp-image-13075\" src=\"https:\/\/tribunavm.com.ar\/wp-content\/uploads\/2025\/05\/congreso.jpg\" alt=\"\" width=\"768\" height=\"512\" srcset=\"https:\/\/tribunavm.com.ar\/wp-content\/uploads\/2025\/05\/congreso.jpg 768w, https:\/\/tribunavm.com.ar\/wp-content\/uploads\/2025\/05\/congreso-300x200.jpg 300w, https:\/\/tribunavm.com.ar\/wp-content\/uploads\/2025\/05\/congreso-750x500.jpg 750w\" sizes=\"(max-width: 768px) 100vw, 768px\" \/><figcaption id=\"caption-attachment-13075\" class=\"wp-caption-text\">Manifestantes frente al Congreso Nacional en reclamo contra el ajuste.<\/figcaption><\/figure>\n<p><span style=\"font-weight: 400;\">El paro de actividades de los profesionales y organizaciones que trabajan con personas con discapacidades se replic\u00f3 en todo el pa\u00eds, registr\u00e1ndose acciones en Buenos Aires, Mendoza, C\u00f3rdoba, R\u00edo Negro, Misiones, Santa Fe y Entre R\u00edos, entre otros.\u00a0<\/span><\/p>\n<p><span style=\"font-weight: 400;\">En la ciudad de Buenos Aires, <\/span><b>los manifestantes reclamaron al Congreso la aprobaci\u00f3n de la Ley de Emergencia Nacional en Discapacidad<\/b><span style=\"font-weight: 400;\">, que \u201cbusca asegurar hasta 2027 los derechos fundamentales de las personas con discapacidad, incluyendo el acceso a prestaciones de salud, educaci\u00f3n, trabajo, pensiones no contributivas y protecci\u00f3n social\u201d la cual ser\u00e1 tratada esta semana en la C\u00e1mara de Diputados.<\/span><\/p>\n<p>&nbsp;<\/p>\n<\/div>\n<\/div>\n","protected":false},"excerpt":{"rendered":"<p>Villa Maria se sum\u00f3 a los reclamos que se dieron a nivel nacional por retrasos en coberturas de tratamientos en salud.<\/p>\n","protected":false},"author":2,"featured_media":13073,"comment_status":"open","ping_status":"open","sticky":false,"template":"","format":"standard","meta":{"_exactmetrics_skip_tracking":false,"_exactmetrics_sitenote_active":false,"_exactmetrics_sitenote_note":"","_exactmetrics_sitenote_category":0,"jnews-multi-image_gallery":[],"jnews_single_post":{"format":"standard","override":[{"template":"5","parallax":"1","fullscreen":"1","layout":"right-sidebar","sidebar":"default-sidebar","second_sidebar":"default-sidebar","sticky_sidebar":"1","share_position":"hide","share_float_style":"share-monocrhome","show_featured":"1","show_post_meta":"1","show_post_author_image":"1","show_post_date":"1","post_date_format":"custom","post_date_format_custom":"d-m-Y","show_post_category":"1","post_reading_time_wpm":"300","post_calculate_word_method":"count_blank","show_zoom_button":"0","zoom_button_out_step":"2","zoom_button_in_step":"3","show_post_tag":"1","number_popup_post":"1","show_author_box":"0","show_post_related":"1"}],"image_override":[{"single_post_thumbnail_size":"crop-500","single_post_gallery_size":"crop-500"}],"trending_post_position":"meta","trending_post_label":"Trending","sponsored_post_label":"Sponsored by","disable_ad":"0"},"jnews_primary_category":[],"jnews_social_meta":[],"jnews_override_counter":{"view_counter_number":"0","share_counter_number":"0","like_counter_number":"0","dislike_counter_number":"0"},"_joinchat":[],"footnotes":""},"categories":[22],"tags":[68],"class_list":["post-13072","post","type-post","status-publish","format-standard","has-post-thumbnail","hentry","category-actualidad","tag-salud"],"_links":{"self":[{"href":"https:\/\/tribunavm.com.ar\/index.php\/wp-json\/wp\/v2\/posts\/13072"}],"collection":[{"href":"https:\/\/tribunavm.com.ar\/index.php\/wp-json\/wp\/v2\/posts"}],"about":[{"href":"https:\/\/tribunavm.com.ar\/index.php\/wp-json\/wp\/v2\/types\/post"}],"author":[{"embeddable":true,"href":"https:\/\/tribunavm.com.ar\/index.php\/wp-json\/wp\/v2\/users\/2"}],"replies":[{"embeddable":true,"href":"https:\/\/tribunavm.com.ar\/index.php\/wp-json\/wp\/v2\/comments?post=13072"}],"version-history":[{"count":3,"href":"https:\/\/tribunavm.com.ar\/index.php\/wp-json\/wp\/v2\/posts\/13072\/revisions"}],"predecessor-version":[{"id":13078,"href":"https:\/\/tribunavm.com.ar\/index.php\/wp-json\/wp\/v2\/posts\/13072\/revisions\/13078"}],"wp:featuredmedia":[{"embeddable":true,"href":"https:\/\/tribunavm.com.ar\/index.php\/wp-json\/wp\/v2\/media\/13073"}],"wp:attachment":[{"href":"https:\/\/tribunavm.com.ar\/index.php\/wp-json\/wp\/v2\/media?parent=13072"}],"wp:term":[{"taxonomy":"category","embeddable":true,"href":"https:\/\/tribunavm.com.ar\/index.php\/wp-json\/wp\/v2\/categories?post=13072"},{"taxonomy":"post_tag","embeddable":true,"href":"https:\/\/tribunavm.com.ar\/index.php\/wp-json\/wp\/v2\/tags?post=13072"}],"curies":[{"name":"wp","href":"https:\/\/api.w.org\/{rel}","templated":true}]}}