{"id":1308,"date":"2020-07-28T17:06:15","date_gmt":"2020-07-28T17:06:15","guid":{"rendered":"https:\/\/tribunavm.com.ar\/?p=1308"},"modified":"2020-07-28T17:06:15","modified_gmt":"2020-07-28T17:06:15","slug":"periodismo-en-alerta-campanas-por-paritarias-y-despidos","status":"publish","type":"post","link":"https:\/\/tribunavm.com.ar\/index.php\/2020\/07\/28\/periodismo-en-alerta-campanas-por-paritarias-y-despidos\/","title":{"rendered":"Periodismo en alerta: campa\u00f1as por paritarias y despidos"},"content":{"rendered":"<div class=\"row clearfix\">\n<div class=\"col-md-8\">\n<p><span style=\"color: #212121; font-size: 1.5em; letter-spacing: -0.01em;\">Desde la Federaci\u00f3n Argentina de Trabajadores de Prensa largaron una campa\u00f1a para exigir la apertura de paritarias. En la Provincia de C\u00f3rdoba, el CISPREN lanz\u00f3 una carta abierta contra los despidos en Villa Mar\u00eda Ya!<\/span><\/p>\n<p><span style=\"font-weight: 400;\"><span class=\"dropcap \" style=\"background-color: #ffffff; color: #f7a10c; border-color: #ffffff;\">L<\/span>a situaci\u00f3n del trabajo en la prensa y la comunicaci\u00f3n se recrudece cada d\u00eda m\u00e1s. <\/span><b>Al \u00faltimo aumento registrado por el INDEC de la Canasta b\u00e1sica de m\u00e1s del 40%, las paritarias para el sector todav\u00eda no avistan un horizonte claro.<\/b><\/p>\n<p><span style=\"font-weight: 400;\">La labor period\u00edstica dista mucho de ser libre y desinteresada. Distintos grupos empresarios due\u00f1os de los medios, y sus financistas, <\/span><b>establecen pautas de trabajo<\/b><span style=\"font-weight: 400;\"> que atentan contra estos valores.<\/span><\/p>\n<p><span style=\"font-weight: 400;\">Ante esta situaci\u00f3n, la semana pasada se sumaron dos despidos por parte de la empresa due\u00f1a de Villa Mar\u00eda Ya!, en la cual se realizaron distintas medidas para visibilizar el conflicto y reintegrar a las compa\u00f1eras despedidas. El proceso legal entr\u00f3 en una larga y tediosa esfera judicial de las cuales se tendr\u00e1n noticias dentro de las pr\u00f3ximas semanas.<\/span><\/p>\n<blockquote><p>Ver: <a href=\"https:\/\/tribunavm.com.ar\/index.php\/2020\/07\/22\/censura-despidos-en-villamariaya\/\">Despidos en VillaMar\u00edaYa!<\/a><\/p><\/blockquote>\n<p><span style=\"color: #ff9900;\"><b>Campa\u00f1a por paritarias<\/b><\/span><\/p>\n<p><span style=\"font-weight: 400;\">La Federaci\u00f3n Argentina de Trabajadores de Prensa (FATPREN)<\/span><b> lanz\u00f3 una campa\u00f1a para denunciar \u201c la crisis salarial y laboral de nuestro sector\u201d y denunciar \u201cla apertura inmediata de paritarias\u201d.<\/b><\/p>\n<p><span style=\"font-weight: 400;\">La situaci\u00f3n es desesperante, ya que \u201ctuvimos una<\/span><b> p\u00e9rdida del poder adquisitivo del m\u00e1s de 50 %<\/b><span style=\"font-weight: 400;\"> en los \u00faltimos a\u00f1os\u201d. Seg\u00fan los \u00faltimos datos de INDEC \u201cla canasta b\u00e1sica es de 43.811$, y el salario b\u00e1sico de un redactor es de $34.297. El de un reportero gr\u00e1fico y un cronista, $29.946. <\/span><b>No se puede vivir as\u00ed<\/b><span style=\"font-weight: 400;\">\u201d, remarcaron en la publicaci\u00f3n.<\/span><\/p>\n<p><iframe loading=\"lazy\" style=\"border: none; overflow: hidden;\" src=\"https:\/\/www.facebook.com\/plugins\/post.php?href=https%3A%2F%2Fwww.facebook.com%2Fprensafatpren%2Fposts%2F2221902264621945&amp;show_text=true&amp;width=552&amp;height=842&amp;appId\" width=\"552\" height=\"842\" frameborder=\"0\" scrolling=\"no\"><\/iframe><\/p>\n<p><span style=\"font-weight: 400;\">Desde la Federaci\u00f3n sostienen que <\/span><b>la libertad de expresi\u00f3n \u201cs\u00f3lo es posible si se defienden tanto las condiciones laborales como la pluralidad de voces. De ah\u00ed la importancia de la democratizaci\u00f3n de la pauta oficial y la preocupaci\u00f3n por la precarizaci\u00f3n y el ajuste en los medios\u201d.<\/b><\/p>\n<p><span style=\"font-weight: 400;\">\u201cPor eso recordamos que el periodismo es una actividad esencial y reclamamos paritarias para lxs trabajadorxs de Prensa ya\u201d, concluy\u00f3 el comunicado.<\/span><\/p>\n<p><span style=\"color: #ff9900;\"><b>Carta abierta por despidos<\/b><\/span><\/p>\n<p><span style=\"font-weight: 400;\">El C\u00edrculo Sindical de la Prensa y la Comunicaci\u00f3n (CISPREN) <\/span><b>elabor\u00f3 una carta abierta titulada \u201cLa pluralidad de voces es imprescindible para el funcionamiento de la democracia\u201d, denunciando los despidos realizados la semana pasada a dos trabajadoras del medio Villa Mar\u00eda Ya!.<\/b><\/p>\n<blockquote><p>Ver: <a href=\"https:\/\/tribunavm.com.ar\/index.php\/2020\/06\/09\/periodismo-precarizado\/\">Periodismo precarizado<\/a><\/p><\/blockquote>\n<p><span style=\"font-weight: 400;\">El motivo, ya confirmado, fue \u201cla publicaci\u00f3n de una cr\u00f3nica- luego levantada- que adelantaba la imputaci\u00f3n al intendente en uso de licencia, Mart\u00edn Gill, por la violaci\u00f3n del art 205 del C\u00f3digo Penal, que castiga a quien incumpla las medidas dispuestas para evitar la propagaci\u00f3n de una epidemia, medida notificada posteriormente por la Fiscal\u00eda de Juliana Companys\u201d<\/span><\/p>\n<figure id=\"attachment_1310\" aria-describedby=\"caption-attachment-1310\" style=\"width: 754px\" class=\"wp-caption aligncenter\"><img loading=\"lazy\" decoding=\"async\" class=\"wp-image-1310 size-large\" src=\"https:\/\/tribunavm.com.ar\/wp-content\/uploads\/2020\/07\/Tapa-de-La-Voz-754x1024.jpeg\" alt=\"\" width=\"754\" height=\"1024\" srcset=\"https:\/\/tribunavm.com.ar\/wp-content\/uploads\/2020\/07\/Tapa-de-La-Voz-754x1024.jpeg 754w, https:\/\/tribunavm.com.ar\/wp-content\/uploads\/2020\/07\/Tapa-de-La-Voz-221x300.jpeg 221w, https:\/\/tribunavm.com.ar\/wp-content\/uploads\/2020\/07\/Tapa-de-La-Voz-768x1044.jpeg 768w, https:\/\/tribunavm.com.ar\/wp-content\/uploads\/2020\/07\/Tapa-de-La-Voz-750x1019.jpeg 750w, https:\/\/tribunavm.com.ar\/wp-content\/uploads\/2020\/07\/Tapa-de-La-Voz.jpeg 942w\" sizes=\"(max-width: 754px) 100vw, 754px\" \/><figcaption id=\"caption-attachment-1310\" class=\"wp-caption-text\">Tapa de trabajadores del diario La Voz de la provincia de C\u00f3rdoba<\/figcaption><\/figure>\n<p><span style=\"font-weight: 400;\">A su vez denuncia que \u201c<\/span><b>los despidos<\/b><span style=\"font-weight: 400;\"> primero verbales y luego efectivizados no s\u00f3lo constituyen un <\/span><b>atentado al trabajo y la violaci\u00f3n de las normativas laborales vigentes<\/b><span style=\"font-weight: 400;\">, sino que <\/span><b>desnudan grotescamente la presi\u00f3n del poder pol\u00edtico de turno sobre un medio de comunicaci\u00f3n\u201d.\u00a0<\/b><\/p>\n<p><a href=\"https:\/\/tribunavm.com.ar\/wp-content\/uploads\/2020\/07\/Carta-abierta-Cispren.pdf\">PDF: Carta abierta Cispren<\/a><\/p>\n<p><span style=\"font-weight: 400;\">Por ello, CISPREN solicita \u201cla urgente reincorporaci\u00f3n de las periodistas injustamente despedidas en un contexto de emergencia ocupacional agravada por la pandemia y exigimos a los poderes del Estado y a la Justicia, que arbitren las medidas necesarias para garantizar la pluralidad de voces\u201d, concluye el comunicado.<\/span><\/p>\n<\/div>\n<div class=\"col-md-3\">\n<p>&nbsp;<\/p>\n<\/div>\n<\/div>\n","protected":false},"excerpt":{"rendered":"<p>Desde la Federaci\u00f3n Argentina de Trabajadores de Prensa largaron una campa\u00f1a para exigir la apertura de paritarias. En la Provincia de C\u00f3rdoba, el CISPREN lanz\u00f3 una carta abierta contra los despidos en Villa Mar\u00eda Ya! La situaci\u00f3n del trabajo en la prensa y la comunicaci\u00f3n se recrudece cada d\u00eda m\u00e1s. Al \u00faltimo aumento registrado por [&hellip;]<\/p>\n","protected":false},"author":2,"featured_media":1311,"comment_status":"open","ping_status":"open","sticky":false,"template":"","format":"standard","meta":{"_exactmetrics_skip_tracking":false,"_exactmetrics_sitenote_active":false,"_exactmetrics_sitenote_note":"","_exactmetrics_sitenote_category":0,"jnews-multi-image_gallery":[],"jnews_single_post":{"source_name":"","source_url":"","via_name":"","via_url":"","override_template":"0","override":[{"template":"1","single_blog_custom":"","parallax":"1","fullscreen":"0","layout":"right-sidebar","sidebar":"default-sidebar","second_sidebar":"default-sidebar","sticky_sidebar":"1","share_position":"top","share_float_style":"share-monocrhome","show_share_counter":"1","show_view_counter":"1","show_featured":"1","show_post_meta":"1","show_post_author":"1","show_post_author_image":"1","show_post_date":"1","post_date_format":"default","post_date_format_custom":"Y\/m\/d","show_post_category":"1","show_post_reading_time":"0","post_reading_time_wpm":"300","show_zoom_button":"0","zoom_button_out_step":"2","zoom_button_in_step":"3","show_post_tag":"1","show_prev_next_post":"1","show_popup_post":"1","number_popup_post":"1","show_author_box":"0","show_post_related":"0","show_inline_post_related":"0"}],"override_image_size":"0","image_override":[{"single_post_thumbnail_size":"crop-500","single_post_gallery_size":"crop-500"}],"trending_post":"0","trending_post_position":"meta","trending_post_label":"Trending","sponsored_post":"0","sponsored_post_label":"Sponsored by","sponsored_post_name":"","sponsored_post_url":"","sponsored_post_logo_enable":"0","sponsored_post_logo":"","sponsored_post_desc":""},"jnews_primary_category":{"id":"22"},"jnews_social_meta":{"fb_title":"","fb_description":"","fb_image":"","twitter_title":"","twitter_description":"","twitter_image":""},"jnews_override_counter":{"override_view_counter":"0","view_counter_number":"0","override_share_counter":"0","share_counter_number":"0","override_like_counter":"0","like_counter_number":"0","override_dislike_counter":"0","dislike_counter_number":"0"},"_joinchat":[],"footnotes":""},"categories":[22],"tags":[72,84,36,35],"class_list":["post-1308","post","type-post","status-publish","format-standard","has-post-thumbnail","hentry","category-actualidad","tag-edicion-digital","tag-medios","tag-que-paso","tag-trabajadores"],"_links":{"self":[{"href":"https:\/\/tribunavm.com.ar\/index.php\/wp-json\/wp\/v2\/posts\/1308"}],"collection":[{"href":"https:\/\/tribunavm.com.ar\/index.php\/wp-json\/wp\/v2\/posts"}],"about":[{"href":"https:\/\/tribunavm.com.ar\/index.php\/wp-json\/wp\/v2\/types\/post"}],"author":[{"embeddable":true,"href":"https:\/\/tribunavm.com.ar\/index.php\/wp-json\/wp\/v2\/users\/2"}],"replies":[{"embeddable":true,"href":"https:\/\/tribunavm.com.ar\/index.php\/wp-json\/wp\/v2\/comments?post=1308"}],"version-history":[{"count":1,"href":"https:\/\/tribunavm.com.ar\/index.php\/wp-json\/wp\/v2\/posts\/1308\/revisions"}],"predecessor-version":[{"id":1312,"href":"https:\/\/tribunavm.com.ar\/index.php\/wp-json\/wp\/v2\/posts\/1308\/revisions\/1312"}],"wp:featuredmedia":[{"embeddable":true,"href":"https:\/\/tribunavm.com.ar\/index.php\/wp-json\/wp\/v2\/media\/1311"}],"wp:attachment":[{"href":"https:\/\/tribunavm.com.ar\/index.php\/wp-json\/wp\/v2\/media?parent=1308"}],"wp:term":[{"taxonomy":"category","embeddable":true,"href":"https:\/\/tribunavm.com.ar\/index.php\/wp-json\/wp\/v2\/categories?post=1308"},{"taxonomy":"post_tag","embeddable":true,"href":"https:\/\/tribunavm.com.ar\/index.php\/wp-json\/wp\/v2\/tags?post=1308"}],"curies":[{"name":"wp","href":"https:\/\/api.w.org\/{rel}","templated":true}]}}