{"id":13117,"date":"2025-06-02T00:25:27","date_gmt":"2025-06-02T00:25:27","guid":{"rendered":"https:\/\/tribunavm.com.ar\/?p=13117"},"modified":"2025-05-31T21:28:17","modified_gmt":"2025-05-31T21:28:17","slug":"maniobras-finas","status":"publish","type":"post","link":"https:\/\/tribunavm.com.ar\/index.php\/2025\/06\/02\/maniobras-finas\/","title":{"rendered":"Maniobras finas"},"content":{"rendered":"<div class=\"row clearfix\">\n<div class=\"col-md-8\">\n<p><span style=\"color: #212121; font-size: 1.5em; letter-spacing: -0.01em;\">El Gobierno sostiene las rebajas en las retenciones para siembra de la cosecha fina. El sector contin\u00faa reclamando la eliminaci\u00f3n total del impuesto.\u00a0<\/span><\/p>\n<p><span style=\"font-weight: 400;\"><span class=\"dropcap \" style=\"background-color: #ffffff; color: #dd9933; border-color: #ffffff;\">E<\/span>l ministro<\/span><b> Luis Caputo anunci\u00f3 una extensi\u00f3n de la rebaja temporal de las retenciones <\/b><span style=\"font-weight: 400;\">a las exportaciones al trigo y a la cebada (del 12% al 9,5%), que reg\u00eda hasta el 30 de junio. El beneficio seguir\u00e1 vigente hasta el 31 de marzo de 2026.\u00a0<\/span><\/p>\n<p><span style=\"font-weight: 400;\">A su vez, las al\u00edcuotas que rigen para la soja, el ma\u00edz, el girasol, el sorgo y todos sus subproductos, volver\u00edan a subir 7% en julio, como estaban en enero.<\/span><\/p>\n<p><span style=\"font-weight: 400;\">\u201cLas exportaciones de estos productos y sus derivados acumulan alrededor de USD 4.000 millones por a\u00f1o, cerca de un 5% del total de las exportaciones argentinas\u201d, a\u00f1adi\u00f3 el ministro en X.<\/span><\/p>\n<p><span style=\"font-weight: 400;\">\n    <style>\n        .bloque-nota-relacionada {\n            display: flex;\n            flex-wrap: wrap;\n            gap: 20px;\n            padding: 24px;\n            background: #ffffff;\n            border-radius: 12px;\n            box-shadow: 0 12px 28px rgba(0,0,0,0.15);\n            margin: 40px 0;\n            align-items: flex-start;\n        }\n        .bloque-nota-img {\n            flex: 0 0 260px;\n            max-width: 100%;\n        }\n        .bloque-nota-img img {\n            width: 100%;\n            height: auto;\n            border-radius: 10px;\n            object-fit: cover;\n        }\n        .bloque-nota-contenido {\n            flex: 1 1 300px;\n        }\n        .bloque-nota-contenido a {\n            font-size: 21px;\n            font-weight: 600;\n            color: #111;\n            text-decoration: none;\n            line-height: 1.4;\n            display: block;\n            margin-bottom: 10px;\n        }\n        .bloque-nota-contenido p {\n            font-size: 15px;\n            color: #555;\n            line-height: 1.6;\n            margin: 0;\n        }\n        @media (max-width: 600px) {\n            .bloque-nota-relacionada {\n                flex-direction: column;\n                padding: 20px;\n            }\n            .bloque-nota-img {\n                flex: none;\n                width: 100%;\n            }\n            .bloque-nota-contenido {\n                flex: none;\n                width: 100%;\n            }\n        }\n    <\/style>\n\n    <div class=\"bloque-nota-relacionada\">\n        <div class=\"bloque-nota-img\">\n            <img decoding=\"async\" src=\"https:\/\/tribunavm.com.ar\/wp-content\/uploads\/2025\/01\/Caputo.webp\" alt=\"Baja temporal de retenciones agrarias\">\n        <\/div>\n        <div class=\"bloque-nota-contenido\">\n            <a href=\"https:\/\/tribunavm.com.ar\/index.php\/2025\/01\/24\/baja-temporal-de-retenciones-agrarias\/\">Baja temporal de retenciones agrarias<\/a>\n            <p>Tras el reclamo de los gobernadores provinciales y las entidades del sector, el Gobierno Nacional anunci\u00f3 una baja temporal de las retenciones para los principales cultivos de exportaci\u00f3n del agro.\u00a0<\/p>\n        <\/div>\n    <\/div><\/span><\/p>\n<p><span style=\"font-weight: 400;\">La C\u00e1mara de la Industria Aceitera Argentina (<\/span><b>Ciara<\/b><span style=\"font-weight: 400;\">), en un comunicado, celebr\u00f3 el anuncio. <\/span><b>\u201cEs el camino correcto.<\/b> <b>Consideramos que ser\u00eda deseable que hagan lo mismo con los granos de la cosecha gruesa \u2013soja y ma\u00edz\u2013, que tienen alto impacto en la producci\u00f3n y exportaci\u00f3n en la Argentina\u201d<\/b><span style=\"font-weight: 400;\">.<\/span><\/p>\n<p><span style=\"font-weight: 400;\">\u201cA principios de a\u00f1o, cuando se tom\u00f3 la decisi\u00f3n de que esta baja fuese temporaria, dijimos que era bien recibida siempre y cuando est\u00e9 orientada a su eliminaci\u00f3n definitiva. Y lo seguimos sosteniendo hoy, m\u00e1s all\u00e1 de la pr\u00f3rroga hasta el a\u00f1o que viene para la cosecha fina. Esta rebaja debe ir a 0\u201d, sostuvo Nicolas Pino, de la Sociedad Rural.<\/span><\/p>\n<\/div>\n<\/div>\n","protected":false},"excerpt":{"rendered":"<p>El Gobierno sostiene las rebajas en las retenciones para siembra de la cosecha fina. El sector contin\u00faa reclamando la eliminaci\u00f3n total del impuesto.\u00a0<\/p>\n","protected":false},"author":2,"featured_media":13118,"comment_status":"open","ping_status":"open","sticky":false,"template":"","format":"standard","meta":{"_exactmetrics_skip_tracking":false,"_exactmetrics_sitenote_active":false,"_exactmetrics_sitenote_note":"","_exactmetrics_sitenote_category":0,"jnews-multi-image_gallery":[],"jnews_single_post":{"format":"standard","override":[{"template":"5","parallax":"1","fullscreen":"1","layout":"right-sidebar","sidebar":"default-sidebar","second_sidebar":"default-sidebar","sticky_sidebar":"1","share_position":"hide","share_float_style":"share-monocrhome","show_featured":"1","show_post_meta":"1","show_post_author_image":"1","show_post_date":"1","post_date_format":"custom","post_date_format_custom":"d-m-Y","show_post_category":"1","post_reading_time_wpm":"300","post_calculate_word_method":"count_blank","show_zoom_button":"0","zoom_button_out_step":"2","zoom_button_in_step":"3","show_post_tag":"1","number_popup_post":"1","show_author_box":"0","show_post_related":"1"}],"image_override":[{"single_post_thumbnail_size":"crop-500","single_post_gallery_size":"crop-500"}],"trending_post_position":"meta","trending_post_label":"Trending","sponsored_post_label":"Sponsored by","disable_ad":"0"},"jnews_primary_category":[],"jnews_social_meta":[],"jnews_override_counter":{"view_counter_number":"0","share_counter_number":"0","like_counter_number":"0","dislike_counter_number":"0"},"_joinchat":[],"footnotes":""},"categories":[279],"tags":[41],"class_list":["post-13117","post","type-post","status-publish","format-standard","has-post-thumbnail","hentry","category-gobierno","tag-agro"],"_links":{"self":[{"href":"https:\/\/tribunavm.com.ar\/index.php\/wp-json\/wp\/v2\/posts\/13117"}],"collection":[{"href":"https:\/\/tribunavm.com.ar\/index.php\/wp-json\/wp\/v2\/posts"}],"about":[{"href":"https:\/\/tribunavm.com.ar\/index.php\/wp-json\/wp\/v2\/types\/post"}],"author":[{"embeddable":true,"href":"https:\/\/tribunavm.com.ar\/index.php\/wp-json\/wp\/v2\/users\/2"}],"replies":[{"embeddable":true,"href":"https:\/\/tribunavm.com.ar\/index.php\/wp-json\/wp\/v2\/comments?post=13117"}],"version-history":[{"count":1,"href":"https:\/\/tribunavm.com.ar\/index.php\/wp-json\/wp\/v2\/posts\/13117\/revisions"}],"predecessor-version":[{"id":13119,"href":"https:\/\/tribunavm.com.ar\/index.php\/wp-json\/wp\/v2\/posts\/13117\/revisions\/13119"}],"wp:featuredmedia":[{"embeddable":true,"href":"https:\/\/tribunavm.com.ar\/index.php\/wp-json\/wp\/v2\/media\/13118"}],"wp:attachment":[{"href":"https:\/\/tribunavm.com.ar\/index.php\/wp-json\/wp\/v2\/media?parent=13117"}],"wp:term":[{"taxonomy":"category","embeddable":true,"href":"https:\/\/tribunavm.com.ar\/index.php\/wp-json\/wp\/v2\/categories?post=13117"},{"taxonomy":"post_tag","embeddable":true,"href":"https:\/\/tribunavm.com.ar\/index.php\/wp-json\/wp\/v2\/tags?post=13117"}],"curies":[{"name":"wp","href":"https:\/\/api.w.org\/{rel}","templated":true}]}}