{"id":13137,"date":"2025-06-02T00:05:40","date_gmt":"2025-06-02T00:05:40","guid":{"rendered":"https:\/\/tribunavm.com.ar\/?p=13137"},"modified":"2025-05-31T23:21:42","modified_gmt":"2025-05-31T23:21:42","slug":"por-una-vida-mas-alla-del-trabajo","status":"publish","type":"post","link":"https:\/\/tribunavm.com.ar\/index.php\/2025\/06\/02\/por-una-vida-mas-alla-del-trabajo\/","title":{"rendered":"Por una vida m\u00e1s all\u00e1 del trabajo"},"content":{"rendered":"<div class=\"row clearfix\">\n<div class=\"col-md-8\">\n<p><span style=\"color: #212121; font-size: 1.5em; letter-spacing: -0.01em;\">Rene Munaro, dirigente de la Central \u00danica de los Trabajadores (CUT) de Brasil, convers\u00f3 con Tribuna acerca de las luchas para la reducci\u00f3n de la jornada laboral.\u00a0<\/span><\/p>\n<p><span style=\"color: #ff9900;\"><b><span class=\"dropcap \" style=\"background-color: #ffffff; color: #dd9933; border-color: #ffffff;\">\u00bf<\/span>Cu\u00e1l es la situaci\u00f3n actual de los trabajadores en Brasil respecto a la propuesta de reducci\u00f3n de jornada laboral? \u00bfEn qu\u00e9 sectores\/actividades impactar\u00eda la reforma?<\/b><\/span><\/p>\n<p><span style=\"font-weight: 400;\">La semana laboral en Brasil es de 44 horas, con una jornada m\u00e1xima de 8 horas. En la pr\u00e1ctica esto establece una jornada laboral de lunes a s\u00e1bado. Los trabajadores del servicio p\u00fablico y algunas categor\u00edas tienen una jornada laboral m\u00e1s corta, de 30 o 40 horas, distribuidas en cinco d\u00edas a la semana, como resultado de procesos de lucha consagrados en las leyes federales, estatales y\/o municipales en el caso del servicio p\u00fablico.\u00a0<\/span><\/p>\n<p><span style=\"font-weight: 400;\">En el sector privado, especialmente en el sector manufacturero, se han conseguido jornadas laborales m\u00e1s cortas mediante acuerdos o convenios laborales. Sin embargo, en Brasil existen turnos mayores a 6X1 de trabajadores de comercios sometidos a turnos de 10X1.\u00a0<\/span><\/p>\n<p><span style=\"font-weight: 400;\">La informalidad es un factor importante que, aun con la tasa de desempleo m\u00e1s baja del pa\u00eds (6,6%) desde 2012, ocupa un n\u00famero elevado y afecta a alrededor de 40 millones de trabajadores. El fin de la escala 6X1 afectar\u00eda principalmente al sector comercio y servicios, pero no s\u00f3lo a ellos, se puede decir que todos los sectores de trabajadores est\u00e1n afectados por esta discusi\u00f3n.<\/span><\/p>\n<p><span style=\"color: #ff9900;\"><b>\u00bfQu\u00e9 sectores econ\u00f3micos se posicionaron a favor y en contra de la reforma?\u00a0<\/b><\/span><\/p>\n<p><span style=\"font-weight: 400;\">Todos los sectores econ\u00f3micos del pa\u00eds est\u00e1n en contra del fin de la escala 6X1. seg\u00fan ellos, las empresas no podr\u00edan mantenerse a flote, pues aumentar\u00eda los costos de producci\u00f3n de forma insostenible.\u00a0<\/span><\/p>\n<p><span style=\"font-weight: 400;\">Sabemos que reducir la jornada laboral es una medida que preserva y genera m\u00e1s empleos. La actividad econ\u00f3mica tambi\u00e9n mejora e incrementa el consumo, ya que habr\u00e1 mayor demanda de producci\u00f3n y servicios con m\u00e1s trabajadores empleados.<\/span><\/p>\n<figure id=\"attachment_13140\" aria-describedby=\"caption-attachment-13140\" style=\"width: 1024px\" class=\"wp-caption alignnone\"><img loading=\"lazy\" decoding=\"async\" class=\"size-large wp-image-13140\" src=\"https:\/\/tribunavm.com.ar\/wp-content\/uploads\/2025\/05\/interior-1024x768.webp\" alt=\"\" width=\"1024\" height=\"768\" srcset=\"https:\/\/tribunavm.com.ar\/wp-content\/uploads\/2025\/05\/interior-1024x768.webp 1024w, https:\/\/tribunavm.com.ar\/wp-content\/uploads\/2025\/05\/interior-300x225.webp 300w, https:\/\/tribunavm.com.ar\/wp-content\/uploads\/2025\/05\/interior-768x576.webp 768w, https:\/\/tribunavm.com.ar\/wp-content\/uploads\/2025\/05\/interior-750x563.webp 750w, https:\/\/tribunavm.com.ar\/wp-content\/uploads\/2025\/05\/interior.webp 1040w\" sizes=\"(max-width: 1024px) 100vw, 1024px\" \/><figcaption id=\"caption-attachment-13140\" class=\"wp-caption-text\">\u201cNo vamos a morir por trabajar &#8211; Fin de la escala 6&#215;1\u201d.<\/figcaption><\/figure>\n<p><span style=\"font-weight: 400;\">Es un hecho que las largas jornadas laborales traen consigo dificultades en la vida social y familiar y aumentan los problemas de salud como el estr\u00e9s, la depresi\u00f3n y las lesiones por esfuerzo repetitivo. Los principales argumentos para acabar con la escala 6&#215;1 ser\u00edan el aumento de la vida familiar, la reducci\u00f3n de las enfermedades profesionales y la generaci\u00f3n de empleos.<\/span><\/p>\n<p><span style=\"color: #ff9900;\"><b>\u00bfQu\u00e9 medidas se plante\u00f3 la CUT y los sindicatos del pa\u00eds para apoyar la reforma?<\/b><\/span><span style=\"font-weight: 400;\">\u00a0<\/span><\/p>\n<p><span style=\"font-weight: 400;\">Esta discusi\u00f3n es uno de los pilares de la CUT, en los a\u00f1os 80 se logr\u00f3 la reducci\u00f3n de 48 horas a 44. Sin embargo, en el \u00faltimo per\u00edodo el fin de la escala 6X1 gan\u00f3 fuerza con un movimiento llamado VAT (VIDA Al\u00e9m do Trabalho) que moviliz\u00f3 a m\u00e1s de 3 millones de trabajadores en una campa\u00f1a realizada principalmente a trav\u00e9s de las redes sociales y que result\u00f3 en el PEC (Proyecto de Enmienda Constitucional) de la diputada Erika Hilton (PSOL) sobre el tema.\u00a0<\/span><\/p>\n<p><span style=\"font-weight: 400;\">Aunque el VAT no act\u00faa exclusivamente en las redes sociales sino que, adem\u00e1s, realiza actividades de calle con reparto de folletos y manifestaciones, y ha conseguido gran capilaridad en Brasil a trav\u00e9s de las redes sociales.\u00a0<\/span><\/p>\n<p><span style=\"font-weight: 400;\">En Brasil se est\u00e1 realizando un plebiscito popular nacional, organizado por los sindicatos (entre ellos la CUT), partidos pol\u00edticos y movimientos populares, que tendr\u00e1 como preguntas para la votaci\u00f3n popular la reducci\u00f3n de la jornada de trabajo sin reducci\u00f3n salarial y el fin de la escala 6&#215;1.<\/span><\/p>\n<figure id=\"attachment_13139\" aria-describedby=\"caption-attachment-13139\" style=\"width: 1024px\" class=\"wp-caption alignnone\"><img loading=\"lazy\" decoding=\"async\" class=\"size-large wp-image-13139\" src=\"https:\/\/tribunavm.com.ar\/wp-content\/uploads\/2025\/05\/interior-brasil-1024x575.jpg\" alt=\"\" width=\"1024\" height=\"575\" srcset=\"https:\/\/tribunavm.com.ar\/wp-content\/uploads\/2025\/05\/interior-brasil-1024x575.jpg 1024w, https:\/\/tribunavm.com.ar\/wp-content\/uploads\/2025\/05\/interior-brasil-300x169.jpg 300w, https:\/\/tribunavm.com.ar\/wp-content\/uploads\/2025\/05\/interior-brasil-768x431.jpg 768w, https:\/\/tribunavm.com.ar\/wp-content\/uploads\/2025\/05\/interior-brasil-750x421.jpg 750w, https:\/\/tribunavm.com.ar\/wp-content\/uploads\/2025\/05\/interior-brasil-1140x640.jpg 1140w, https:\/\/tribunavm.com.ar\/wp-content\/uploads\/2025\/05\/interior-brasil.jpg 1280w\" sizes=\"(max-width: 1024px) 100vw, 1024px\" \/><figcaption id=\"caption-attachment-13139\" class=\"wp-caption-text\">Manifestaci\u00f3n en R\u00edo de Janeiro.<\/figcaption><\/figure>\n<p><span style=\"color: #ff9900;\"><b>\u00bfQu\u00e9 opini\u00f3n tienes respecto a la reforma? \u00bfQu\u00e9 relaci\u00f3n tiene con el resto de los reclamos y demandas de la clase trabajadora brasilera?<\/b><\/span><\/p>\n<p><span style=\"font-weight: 400;\">El fin de la escala 6&#215;1 afecta a miles de trabajadores, incluidos aquellos que trabajan menos de 44 horas. Por ejemplo, en los hospitales p\u00fablicos o en la limpieza p\u00fablica, aunque trabajen 30 horas semanales, pueden estar contemplados dentro de una escala de 6X1.\u00a0<\/span><\/p>\n<p><span style=\"font-weight: 400;\">Esta agenda puede abrir camino a amplias movilizaciones de masas en el pa\u00eds e impulsar otros reclamos de la clase trabajadora como la derogaci\u00f3n de las reformas laborales, de seguridad social y de la Ley de Tercerizaciones, por ejemplo, para recuperar derechos usurpados en el \u00faltimo per\u00edodo por los gobiernos de Temer y Bolsonaro.<\/span><\/p>\n<p><span style=\"color: #ff9900;\"><b>En medio de propuestas de reformas laborales en Colombia, Chile y Argentina, \u00bfPensas que la reducci\u00f3n de la jornada puede ser un debate de la clase trabajadora latinoamericana?<\/b><\/span><\/p>\n<p><span style=\"font-weight: 400;\">Reducir la jornada de trabajo sin reducir los salarios es una cuesti\u00f3n fundamental para la clase trabajadora, pues adem\u00e1s de disminuir las enfermedades profesionales, genera empleos y aumenta los salarios medios, <\/span><b>reduciendo el grado de explotaci\u00f3n del capital<\/b><span style=\"font-weight: 400;\">, permitiendo mejores condiciones de vida de la clase trabajadora.\u00a0<\/span><\/p>\n<p><span style=\"font-weight: 400;\">Ahora bien, las relaciones de poder que se establecen hoy en cada pa\u00eds cuentan en este debate sobre c\u00f3mo podemos avanzar. Cuando Lula, en su discurso del 1\u00b0 de mayo, afirma que Brasil necesita abrir la discusi\u00f3n sobre el fin de la escala 6&#215;1 o cuando Petro en Colombia llama a los trabajadores y sale a las calles a defender una reforma laboral que tenga un car\u00e1cter progresista frente al congreso reaccionario, tenemos puntos de apoyo y un peso diferente en el proceso de lucha que en un gobierno de Milei, que defiende la desregulaci\u00f3n y la precarizaci\u00f3n de las relaciones laborales, como si eso representara un avance desde el punto de vista econ\u00f3mico para cualquier naci\u00f3n.<\/span><\/p>\n<\/div>\n<\/div>\n","protected":false},"excerpt":{"rendered":"<p>Rene Munaro, dirigente de la Central \u00danica de los Trabajadores (CUT) de Brasil, convers\u00f3 con Tribuna acerca de las luchas para la reducci\u00f3n de la jornada laboral.\u00a0<\/p>\n","protected":false},"author":2,"featured_media":13138,"comment_status":"open","ping_status":"open","sticky":false,"template":"","format":"standard","meta":{"_exactmetrics_skip_tracking":false,"_exactmetrics_sitenote_active":false,"_exactmetrics_sitenote_note":"","_exactmetrics_sitenote_category":0,"jnews-multi-image_gallery":[],"jnews_single_post":{"format":"standard","override":[{"template":"5","parallax":"1","fullscreen":"1","layout":"right-sidebar","sidebar":"default-sidebar","second_sidebar":"default-sidebar","sticky_sidebar":"1","share_position":"hide","share_float_style":"share-monocrhome","show_featured":"1","show_post_meta":"1","show_post_author_image":"1","show_post_date":"1","post_date_format":"custom","post_date_format_custom":"d-m-Y","show_post_category":"1","post_reading_time_wpm":"300","post_calculate_word_method":"count_blank","show_zoom_button":"0","zoom_button_out_step":"2","zoom_button_in_step":"3","show_post_tag":"1","number_popup_post":"1","show_author_box":"0","show_post_related":"1"}],"image_override":[{"single_post_thumbnail_size":"crop-500","single_post_gallery_size":"crop-500"}],"trending_post_position":"meta","trending_post_label":"Trending","sponsored_post_label":"Sponsored by","disable_ad":"0"},"jnews_primary_category":[],"jnews_social_meta":[],"jnews_override_counter":{"view_counter_number":"0","share_counter_number":"0","like_counter_number":"0","dislike_counter_number":"0"},"_joinchat":[],"footnotes":""},"categories":[24],"tags":[377,35],"class_list":["post-13137","post","type-post","status-publish","format-standard","has-post-thumbnail","hentry","category-opinion","tag-brasil","tag-trabajadores"],"_links":{"self":[{"href":"https:\/\/tribunavm.com.ar\/index.php\/wp-json\/wp\/v2\/posts\/13137"}],"collection":[{"href":"https:\/\/tribunavm.com.ar\/index.php\/wp-json\/wp\/v2\/posts"}],"about":[{"href":"https:\/\/tribunavm.com.ar\/index.php\/wp-json\/wp\/v2\/types\/post"}],"author":[{"embeddable":true,"href":"https:\/\/tribunavm.com.ar\/index.php\/wp-json\/wp\/v2\/users\/2"}],"replies":[{"embeddable":true,"href":"https:\/\/tribunavm.com.ar\/index.php\/wp-json\/wp\/v2\/comments?post=13137"}],"version-history":[{"count":1,"href":"https:\/\/tribunavm.com.ar\/index.php\/wp-json\/wp\/v2\/posts\/13137\/revisions"}],"predecessor-version":[{"id":13141,"href":"https:\/\/tribunavm.com.ar\/index.php\/wp-json\/wp\/v2\/posts\/13137\/revisions\/13141"}],"wp:featuredmedia":[{"embeddable":true,"href":"https:\/\/tribunavm.com.ar\/index.php\/wp-json\/wp\/v2\/media\/13138"}],"wp:attachment":[{"href":"https:\/\/tribunavm.com.ar\/index.php\/wp-json\/wp\/v2\/media?parent=13137"}],"wp:term":[{"taxonomy":"category","embeddable":true,"href":"https:\/\/tribunavm.com.ar\/index.php\/wp-json\/wp\/v2\/categories?post=13137"},{"taxonomy":"post_tag","embeddable":true,"href":"https:\/\/tribunavm.com.ar\/index.php\/wp-json\/wp\/v2\/tags?post=13137"}],"curies":[{"name":"wp","href":"https:\/\/api.w.org\/{rel}","templated":true}]}}