{"id":13156,"date":"2025-06-02T11:05:06","date_gmt":"2025-06-02T11:05:06","guid":{"rendered":"https:\/\/tribunavm.com.ar\/?p=13156"},"modified":"2025-06-02T11:05:06","modified_gmt":"2025-06-02T11:05:06","slug":"iniciativa","status":"publish","type":"post","link":"https:\/\/tribunavm.com.ar\/index.php\/2025\/06\/02\/iniciativa\/","title":{"rendered":"Iniciativa"},"content":{"rendered":"<div class=\"row clearfix\">\n<div class=\"col-md-8\">\n<p><span style=\"font-weight: 400;\"><span class=\"dropcap \" style=\"background-color: #ffffff; color: #dd9933; border-color: #ffffff;\">E<\/span>n el marco de un nuevo aniversario del Cordobazo, la situaci\u00f3n de los conflictos sociales actuales evidencian un estado de dependencia y crisis que a\u00fan no ha sido superado.<\/span><\/p>\n<p><span style=\"font-weight: 400;\">Mientras algunas fracciones bregan discursivamente por la diplomacia y la paz, los intereses econ\u00f3micos revelan la verdadera profundidad y escala de la crisis, expres\u00e1ndose en movimientos b\u00e9licos en distintos puntos del globo disputandose la dominaci\u00f3n de los territorios y sus recursos.\u00a0<\/span><\/p>\n<p><span style=\"font-weight: 400;\">En Latinoam\u00e9rica, la guerra se manifiesta por medio de reformas laborales, endeudamiento sistem\u00e1tico y el ataque a las organizaciones populares. En algunos pa\u00edses, como Brasil y Colombia, el pueblo se moviliza a favor de reformas progresivas que plantean reducci\u00f3n de jornada laboral y adquisici\u00f3n de otros derechos, mientras el poder institucional veta los proyectos.<\/span><\/p>\n<p><span style=\"font-weight: 400;\">En Argentina la reforma avanza con suma rapidez en otro sentido: se promueve el negocio de las indemnizaciones para los fondos de inversi\u00f3n, se busca elevar la edad jubilatoria y se proh\u00edben las huelgas en los sectores declarados esenciales.<\/span><\/p>\n<p><span style=\"font-weight: 400;\">Ante la confrontaci\u00f3n directa a las condiciones de vida, prolifera la resistencia que se torna incontenible a las estructuras, como lo sucedido en Tierra del Fuego y Catamarca. Docentes y estudiantes se meten de lleno en la discusi\u00f3n del financiamiento educativo para garantizar el cursado, mejores salarios, comedor y becas.\u00a0<\/span><\/p>\n<p><span style=\"font-weight: 400;\">La cuesti\u00f3n est\u00e1 en la posibilidad para los trabajadores de construir un nuevo escenario, d\u00f3nde la resistencia deje ser una acci\u00f3n defensiva ante la avanzada externa y, en cambio, podamos trascender con una iniciativa propia, esto es con luchas por mejoras de las condiciones de trabajo y educaci\u00f3n.<\/span><\/p>\n<\/div>\n<\/div>\n","protected":false},"excerpt":{"rendered":"<p>En el marco de un nuevo aniversario del Cordobazo, la situaci\u00f3n de los conflictos sociales actuales evidencian un estado de dependencia y crisis que a\u00fan no ha sido superado.<\/p>\n","protected":false},"author":2,"featured_media":573,"comment_status":"open","ping_status":"open","sticky":false,"template":"","format":"standard","meta":{"_exactmetrics_skip_tracking":false,"_exactmetrics_sitenote_active":false,"_exactmetrics_sitenote_note":"","_exactmetrics_sitenote_category":0,"jnews-multi-image_gallery":[],"jnews_single_post":{"format":"standard","override":[{"template":"5","parallax":"1","fullscreen":"1","layout":"right-sidebar","sidebar":"default-sidebar","second_sidebar":"default-sidebar","sticky_sidebar":"1","share_position":"hide","share_float_style":"share-monocrhome","show_featured":"1","show_post_meta":"1","show_post_author_image":"1","show_post_date":"1","post_date_format":"custom","post_date_format_custom":"d-m-Y","show_post_category":"1","post_reading_time_wpm":"300","post_calculate_word_method":"count_blank","show_zoom_button":"0","zoom_button_out_step":"2","zoom_button_in_step":"3","show_post_tag":"1","number_popup_post":"1","show_author_box":"0","show_post_related":"1"}],"image_override":[{"single_post_thumbnail_size":"crop-500","single_post_gallery_size":"crop-500"}],"trending_post_position":"meta","trending_post_label":"Trending","sponsored_post_label":"Sponsored by","disable_ad":"0"},"jnews_primary_category":[],"jnews_social_meta":[],"jnews_override_counter":{"view_counter_number":"0","share_counter_number":"0","like_counter_number":"0","dislike_counter_number":"0"},"_joinchat":[],"footnotes":""},"categories":[26],"tags":[],"class_list":["post-13156","post","type-post","status-publish","format-standard","has-post-thumbnail","hentry","category-editorial"],"_links":{"self":[{"href":"https:\/\/tribunavm.com.ar\/index.php\/wp-json\/wp\/v2\/posts\/13156"}],"collection":[{"href":"https:\/\/tribunavm.com.ar\/index.php\/wp-json\/wp\/v2\/posts"}],"about":[{"href":"https:\/\/tribunavm.com.ar\/index.php\/wp-json\/wp\/v2\/types\/post"}],"author":[{"embeddable":true,"href":"https:\/\/tribunavm.com.ar\/index.php\/wp-json\/wp\/v2\/users\/2"}],"replies":[{"embeddable":true,"href":"https:\/\/tribunavm.com.ar\/index.php\/wp-json\/wp\/v2\/comments?post=13156"}],"version-history":[{"count":1,"href":"https:\/\/tribunavm.com.ar\/index.php\/wp-json\/wp\/v2\/posts\/13156\/revisions"}],"predecessor-version":[{"id":13157,"href":"https:\/\/tribunavm.com.ar\/index.php\/wp-json\/wp\/v2\/posts\/13156\/revisions\/13157"}],"wp:featuredmedia":[{"embeddable":true,"href":"https:\/\/tribunavm.com.ar\/index.php\/wp-json\/wp\/v2\/media\/573"}],"wp:attachment":[{"href":"https:\/\/tribunavm.com.ar\/index.php\/wp-json\/wp\/v2\/media?parent=13156"}],"wp:term":[{"taxonomy":"category","embeddable":true,"href":"https:\/\/tribunavm.com.ar\/index.php\/wp-json\/wp\/v2\/categories?post=13156"},{"taxonomy":"post_tag","embeddable":true,"href":"https:\/\/tribunavm.com.ar\/index.php\/wp-json\/wp\/v2\/tags?post=13156"}],"curies":[{"name":"wp","href":"https:\/\/api.w.org\/{rel}","templated":true}]}}