{"id":13214,"date":"2025-06-16T00:41:12","date_gmt":"2025-06-16T00:41:12","guid":{"rendered":"https:\/\/tribunavm.com.ar\/?p=13214"},"modified":"2025-06-14T18:48:23","modified_gmt":"2025-06-14T18:48:23","slug":"con-las-privatizaciones-como-salvavidas","status":"publish","type":"post","link":"https:\/\/tribunavm.com.ar\/index.php\/2025\/06\/16\/con-las-privatizaciones-como-salvavidas\/","title":{"rendered":"Con las privatizaciones como salvavidas"},"content":{"rendered":"<div class=\"row clearfix\">\n<div class=\"col-md-8\">\n<p><span style=\"color: #212121; font-size: 1.5em; letter-spacing: -0.01em;\">Los empresarios de la construcci\u00f3n apuestan a las privatizaciones del Gobierno para reactivar el sector en contexto de ajuste del financiamiento p\u00fablico a proyectos de infraestructura.<\/span><\/p>\n<p><span style=\"font-weight: 400;\"><span class=\"dropcap \" style=\"background-color: #ffffff; color: #dd9933; border-color: #ffffff;\">E<\/span>l pasado 3 de junio se realiz\u00f3 la convenci\u00f3n anual de la C\u00e1mara Argentina de la Construcci\u00f3n (Camarco), donde su presidente, Gustavo Weiss, resalt\u00f3 la importancia de la obra p\u00fablica.<\/span><\/p>\n<p><span style=\"font-weight: 400;\">\u201cCada obra es una pieza fundamental en el desarrollo nacional. La infraestructura no es un concepto abstracto, sino el cimiento esencial de una sociedad moderna y justa. Sin conectividad no hay productividad. Sin inversi\u00f3n sostenida, no hay crecimiento\u201d, sostuvo durante la apertura del evento.<\/span><\/p>\n<p><span style=\"font-weight: 400;\">Por otro lado, se refiri\u00f3 a los desaf\u00edos estructurales que enfrenta el pa\u00eds: la baja inversi\u00f3n en infraestructura, cuellos de botella log\u00edsticos, falta de conectividad digital y d\u00e9ficits energ\u00e9ticos. A su vez, se\u00f1al\u00f3 que m\u00e1s del 90% de la carga en Argentina se transporta por cami\u00f3n, encareciendo la producci\u00f3n y limitando la competitividad.\u00a0<\/span><\/p>\n<p><span style=\"font-weight: 400;\">\n    <style>\n        .bloque-nota-relacionada {\n            display: flex;\n            flex-wrap: wrap;\n            gap: 20px;\n            padding: 24px;\n            background: #ffffff;\n            border-radius: 12px;\n            box-shadow: 0 12px 28px rgba(0,0,0,0.15);\n            margin: 40px 0;\n            align-items: flex-start;\n        }\n        .bloque-nota-img {\n            flex: 0 0 260px;\n            max-width: 100%;\n        }\n        .bloque-nota-img img {\n            width: 100%;\n            height: auto;\n            border-radius: 10px;\n            object-fit: cover;\n        }\n        .bloque-nota-contenido {\n            flex: 1 1 300px;\n        }\n        .bloque-nota-contenido a {\n            font-size: 21px;\n            font-weight: 600;\n            color: #111;\n            text-decoration: none;\n            line-height: 1.4;\n            display: block;\n            margin-bottom: 10px;\n        }\n        .bloque-nota-contenido p {\n            font-size: 15px;\n            color: #555;\n            line-height: 1.6;\n            margin: 0;\n        }\n        @media (max-width: 600px) {\n            .bloque-nota-relacionada {\n                flex-direction: column;\n                padding: 20px;\n            }\n            .bloque-nota-img {\n                flex: none;\n                width: 100%;\n            }\n            .bloque-nota-contenido {\n                flex: none;\n                width: 100%;\n            }\n        }\n    <\/style>\n\n    <div class=\"bloque-nota-relacionada\">\n        <div class=\"bloque-nota-img\">\n            <img decoding=\"async\" src=\"https:\/\/tribunavm.com.ar\/wp-content\/uploads\/2021\/10\/f1280x720-26300_157975_5050-1024x576.jpg\" alt=\"Empresarios de la construcci\u00f3n piden cr\u00e9ditos hipotecarios\u00a0\">\n        <\/div>\n        <div class=\"bloque-nota-contenido\">\n            <a href=\"https:\/\/tribunavm.com.ar\/index.php\/2021\/10\/10\/empresarios-de-la-construccion-piden-creditos-hipotecarios\/\">Empresarios de la construcci\u00f3n piden cr\u00e9ditos hipotecarios\u00a0<\/a>\n            <p>La semana pasada se realiz\u00f3 la Convenci\u00f3n Anual de Camarco donde se convocaron empresarios de la construcci\u00f3n, representantes gremiales del sector y el Gobierno Nacional.<\/p>\n        <\/div>\n    <\/div><\/span><\/p>\n<p><span style=\"font-weight: 400;\">En el \u00e1mbito privado, el empresario asegur\u00f3 que <\/span><b>\u201cla mitad de la obra grande, fundamentalmente gas y petr\u00f3leo, est\u00e1 muy demandada\u201d.<\/b><span style=\"font-weight: 400;\"> En cambio, \u201cel resto (vivienda individual o edificios) tiene un grave problema de costos medidos en d\u00f3lares\u201d.\u00a0<\/span><\/p>\n<p><span style=\"font-weight: 400;\">Con un valor estimado de \u201c1.300 d\u00f3lares el metro cuadrado\u201d, dijo que los desarrollos privados \u201cno cierran porque el precio de venta no convalida el costo\u201d. En cuanto a la situaci\u00f3n del empresariado, advirti\u00f3 que el sector \u201caguant\u00f3\u201d la ca\u00edda de la obra p\u00fablica y afirm\u00f3 que mira con optimismo el avance de privatizaciones y concesiones que demandar\u00edan miles de millones de d\u00f3lares de inversi\u00f3n.\u00a0<\/span><\/p>\n<p><span style=\"font-weight: 400;\">En ese marco destac\u00f3 el reciente llamado del Gobierno para la concesi\u00f3n de obras viales en las rutas nacionales 12, 14, 135, 117, 174 y A-015. \u201cEl concepto es: la actividad privada tiene que ponerla a punto\u201d, dijo Weiss.\u00a0<\/span><\/p>\n<p><span style=\"font-weight: 400;\">Se trata del tramo conocido como \u201cruta del Mercosur\u201d, ya que conecta el pa\u00eds con el l\u00edmite internacional entre la Argentina y Brasil \u2013Puente Internacional Agust\u00edn P. Justo\u2013 y con la ciudad uruguaya de Paysand\u00fa.\u00a0<\/span><\/p>\n<p><span style=\"color: #ff9900;\"><b>En defensa del ajuste<\/b><\/span><\/p>\n<figure id=\"attachment_13215\" aria-describedby=\"caption-attachment-13215\" style=\"width: 992px\" class=\"wp-caption alignnone\"><img loading=\"lazy\" decoding=\"async\" class=\"size-full wp-image-13215\" src=\"https:\/\/tribunavm.com.ar\/wp-content\/uploads\/2025\/06\/1-camarco-giovone.jpg\" alt=\"\" width=\"992\" height=\"661\" srcset=\"https:\/\/tribunavm.com.ar\/wp-content\/uploads\/2025\/06\/1-camarco-giovone.jpg 992w, https:\/\/tribunavm.com.ar\/wp-content\/uploads\/2025\/06\/1-camarco-giovone-300x200.jpg 300w, https:\/\/tribunavm.com.ar\/wp-content\/uploads\/2025\/06\/1-camarco-giovone-768x512.jpg 768w, https:\/\/tribunavm.com.ar\/wp-content\/uploads\/2025\/06\/1-camarco-giovone-750x500.jpg 750w\" sizes=\"(max-width: 992px) 100vw, 992px\" \/><figcaption id=\"caption-attachment-13215\" class=\"wp-caption-text\">Luis Giovine, secretario de Obras P\u00fablicas.<\/figcaption><\/figure>\n<p><span style=\"font-weight: 400;\">De parte del Gobierno Nacional, el evento cont\u00f3 con la presencia de <\/span><b>Luis Giovine, secretario de Obras P\u00fablicas, quien defendi\u00f3 el ajuste en la obra p\u00fablica<\/b><span style=\"font-weight: 400;\">. En su intervenci\u00f3n, el funcionario enumer\u00f3 que <\/span><b>dio de baja 1668 de los 2337 proyectos que dej\u00f3 la gesti\u00f3n de Alberto Fernandez<\/b><span style=\"font-weight: 400;\">.<\/span><\/p>\n<p><span style=\"font-weight: 400;\">De las obras restantes, a\u00f1adi\u00f3 que casi 500 fueron transferidos a gestiones provinciales que firmaron convenios con el Gobierno y 183 contaron con el aval del Poder Ejecutivo para continuar con fondos nacionales, de las cuales el 30% no fueron iniciadas.<\/span><\/p>\n<p><span style=\"font-weight: 400;\">Seg\u00fan el indicador sint\u00e9tico de la actividad de la construcci\u00f3n (ISAC), relevamiento que realiza mensualmente el Instituto Nacional de Estad\u00edstica y Censos (Indec), la construcci\u00f3n registr\u00f3 en abril un avance de 5,1%, despu\u00e9s de haber marcado un descenso de 3,6% en marzo.<\/span><\/p>\n<p><span style=\"font-weight: 400;\">En la medici\u00f3n interanual la actividad en las obras creci\u00f3 25,9%, mientras que el dato acumulado de lo que va del a\u00f1o el alza fue de 10,4%.<\/span><b> Desde el inicio de la gesti\u00f3n de Milei la construcci\u00f3n acumula una ca\u00edda del 19,85%<\/b><span style=\"font-weight: 400;\">.<\/span><\/p>\n<\/div>\n<\/div>\n","protected":false},"excerpt":{"rendered":"<p>Los empresarios de la construcci\u00f3n apuestan a las privatizaciones del Gobierno para reactivar el sector en contexto de ajuste del financiamiento p\u00fablico a proyectos de infraestructura.<\/p>\n","protected":false},"author":2,"featured_media":13216,"comment_status":"open","ping_status":"open","sticky":false,"template":"","format":"standard","meta":{"_exactmetrics_skip_tracking":false,"_exactmetrics_sitenote_active":false,"_exactmetrics_sitenote_note":"","_exactmetrics_sitenote_category":0,"jnews-multi-image_gallery":[],"jnews_single_post":{"format":"standard","override":[{"template":"5","parallax":"1","fullscreen":"1","layout":"right-sidebar","sidebar":"default-sidebar","second_sidebar":"default-sidebar","sticky_sidebar":"1","share_position":"hide","share_float_style":"share-monocrhome","show_featured":"1","show_post_meta":"1","show_post_author_image":"1","show_post_date":"1","post_date_format":"custom","post_date_format_custom":"d-m-Y","show_post_category":"1","post_reading_time_wpm":"300","post_calculate_word_method":"count_blank","show_zoom_button":"0","zoom_button_out_step":"2","zoom_button_in_step":"3","show_post_tag":"1","number_popup_post":"1","show_author_box":"0","show_post_related":"1"}],"image_override":[{"single_post_thumbnail_size":"crop-500","single_post_gallery_size":"crop-500"}],"trending_post_position":"meta","trending_post_label":"Trending","sponsored_post_label":"Sponsored by","disable_ad":"0"},"jnews_primary_category":[],"jnews_social_meta":[],"jnews_override_counter":{"view_counter_number":"0","share_counter_number":"0","like_counter_number":"0","dislike_counter_number":"0"},"_joinchat":[],"footnotes":""},"categories":[278],"tags":[42],"class_list":["post-13214","post","type-post","status-publish","format-standard","has-post-thumbnail","hentry","category-economia","tag-industria"],"_links":{"self":[{"href":"https:\/\/tribunavm.com.ar\/index.php\/wp-json\/wp\/v2\/posts\/13214"}],"collection":[{"href":"https:\/\/tribunavm.com.ar\/index.php\/wp-json\/wp\/v2\/posts"}],"about":[{"href":"https:\/\/tribunavm.com.ar\/index.php\/wp-json\/wp\/v2\/types\/post"}],"author":[{"embeddable":true,"href":"https:\/\/tribunavm.com.ar\/index.php\/wp-json\/wp\/v2\/users\/2"}],"replies":[{"embeddable":true,"href":"https:\/\/tribunavm.com.ar\/index.php\/wp-json\/wp\/v2\/comments?post=13214"}],"version-history":[{"count":3,"href":"https:\/\/tribunavm.com.ar\/index.php\/wp-json\/wp\/v2\/posts\/13214\/revisions"}],"predecessor-version":[{"id":13219,"href":"https:\/\/tribunavm.com.ar\/index.php\/wp-json\/wp\/v2\/posts\/13214\/revisions\/13219"}],"wp:featuredmedia":[{"embeddable":true,"href":"https:\/\/tribunavm.com.ar\/index.php\/wp-json\/wp\/v2\/media\/13216"}],"wp:attachment":[{"href":"https:\/\/tribunavm.com.ar\/index.php\/wp-json\/wp\/v2\/media?parent=13214"}],"wp:term":[{"taxonomy":"category","embeddable":true,"href":"https:\/\/tribunavm.com.ar\/index.php\/wp-json\/wp\/v2\/categories?post=13214"},{"taxonomy":"post_tag","embeddable":true,"href":"https:\/\/tribunavm.com.ar\/index.php\/wp-json\/wp\/v2\/tags?post=13214"}],"curies":[{"name":"wp","href":"https:\/\/api.w.org\/{rel}","templated":true}]}}