{"id":13268,"date":"2025-06-20T23:45:42","date_gmt":"2025-06-20T23:45:42","guid":{"rendered":"https:\/\/tribunavm.com.ar\/?p=13268"},"modified":"2025-06-20T23:46:28","modified_gmt":"2025-06-20T23:46:28","slug":"el-despido-se-vuelve-negocio","status":"publish","type":"post","link":"https:\/\/tribunavm.com.ar\/index.php\/2025\/06\/20\/el-despido-se-vuelve-negocio\/","title":{"rendered":"El despido se vuelve negocio"},"content":{"rendered":"<div class=\"row clearfix\">\n<div class=\"col-md-8\">\n<p><span style=\"color: #212121; font-size: 1.5em; letter-spacing: -0.01em;\">La CNV reglament\u00f3 la posibilidad de que las indemnizaciones laborales se constituyan en otro nicho de ganancias para los fondos financieros.<\/span><\/p>\n<p><span style=\"font-weight: 400;\"><span class=\"dropcap \" style=\"background-color: #ffffff; color: #dd9933; border-color: #ffffff;\">L<\/span>a <\/span><b>Comisi\u00f3n Nacional de Valores (CNV)<\/b><span style=\"font-weight: 400;\"> estableci\u00f3 en la <\/span><span style=\"color: #ff9900;\"><a style=\"color: #ff9900;\" href=\"https:\/\/www.cnv.gov.ar\/sitioWeb\/MarcoRegulatorio?panel=2\"><span style=\"font-weight: 400;\">Resoluci\u00f3n 1071\/2025<\/span><\/a><\/span><span style=\"font-weight: 400;\"> el reemplazo del r\u00e9gimen de indemnizaci\u00f3n laboral por antig\u00fcedad por un nuevo Sistema de Fondo de Cese administrado a trav\u00e9s de un Fondo Com\u00fan de Inversi\u00f3n (FCI) o de un Fideicomiso Financiero (FF).<\/span><\/p>\n<p><span style=\"font-weight: 400;\">La medida se concret\u00f3 el d\u00eda jueves por medio de la creaci\u00f3n de un r\u00e9gimen especial para Productos de Inversi\u00f3n Colectiva de Cese Laboral. De esta forma, empresas y trabajadores (de forma individual, colectiva o sectorial) podr\u00e1n optar \u201clibremente\u201d el acuerdo de un porcentaje de la remuneraci\u00f3n o monto fijo que aportar\u00e1 el empleador <\/span><b>para constituir un fondo administrado por entidades financieras<\/b><span style=\"font-weight: 400;\">.<\/span><\/p>\n<p><span style=\"font-weight: 400;\">\n    <style>\n        .bloque-nota-relacionada {\n            display: flex;\n            flex-wrap: wrap;\n            gap: 20px;\n            padding: 24px;\n            background: #ffffff;\n            border-radius: 12px;\n            box-shadow: 0 12px 28px rgba(0,0,0,0.15);\n            margin: 40px 0;\n            align-items: flex-start;\n        }\n        .bloque-nota-img {\n            flex: 0 0 260px;\n            max-width: 100%;\n        }\n        .bloque-nota-img img {\n            width: 100%;\n            height: auto;\n            border-radius: 10px;\n            object-fit: cover;\n        }\n        .bloque-nota-contenido {\n            flex: 1 1 300px;\n        }\n        .bloque-nota-contenido a {\n            font-size: 21px;\n            font-weight: 600;\n            color: #111;\n            text-decoration: none;\n            line-height: 1.4;\n            display: block;\n            margin-bottom: 10px;\n        }\n        .bloque-nota-contenido p {\n            font-size: 15px;\n            color: #555;\n            line-height: 1.6;\n            margin: 0;\n        }\n        @media (max-width: 600px) {\n            .bloque-nota-relacionada {\n                flex-direction: column;\n                padding: 20px;\n            }\n            .bloque-nota-img {\n                flex: none;\n                width: 100%;\n            }\n            .bloque-nota-contenido {\n                flex: none;\n                width: 100%;\n            }\n        }\n    <\/style>\n\n    <div class=\"bloque-nota-relacionada\">\n        <div class=\"bloque-nota-img\">\n            <img decoding=\"async\" src=\"https:\/\/tribunavm.com.ar\/wp-content\/uploads\/2025\/05\/ChatGPT-Image-17-may-2025-11_47_42-a.m-1024x683.png\" alt=\"Reformas a medida de los inversores\">\n        <\/div>\n        <div class=\"bloque-nota-contenido\">\n            <a href=\"https:\/\/tribunavm.com.ar\/index.php\/2025\/05\/19\/reformas-a-medida-de-los-inversores\/\">Reformas a medida de los inversores<\/a>\n            <p>La Comisi\u00f3n Nacional de Valores promueve un nuevo sistema de indemnizaci\u00f3n por despidos como negocio para los Fondos de Inversi\u00f3n. Se profundiza la reforma laboral y previsional contra los trabajadores.<\/p>\n        <\/div>\n    <\/div><\/span><\/p>\n<p><span style=\"font-weight: 400;\">\u201cEstamos orgullosos de presentar esta normativa, que trabajamos en conjunto con el ministro Federico Sturzenegger, y el equipo del Gobierno Nacional, y que adem\u00e1s incorpora los aportes surgidos de la consulta p\u00fablica\u201d, destac\u00f3 <\/span><b>Roberto Silva, presidente de la CNV<\/b><span style=\"font-weight: 400;\">.<\/span><\/p>\n<p><b>&#8220;A trav\u00e9s de estas medidas promovemos los valores de la libertad en Argentina e impulsamos el desarrollo del mercado de capitales&#8221;<\/b><span style=\"font-weight: 400;\">, a\u00f1adi\u00f3 Silva.<\/span><\/p>\n<figure id=\"attachment_13269\" aria-describedby=\"caption-attachment-13269\" style=\"width: 1024px\" class=\"wp-caption alignnone\"><img loading=\"lazy\" decoding=\"async\" class=\"size-large wp-image-13269\" src=\"https:\/\/tribunavm.com.ar\/wp-content\/uploads\/2025\/06\/1-roberto-silva-CNV-interno-1024x576.jpg\" alt=\"\" width=\"1024\" height=\"576\" srcset=\"https:\/\/tribunavm.com.ar\/wp-content\/uploads\/2025\/06\/1-roberto-silva-CNV-interno-1024x576.jpg 1024w, https:\/\/tribunavm.com.ar\/wp-content\/uploads\/2025\/06\/1-roberto-silva-CNV-interno-300x169.jpg 300w, https:\/\/tribunavm.com.ar\/wp-content\/uploads\/2025\/06\/1-roberto-silva-CNV-interno-768x432.jpg 768w, https:\/\/tribunavm.com.ar\/wp-content\/uploads\/2025\/06\/1-roberto-silva-CNV-interno-1536x864.jpg 1536w, https:\/\/tribunavm.com.ar\/wp-content\/uploads\/2025\/06\/1-roberto-silva-CNV-interno-2048x1152.jpg 2048w, https:\/\/tribunavm.com.ar\/wp-content\/uploads\/2025\/06\/1-roberto-silva-CNV-interno-750x422.jpg 750w, https:\/\/tribunavm.com.ar\/wp-content\/uploads\/2025\/06\/1-roberto-silva-CNV-interno-1140x641.jpg 1140w\" sizes=\"(max-width: 1024px) 100vw, 1024px\" \/><figcaption id=\"caption-attachment-13269\" class=\"wp-caption-text\">Roberto Silva, presidente de la CNV.<\/figcaption><\/figure>\n<p><span style=\"font-weight: 400;\">La normativa estaba contemplada en el cap\u00edtulo laboral de la Ley de Bases, que fue reglamentada en septiembre del a\u00f1o pasado, mediante el decreto 847. El sistema surge como mecanismo alternativo al art\u00edculo 245 de la Ley de Contrato de Trabajo, que garantiza la indemnizaci\u00f3n por antig\u00fcedad, donde las empresas pagan un sueldo mensual por cada a\u00f1o trabajado o fracci\u00f3n mayor de tres meses.<\/span><\/p>\n<p><span style=\"font-weight: 400;\">Adem\u00e1s la ley previ\u00f3 otras dos posibilidades para reemplazar el esquema tradicional de indemnizaci\u00f3n. Por un lado, el mecanismo de \u201ccancelaci\u00f3n individual\u201d, en el cual se prev\u00e9n pagos por desvinculaciones de acuerdo con lo que se defina en un acuerdo de partes, donde se erosiona la diferenciaci\u00f3n monetaria entre la renuncia y el despido.\u00a0<\/span><\/p>\n<p><span style=\"font-weight: 400;\">\n    <style>\n        .bloque-nota-relacionada {\n            display: flex;\n            flex-wrap: wrap;\n            gap: 20px;\n            padding: 24px;\n            background: #ffffff;\n            border-radius: 12px;\n            box-shadow: 0 12px 28px rgba(0,0,0,0.15);\n            margin: 40px 0;\n            align-items: flex-start;\n        }\n        .bloque-nota-img {\n            flex: 0 0 260px;\n            max-width: 100%;\n        }\n        .bloque-nota-img img {\n            width: 100%;\n            height: auto;\n            border-radius: 10px;\n            object-fit: cover;\n        }\n        .bloque-nota-contenido {\n            flex: 1 1 300px;\n        }\n        .bloque-nota-contenido a {\n            font-size: 21px;\n            font-weight: 600;\n            color: #111;\n            text-decoration: none;\n            line-height: 1.4;\n            display: block;\n            margin-bottom: 10px;\n        }\n        .bloque-nota-contenido p {\n            font-size: 15px;\n            color: #555;\n            line-height: 1.6;\n            margin: 0;\n        }\n        @media (max-width: 600px) {\n            .bloque-nota-relacionada {\n                flex-direction: column;\n                padding: 20px;\n            }\n            .bloque-nota-img {\n                flex: none;\n                width: 100%;\n            }\n            .bloque-nota-contenido {\n                flex: none;\n                width: 100%;\n            }\n        }\n    <\/style>\n\n    <div class=\"bloque-nota-relacionada\">\n        <div class=\"bloque-nota-img\">\n            <img decoding=\"async\" src=\"https:\/\/tribunavm.com.ar\/wp-content\/uploads\/2025\/06\/portada-3-1024x619.jpeg\" alt=\"Legislaci\u00f3n laboral: un modelo en disputa\">\n        <\/div>\n        <div class=\"bloque-nota-contenido\">\n            <a href=\"https:\/\/tribunavm.com.ar\/index.php\/2025\/06\/16\/legislacion-laboral\/\">Legislaci\u00f3n laboral: un modelo en disputa<\/a>\n            <p>El gremio de prensa local organiz\u00f3 una charla con el abogado laboralista Diego Sobrino en el marco del d\u00eda del periodista. \u201cRevertir los cambios regresivos en la legislaci\u00f3n depender\u00e1 de la capacidad de los trabajadores de movilizarse\u201d, dijo.<\/p>\n        <\/div>\n    <\/div><\/span><\/p>\n<p><span style=\"font-weight: 400;\">Por el otro, se habilita la posibilidad de contratar productos en compa\u00f1\u00edas de seguros, para coberturas individuales o colectivas.<\/span><\/p>\n<p><b>De esta forma, los pagos que se constitu\u00edan como una obligaci\u00f3n legal para las empresas se convierten en el establecimiento de un \u201cacuerdo\u201d condicionado por la capacidad de las partes de imponer sus intereses. El \u201cmercado\u201d celebra. <\/b><\/p>\n<\/div>\n<\/div>\n","protected":false},"excerpt":{"rendered":"<p>La CNV reglament\u00f3 la posibilidad de que las indemnizaciones laborales se constituyan en otro nicho de ganancias para los fondos financieros.<\/p>\n","protected":false},"author":2,"featured_media":13270,"comment_status":"open","ping_status":"open","sticky":false,"template":"","format":"standard","meta":{"_exactmetrics_skip_tracking":false,"_exactmetrics_sitenote_active":false,"_exactmetrics_sitenote_note":"","_exactmetrics_sitenote_category":0,"jnews-multi-image_gallery":[],"jnews_single_post":{"format":"standard","override":[{"template":"5","parallax":"1","fullscreen":"1","layout":"right-sidebar","sidebar":"default-sidebar","second_sidebar":"default-sidebar","sticky_sidebar":"1","share_position":"hide","share_float_style":"share-monocrhome","show_featured":"1","show_post_meta":"1","show_post_author_image":"1","show_post_date":"1","post_date_format":"custom","post_date_format_custom":"d-m-Y","show_post_category":"1","post_reading_time_wpm":"300","post_calculate_word_method":"count_blank","show_zoom_button":"0","zoom_button_out_step":"2","zoom_button_in_step":"3","show_post_tag":"1","number_popup_post":"1","show_author_box":"0","show_post_related":"1"}],"image_override":[{"single_post_thumbnail_size":"crop-500","single_post_gallery_size":"crop-500"}],"trending_post_position":"meta","trending_post_label":"Trending","sponsored_post_label":"Sponsored by","disable_ad":"0"},"jnews_primary_category":[],"jnews_social_meta":[],"jnews_override_counter":{"view_counter_number":"0","share_counter_number":"0","like_counter_number":"0","dislike_counter_number":"0"},"_joinchat":[],"footnotes":""},"categories":[279],"tags":[52,35],"class_list":["post-13268","post","type-post","status-publish","format-standard","has-post-thumbnail","hentry","category-gobierno","tag-finanzas","tag-trabajadores"],"_links":{"self":[{"href":"https:\/\/tribunavm.com.ar\/index.php\/wp-json\/wp\/v2\/posts\/13268"}],"collection":[{"href":"https:\/\/tribunavm.com.ar\/index.php\/wp-json\/wp\/v2\/posts"}],"about":[{"href":"https:\/\/tribunavm.com.ar\/index.php\/wp-json\/wp\/v2\/types\/post"}],"author":[{"embeddable":true,"href":"https:\/\/tribunavm.com.ar\/index.php\/wp-json\/wp\/v2\/users\/2"}],"replies":[{"embeddable":true,"href":"https:\/\/tribunavm.com.ar\/index.php\/wp-json\/wp\/v2\/comments?post=13268"}],"version-history":[{"count":2,"href":"https:\/\/tribunavm.com.ar\/index.php\/wp-json\/wp\/v2\/posts\/13268\/revisions"}],"predecessor-version":[{"id":13272,"href":"https:\/\/tribunavm.com.ar\/index.php\/wp-json\/wp\/v2\/posts\/13268\/revisions\/13272"}],"wp:featuredmedia":[{"embeddable":true,"href":"https:\/\/tribunavm.com.ar\/index.php\/wp-json\/wp\/v2\/media\/13270"}],"wp:attachment":[{"href":"https:\/\/tribunavm.com.ar\/index.php\/wp-json\/wp\/v2\/media?parent=13268"}],"wp:term":[{"taxonomy":"category","embeddable":true,"href":"https:\/\/tribunavm.com.ar\/index.php\/wp-json\/wp\/v2\/categories?post=13268"},{"taxonomy":"post_tag","embeddable":true,"href":"https:\/\/tribunavm.com.ar\/index.php\/wp-json\/wp\/v2\/tags?post=13268"}],"curies":[{"name":"wp","href":"https:\/\/api.w.org\/{rel}","templated":true}]}}