{"id":13286,"date":"2025-06-30T00:08:40","date_gmt":"2025-06-30T00:08:40","guid":{"rendered":"https:\/\/tribunavm.com.ar\/?p=13286"},"modified":"2025-06-28T18:25:08","modified_gmt":"2025-06-28T18:25:08","slug":"se-reactiva-el-reclamo-por-el-desfinanciamiento-universitario","status":"publish","type":"post","link":"https:\/\/tribunavm.com.ar\/index.php\/2025\/06\/30\/se-reactiva-el-reclamo-por-el-desfinanciamiento-universitario\/","title":{"rendered":"Se reactiva el reclamo por el desfinanciamiento universitario"},"content":{"rendered":"<div class=\"row clearfix\">\n<div class=\"col-md-8\">\n<p><span style=\"color: #212121; font-size: 1.5em; letter-spacing: -0.01em;\">Sindicatos, estudiantes y autoridades de las universidades realizaron medidas en apoyo a la Ley de Financiamiento Universitario que se debatir\u00e1 en el Congreso.<\/span><\/p>\n<p><span style=\"font-weight: 400;\"><span class=\"dropcap \" style=\"background-color: #ffffff; color: #dd9933; border-color: #ffffff;\">E<\/span>l jueves pasado, el Frente Sindical de Universidades Nacionales, la Federaci\u00f3n Universitaria Argentina (FUA) y los rectores del Consejo Interuniversitario Nacional (CIN) <\/span><b>realizaron una movilizaci\u00f3n a nivel nacional para exigir una recomposici\u00f3n salarial, mayor presupuesto y aumento en las becas estudiantiles<\/b><span style=\"font-weight: 400;\">.\u00a0<\/span><\/p>\n<p><span style=\"font-weight: 400;\">Se registraron expresiones del reclamo en Buenos Aires, C\u00f3rdoba, Rosario, Salta, Rio Negro, Neuquen, entre muchas otras ciudades del pais. Centraron el reclamo en la aprobaci\u00f3n del proyecto de Ley de Financiamiento Universitario, presentado ante el Congreso el 28 de mayo.\u00a0<\/span><\/p>\n<p><b>Bajo la consigna \u201cPrendete a defender la universidad p\u00fablica\u201d, llamaron a la junta de un mill\u00f3n de firmas en apoyo del proyecto<\/b><span style=\"font-weight: 400;\"> que propone elevar el financiamiento de las universidades al 1,5% del PBI para el a\u00f1o 2031 y ser\u00e1 tratado en una sesi\u00f3n especial prevista para este mi\u00e9rcoles.<\/span><\/p>\n<figure id=\"attachment_13282\" aria-describedby=\"caption-attachment-13282\" style=\"width: 780px\" class=\"wp-caption alignnone\"><img loading=\"lazy\" decoding=\"async\" class=\"size-full wp-image-13282\" src=\"https:\/\/tribunavm.com.ar\/wp-content\/uploads\/2025\/06\/interior.jpg\" alt=\"\" width=\"780\" height=\"975\" srcset=\"https:\/\/tribunavm.com.ar\/wp-content\/uploads\/2025\/06\/interior.jpg 780w, https:\/\/tribunavm.com.ar\/wp-content\/uploads\/2025\/06\/interior-240x300.jpg 240w, https:\/\/tribunavm.com.ar\/wp-content\/uploads\/2025\/06\/interior-768x960.jpg 768w, https:\/\/tribunavm.com.ar\/wp-content\/uploads\/2025\/06\/interior-750x938.jpg 750w\" sizes=\"(max-width: 780px) 100vw, 780px\" \/><figcaption id=\"caption-attachment-13282\" class=\"wp-caption-text\">Flyer difundido para la junta de firmas.<\/figcaption><\/figure>\n<p><b>\u201cLa situaci\u00f3n salarial de docentes y nodocentes es insostenible, con m\u00e1s del 70% de trabajadores percibiendo salarios por debajo de la l\u00ednea de pobreza<\/b><span style=\"font-weight: 400;\">. Adem\u00e1s, el presupuesto asignado a las universidades para el 2025 representa solo el 50% de lo requerido\u201d, expresaron en una comunicaci\u00f3n conjunta.<\/span><\/p>\n<p><span style=\"font-weight: 400;\">\u201cLa sociedad argentina ha sido taxativa y ha dado innumerables muestras de la relevancia que adquiere la universidad p\u00fablica argentina. Es por estos motivos que solicitamos la aprobaci\u00f3n del presente proyecto de ley\u201d, a\u00f1adieron.<\/span><\/p>\n<p><span style=\"font-weight: 400;\">\n    <style>\n        .bloque-nota-relacionada {\n            display: flex;\n            flex-wrap: wrap;\n            gap: 20px;\n            padding: 24px;\n            background: #ffffff;\n            border-radius: 12px;\n            box-shadow: 0 12px 28px rgba(0,0,0,0.15);\n            margin: 40px 0;\n            align-items: flex-start;\n        }\n        .bloque-nota-img {\n            flex: 0 0 260px;\n            max-width: 100%;\n        }\n        .bloque-nota-img img {\n            width: 100%;\n            height: auto;\n            border-radius: 10px;\n            object-fit: cover;\n        }\n        .bloque-nota-contenido {\n            flex: 1 1 300px;\n        }\n        .bloque-nota-contenido a {\n            font-size: 21px;\n            font-weight: 600;\n            color: #111;\n            text-decoration: none;\n            line-height: 1.4;\n            display: block;\n            margin-bottom: 10px;\n        }\n        .bloque-nota-contenido p {\n            font-size: 15px;\n            color: #555;\n            line-height: 1.6;\n            margin: 0;\n        }\n        @media (max-width: 600px) {\n            .bloque-nota-relacionada {\n                flex-direction: column;\n                padding: 20px;\n            }\n            .bloque-nota-img {\n                flex: none;\n                width: 100%;\n            }\n            .bloque-nota-contenido {\n                flex: none;\n                width: 100%;\n            }\n        }\n    <\/style>\n\n    <div class=\"bloque-nota-relacionada\">\n        <div class=\"bloque-nota-img\">\n            <img decoding=\"async\" src=\"https:\/\/tribunavm.com.ar\/wp-content\/uploads\/2025\/05\/PORTADA-5-1024x576.jpg\" alt=\"Y la educaci\u00f3n, \u00bfpara cu\u00e1ndo?\">\n        <\/div>\n        <div class=\"bloque-nota-contenido\">\n            <a href=\"https:\/\/tribunavm.com.ar\/index.php\/2025\/06\/02\/y-la-educacion-para-cuando\/\">Y la educaci\u00f3n, \u00bfpara cu\u00e1ndo?<\/a>\n            <p>Protestas contra el desfinanciamiento a la educaci\u00f3n, la ciencia, tecnolog\u00eda, destrucci\u00f3n salarial, y el ataque a la huelga ocurrieron en simult\u00e1neo en todo el pa\u00eds.<\/p>\n        <\/div>\n    <\/div><\/span><\/p>\n<p><span style=\"font-weight: 400;\">Sin consenso de los otros gremios en el frente, la <\/span><b>Conadu Hist\u00f3rica y la Conadu<\/b><span style=\"font-weight: 400;\">, dos de las federaciones docentes, <\/span><b>realizaron un paro de 48 horas para los d\u00edas 25 y 26<\/b><span style=\"font-weight: 400;\">. La Conadu advirti\u00f3 en un comunicado que <\/span><b>\u201cno podemos normalizar la mayor p\u00e9rdida salarial de los \u00faltimos 40 a\u00f1os\u201d<\/b><span style=\"font-weight: 400;\">.\u00a0 Por su parte, la FAGDUT (docentes de UTN) concret\u00f3 un paro de 24 horas.<\/span><\/p>\n<p><span style=\"font-weight: 400;\">La semana anterior, la FATUN (no docentes) y la FEDUN (docentes) hab\u00edan realizado un paro de 24 horas tras conocerse la condena a la expresidenta Cristina Fern\u00e1ndez por parte de la Corte Suprema de Justicia.<\/span><\/p>\n<figure id=\"attachment_13287\" aria-describedby=\"caption-attachment-13287\" style=\"width: 710px\" class=\"wp-caption alignnone\"><img loading=\"lazy\" decoding=\"async\" class=\"wp-image-13287 size-full\" src=\"https:\/\/tribunavm.com.ar\/wp-content\/uploads\/2025\/06\/interior-salario-universitario-1.png\" alt=\"\" width=\"710\" height=\"279\" srcset=\"https:\/\/tribunavm.com.ar\/wp-content\/uploads\/2025\/06\/interior-salario-universitario-1.png 710w, https:\/\/tribunavm.com.ar\/wp-content\/uploads\/2025\/06\/interior-salario-universitario-1-300x118.png 300w\" sizes=\"(max-width: 710px) 100vw, 710px\" \/><figcaption id=\"caption-attachment-13287\" class=\"wp-caption-text\">Gr\u00e1fico del proyecto ilustra que las transferencias para sueldos docentes y nodocentes se incrementaron 103% contra una inflaci\u00f3n del 179%.<\/figcaption><\/figure>\n<p><span style=\"font-weight: 400;\">Seg\u00fan la Asociaci\u00f3n Civil por la Igualdad y la Justicia (ACIJ), el presupuesto universitario es el m\u00e1s bajo desde 2006. Pese al aumento del 29% que el Gobierno Nacional otorg\u00f3 recientemente a trav\u00e9s del decreto 425\/25, <\/span><b>el presupuesto para 2025 es un 9% inferior al del a\u00f1o pasado y acumula una ca\u00edda del 32% desde 2023<\/b><span style=\"font-weight: 400;\">. A trav\u00e9s de ese decreto, la gesti\u00f3n habilit\u00f3 tambi\u00e9n fondos para el pago de deuda p\u00fablica en pesos y en d\u00f3lares.<\/span><\/p>\n<p><span style=\"color: #ff9900;\"><b>Resonancia del reclamo en Villa Mar\u00eda<\/b><\/span><\/p>\n<p><span style=\"font-weight: 400;\">El pasado jueves, <\/span><b>el Concejo Deliberante de Villa Mar\u00eda aprob\u00f3 por unanimidad un proyecto de\u00a0 acompa\u00f1amiento institucional al proyecto de financiamiento universitario<\/b><span style=\"font-weight: 400;\">, impulsado por el bloque oficialista.<\/span><\/p>\n<p><span style=\"font-weight: 400;\">D\u00edas atr\u00e1s, el Consejo Superior de la Universidad Nacional de Villa Mar\u00eda (UNVM) tambi\u00e9n hab\u00eda sumado su adhesi\u00f3n a la iniciativa parlamentaria.<\/span><\/p>\n<p><span style=\"font-weight: 400;\">En la UNVM, el gremio docente (ADIUVIM) efectu\u00f3 acciones de visibilizaci\u00f3n pero sin paro. En cambio, <\/span><b>en la UTN, la federaci\u00f3n de docentes (FAGDUT), realiz\u00f3 un paro en las 30 facultades regionales, incluyendo la local<\/b><span style=\"font-weight: 400;\">.<\/span><\/p>\n<figure id=\"attachment_13288\" aria-describedby=\"caption-attachment-13288\" style=\"width: 819px\" class=\"wp-caption alignnone\"><img loading=\"lazy\" decoding=\"async\" class=\"size-full wp-image-13288\" src=\"https:\/\/tribunavm.com.ar\/wp-content\/uploads\/2025\/06\/interno-UNC-1.jpg\" alt=\"\" width=\"819\" height=\"1024\" srcset=\"https:\/\/tribunavm.com.ar\/wp-content\/uploads\/2025\/06\/interno-UNC-1.jpg 819w, https:\/\/tribunavm.com.ar\/wp-content\/uploads\/2025\/06\/interno-UNC-1-240x300.jpg 240w, https:\/\/tribunavm.com.ar\/wp-content\/uploads\/2025\/06\/interno-UNC-1-768x960.jpg 768w, https:\/\/tribunavm.com.ar\/wp-content\/uploads\/2025\/06\/interno-UNC-1-750x938.jpg 750w\" sizes=\"(max-width: 819px) 100vw, 819px\" \/><figcaption id=\"caption-attachment-13288\" class=\"wp-caption-text\">Afiche de ADIUC.<\/figcaption><\/figure>\n<p><span style=\"font-weight: 400;\">Por otro lado, los docentes de la Universidad Nacional de C\u00f3rdoba, en un plenario del gremio ADIUC, <\/span><b>resolvieron profundizar el plan de acci\u00f3n con la suspensi\u00f3n de ex\u00e1menes y el no inicio de clases<\/b><span style=\"font-weight: 400;\">. A su vez, se resolvi\u00f3 proponer \u201ceste esquema de medidas de fuerza a las federaciones y sindicatos universitarios nacionales\u201d.<\/span><\/p>\n<\/div>\n<\/div>\n","protected":false},"excerpt":{"rendered":"<p>Sindicatos, estudiantes y autoridades de las universidades realizaron medidas en apoyo a la Ley de Financiamiento Universitario que se debatir\u00e1 en el Congreso.<\/p>\n","protected":false},"author":2,"featured_media":13289,"comment_status":"open","ping_status":"open","sticky":false,"template":"","format":"standard","meta":{"_exactmetrics_skip_tracking":false,"_exactmetrics_sitenote_active":false,"_exactmetrics_sitenote_note":"","_exactmetrics_sitenote_category":0,"jnews-multi-image_gallery":[],"jnews_single_post":{"format":"standard","override":[{"template":"5","parallax":"1","fullscreen":"1","layout":"right-sidebar","sidebar":"default-sidebar","second_sidebar":"default-sidebar","sticky_sidebar":"1","share_position":"hide","share_float_style":"share-monocrhome","show_featured":"1","show_post_meta":"1","show_post_author_image":"1","show_post_date":"1","post_date_format":"custom","post_date_format_custom":"d-m-Y","show_post_category":"1","post_reading_time_wpm":"300","post_calculate_word_method":"count_blank","show_zoom_button":"0","zoom_button_out_step":"2","zoom_button_in_step":"3","show_post_tag":"1","number_popup_post":"1","show_author_box":"0","show_post_related":"1"}],"image_override":[{"single_post_thumbnail_size":"crop-500","single_post_gallery_size":"crop-500"}],"trending_post_position":"meta","trending_post_label":"Trending","sponsored_post_label":"Sponsored by","disable_ad":"0"},"jnews_primary_category":[],"jnews_social_meta":[],"jnews_override_counter":{"view_counter_number":"0","share_counter_number":"0","like_counter_number":"0","dislike_counter_number":"0"},"_joinchat":[],"footnotes":""},"categories":[22],"tags":[50],"class_list":["post-13286","post","type-post","status-publish","format-standard","has-post-thumbnail","hentry","category-actualidad","tag-educacion"],"_links":{"self":[{"href":"https:\/\/tribunavm.com.ar\/index.php\/wp-json\/wp\/v2\/posts\/13286"}],"collection":[{"href":"https:\/\/tribunavm.com.ar\/index.php\/wp-json\/wp\/v2\/posts"}],"about":[{"href":"https:\/\/tribunavm.com.ar\/index.php\/wp-json\/wp\/v2\/types\/post"}],"author":[{"embeddable":true,"href":"https:\/\/tribunavm.com.ar\/index.php\/wp-json\/wp\/v2\/users\/2"}],"replies":[{"embeddable":true,"href":"https:\/\/tribunavm.com.ar\/index.php\/wp-json\/wp\/v2\/comments?post=13286"}],"version-history":[{"count":3,"href":"https:\/\/tribunavm.com.ar\/index.php\/wp-json\/wp\/v2\/posts\/13286\/revisions"}],"predecessor-version":[{"id":13292,"href":"https:\/\/tribunavm.com.ar\/index.php\/wp-json\/wp\/v2\/posts\/13286\/revisions\/13292"}],"wp:featuredmedia":[{"embeddable":true,"href":"https:\/\/tribunavm.com.ar\/index.php\/wp-json\/wp\/v2\/media\/13289"}],"wp:attachment":[{"href":"https:\/\/tribunavm.com.ar\/index.php\/wp-json\/wp\/v2\/media?parent=13286"}],"wp:term":[{"taxonomy":"category","embeddable":true,"href":"https:\/\/tribunavm.com.ar\/index.php\/wp-json\/wp\/v2\/categories?post=13286"},{"taxonomy":"post_tag","embeddable":true,"href":"https:\/\/tribunavm.com.ar\/index.php\/wp-json\/wp\/v2\/tags?post=13286"}],"curies":[{"name":"wp","href":"https:\/\/api.w.org\/{rel}","templated":true}]}}