{"id":13377,"date":"2025-07-08T17:16:46","date_gmt":"2025-07-08T17:16:46","guid":{"rendered":"https:\/\/tribunavm.com.ar\/?p=13377"},"modified":"2025-07-12T21:03:28","modified_gmt":"2025-07-12T21:03:28","slug":"nuevo-capitulo-en-la-disputa-por-los-impuestos-provinciales","status":"publish","type":"post","link":"https:\/\/tribunavm.com.ar\/index.php\/2025\/07\/08\/nuevo-capitulo-en-la-disputa-por-los-impuestos-provinciales\/","title":{"rendered":"Nuevo cap\u00edtulo en la disputa por los impuestos provinciales"},"content":{"rendered":"<div class=\"row clearfix\">\n<div class=\"col-md-8\">\n<p><span style=\"color: #212121; font-size: 1.5em; letter-spacing: -0.01em;\">Mercado Libre anunci\u00f3 tarifas diferenciadas en las provincias para las operaciones en sus aplicaciones. El gobierno de Santa Fe cuestion\u00f3 la decisi\u00f3n.<\/span><\/p>\n<p><span style=\"font-weight: 400;\"><span class=\"dropcap \" style=\"background-color: #ffffff; color: #dd9933; border-color: #ffffff;\">A<\/span> partir del 8 de julio, <\/span><b>Mercado Libre \u201caplicar\u00e1 cargos diferenciados\u201d en las provincias para \u201ctransparentar el impacto de los impuestos\u201d, inform\u00f3 la empresa en un comunicado<\/b><span style=\"font-weight: 400;\">.<\/span><\/p>\n<p><span style=\"font-weight: 400;\">\u201cEl impuesto a los Ingresos Brutos sube el costo de las soluciones que ofrecen las plataformas digitales y esto afecta a millones de consumidores y comercios que compran, venden y cobran con estas herramientas\u201d, ampli\u00f3 Mercado Libre.<\/span><\/p>\n<p><span style=\"font-weight: 400;\">Adem\u00e1s, remarcaron que las diferencias cada vez mayores en las al\u00edcuotas entre provincias \u201cterminan perjudicando a quienes trabajan y compran en aquellas con menor carga impositiva\u201d.<\/span><\/p>\n<p><span style=\"font-weight: 400;\">Las medidas anunciadas incluyen una disminuci\u00f3n de cargos por vender en Corrientes, R\u00edo Negro, Santa Cruz, Formosa y Santiago del Estero. Mientras que en C\u00f3rdoba, Santa Fe y Jujuy los costos aumentar\u00e1n.<\/span><\/p>\n<blockquote class=\"twitter-tweet\">\n<p dir=\"ltr\" lang=\"qme\"><a href=\"https:\/\/twitter.com\/hashtag\/BastaDeIngresosBrutos?src=hash&amp;ref_src=twsrc%5Etfw\">#BastaDeIngresosBrutos<\/a> <a href=\"https:\/\/twitter.com\/hashtag\/CompetenciaFIscal?src=hash&amp;ref_src=twsrc%5Etfw\">#CompetenciaFIscal<\/a> <a href=\"https:\/\/t.co\/8ar2nTu1Q4\">pic.twitter.com\/8ar2nTu1Q4<\/a><\/p>\n<p>\u2014 Mercado Libre Argentina (@ML_Argentina) <a href=\"https:\/\/twitter.com\/ML_Argentina\/status\/1940036633870414269?ref_src=twsrc%5Etfw\">July 1, 2025<\/a><\/p><\/blockquote>\n<p><script async src=\"https:\/\/platform.twitter.com\/widgets.js\" charset=\"utf-8\"><\/script><\/p>\n<p><span style=\"color: #ff9900;\"><b>Respuesta de Santa Fe<\/b><\/span><\/p>\n<p><span style=\"font-weight: 400;\">El <\/span><b>gobernador de Santa Fe, Maximiliano Pullaro<\/b><span style=\"font-weight: 400;\">, dijo en Radio Perfil: \u201cle guste o no a Marcos Galper\u00edn, le guste o no a Mercado Libre, no habr\u00e1 privilegios para la especulaci\u00f3n\u201d.<\/span><\/p>\n<p><span style=\"font-weight: 400;\">A su vez, <\/span><b>el ministro de Econom\u00eda santafesino, Pablo Olivares<\/b><span style=\"font-weight: 400;\">, denunci\u00f3 en la red social X que el anuncio de la firma: \u201c<\/span><b>parece una represalia al reclamo que desde principio de a\u00f1o venimos haciendo para que realicen controles<\/b><span style=\"font-weight: 400;\"> elementales a quienes les entregan dispositivos Point (dispositivo de pagos de MercadoPago)\u201d.<\/span><\/p>\n\n    <style>\n        .bloque-nota-relacionada {\n            display: flex;\n            flex-wrap: wrap;\n            gap: 20px;\n            padding: 24px;\n            background: #ffffff;\n            border-radius: 12px;\n            box-shadow: 0 12px 28px rgba(0,0,0,0.15);\n            margin: 40px 0;\n            align-items: flex-start;\n        }\n        .bloque-nota-img {\n            flex: 0 0 260px;\n            max-width: 100%;\n        }\n        .bloque-nota-img img {\n            width: 100%;\n            height: auto;\n            border-radius: 10px;\n            object-fit: cover;\n        }\n        .bloque-nota-contenido {\n            flex: 1 1 300px;\n        }\n        .bloque-nota-contenido a {\n            font-size: 21px;\n            font-weight: 600;\n            color: #111;\n            text-decoration: none;\n            line-height: 1.4;\n            display: block;\n            margin-bottom: 10px;\n        }\n        .bloque-nota-contenido p {\n            font-size: 15px;\n            color: #555;\n            line-height: 1.6;\n            margin: 0;\n        }\n        @media (max-width: 600px) {\n            .bloque-nota-relacionada {\n                flex-direction: column;\n                padding: 20px;\n            }\n            .bloque-nota-img {\n                flex: none;\n                width: 100%;\n            }\n            .bloque-nota-contenido {\n                flex: none;\n                width: 100%;\n            }\n        }\n    <\/style>\n\n    <div class=\"bloque-nota-relacionada\">\n        <div class=\"bloque-nota-img\">\n            <img decoding=\"async\" src=\"https:\/\/tribunavm.com.ar\/wp-content\/uploads\/2025\/05\/portada-criptos-1024x576.png\" alt=\"Fintechs piden beneficios fiscales para las criptomonedas\">\n        <\/div>\n        <div class=\"bloque-nota-contenido\">\n            <a href=\"https:\/\/tribunavm.com.ar\/index.php\/2025\/05\/19\/fintechs-piden-beneficios\/\">Fintechs piden beneficios fiscales para las criptomonedas<\/a>\n            <p>Empresas del sector se posicionaron en contra de los impuestos al d\u00e9bito y cr\u00e9dito y pidieron \u201celiminar la discriminaci\u00f3n fiscal\u201d.<\/p>\n        <\/div>\n    <\/div>\n<p><span style=\"font-weight: 400;\">\u201cLas fotos de los allanamientos en la provincia muestran una escena cada vez m\u00e1s frecuente: armas, droga y dispositivos de Mercado Pago\u201d, denunci\u00f3 el ministro.\u00a0<\/span><\/p>\n<p><span style=\"font-weight: 400;\">La empresa se refiri\u00f3 a las declaraciones como \u201cacusaciones infundadas\u201d que \u201c<\/span><b>no resuelven el problema de fondo: la suba de Ingresos Brutos de la Ley Fiscal 2025 de su Provincia encarece la actividad de miles de emprendedores<\/b><span style=\"font-weight: 400;\">\u201d.<\/span><\/p>\n<p><span style=\"font-weight: 400;\">De esta manera se abre un nuevo cap\u00edtulo en la disputa por reformas tributarias donde los distintos actores presionan por cambios que mejoren la rentabilidad de su actividad, mientras los gobernadores se resisten a entregar la caja para su funcionamiento.<\/span><\/p>\n<p><span style=\"font-weight: 400;\">A finales del mes pasado se reuni\u00f3 el Consejo Federal de Inversiones (CFI) para<\/span><b> reclamar por una redistribuci\u00f3n de los Aportes del Tesoro Nacional (ATN) y un aumento en la coparticipaci\u00f3n del impuesto a los combustibles<\/b><span style=\"font-weight: 400;\">.<\/span><\/p>\n\n    <style>\n        .bloque-nota-relacionada {\n            display: flex;\n            flex-wrap: wrap;\n            gap: 20px;\n            padding: 24px;\n            background: #ffffff;\n            border-radius: 12px;\n            box-shadow: 0 12px 28px rgba(0,0,0,0.15);\n            margin: 40px 0;\n            align-items: flex-start;\n        }\n        .bloque-nota-img {\n            flex: 0 0 260px;\n            max-width: 100%;\n        }\n        .bloque-nota-img img {\n            width: 100%;\n            height: auto;\n            border-radius: 10px;\n            object-fit: cover;\n        }\n        .bloque-nota-contenido {\n            flex: 1 1 300px;\n        }\n        .bloque-nota-contenido a {\n            font-size: 21px;\n            font-weight: 600;\n            color: #111;\n            text-decoration: none;\n            line-height: 1.4;\n            display: block;\n            margin-bottom: 10px;\n        }\n        .bloque-nota-contenido p {\n            font-size: 15px;\n            color: #555;\n            line-height: 1.6;\n            margin: 0;\n        }\n        @media (max-width: 600px) {\n            .bloque-nota-relacionada {\n                flex-direction: column;\n                padding: 20px;\n            }\n            .bloque-nota-img {\n                flex: none;\n                width: 100%;\n            }\n            .bloque-nota-contenido {\n                flex: none;\n                width: 100%;\n            }\n        }\n    <\/style>\n\n    <div class=\"bloque-nota-relacionada\">\n        <div class=\"bloque-nota-img\">\n            <img decoding=\"async\" src=\"https:\/\/tribunavm.com.ar\/wp-content\/uploads\/2025\/06\/gobernadoresjpg-1024x683.jpg\" alt=\"Pelea por la reforma fiscal\">\n        <\/div>\n        <div class=\"bloque-nota-contenido\">\n            <a href=\"https:\/\/tribunavm.com.ar\/index.php\/2025\/06\/30\/pelea-por-la-reforma-fiscal\/\">Pelea por la reforma fiscal<\/a>\n            <p>Los gobernadores provinciales se unen para elevar la guardia contra el Gobierno Nacional en reclamo por la situaci\u00f3n fiscal.<\/p>\n        <\/div>\n    <\/div>\n<p><span style=\"font-weight: 400;\">Ello sumado a una disputa de larga data en nuestro pa\u00eds en el que los bancos disputan los servicios financieros con las fintech (empresas financieras de base tecnol\u00f3gica),<\/span><span style=\"color: #ff9900;\"><a style=\"color: #ff9900;\" href=\"https:\/\/tribunavm.com.ar\/index.php\/2021\/07\/25\/los-bancos-contra-las-fintech\/\"><span style=\"font-weight: 400;\"> exigiendo mayores controles a la actividad<\/span><\/a><span style=\"font-weight: 400;\">.<\/span><\/span><\/p>\n<p><span style=\"color: #ff9900;\"><b>Cierre de oficinas en la ciudad de C\u00f3rdoba<\/b><\/span><\/p>\n<p><span style=\"font-weight: 400;\">Sumado a las medidas anunciadas, la empresa comunic\u00f3 que <\/span><b>a partir de agosto cerrar\u00e1 sus oficinas en la capital <\/b><span style=\"font-weight: 400;\">donde implementar\u00e1 un modelo de trabajo remoto para los 1.260 empleados que actualmente desempe\u00f1an su labor en el edificio de oficinas comerciales en Humberto 1\u00ba al 630.\u00a0<\/span><\/p>\n<figure id=\"attachment_13379\" aria-describedby=\"caption-attachment-13379\" style=\"width: 690px\" class=\"wp-caption alignnone\"><img loading=\"lazy\" decoding=\"async\" class=\"size-full wp-image-13379\" src=\"https:\/\/tribunavm.com.ar\/wp-content\/uploads\/2025\/07\/Juan-Martin-de-la-Serna-presidente-de-Mercado-Libre-Argentina-1.jpg\" alt=\"\" width=\"690\" height=\"459\" srcset=\"https:\/\/tribunavm.com.ar\/wp-content\/uploads\/2025\/07\/Juan-Martin-de-la-Serna-presidente-de-Mercado-Libre-Argentina-1.jpg 690w, https:\/\/tribunavm.com.ar\/wp-content\/uploads\/2025\/07\/Juan-Martin-de-la-Serna-presidente-de-Mercado-Libre-Argentina-1-300x200.jpg 300w\" sizes=\"(max-width: 690px) 100vw, 690px\" \/><figcaption id=\"caption-attachment-13379\" class=\"wp-caption-text\">Juan Mart\u00edn de la Serna, presidente de Mercado Libre Argentina.<\/figcaption><\/figure>\n<p><span style=\"font-weight: 400;\">Seg\u00fan <\/span><span style=\"color: #ff9900;\"><a style=\"color: #ff9900;\" href=\"https:\/\/www.lavoz.com.ar\/negocios\/por-las-tasas-municipales-mercado-libre-anuncia-que-cierra-sus-oficinas-en-cordoba\/\"><span style=\"font-weight: 400;\">La Voz<\/span><\/a><\/span><span style=\"font-weight: 400;\"><span style=\"color: #ff9900;\">,<\/span> la compa\u00f1\u00eda inform\u00f3 que mensualmente destina 770 millones de pesos a tasas municipales en C\u00f3rdoba, llegando a significar casi 24 alquileres mensuales de la oficina donde se encuentra actualmente.<\/span><\/p>\n<p><span style=\"font-weight: 400;\">Juan Mart\u00edn de la Serna, presidente de Mercado Libre Argentina, dijo que \u201ccada vez m\u00e1s, los impuestos deben estar al servicio del desarrollo y no convertirse en un obst\u00e1culo para quienes apuestan por el crecimiento del pa\u00eds. Lamentablemente,<\/span><b> las tasas actuales nos obligan a redefinir donde localizar nuestras operaciones<\/b><span style=\"font-weight: 400;\">\u201d.<\/span><\/p>\n<p><span style=\"font-weight: 400;\">\u201c<\/span><b>Esto no es un mensaje pol\u00edtico, somos una empresa, hacemos negocios, las ventas vienen creciendo y llegamos al punto de pagar estos montos<\/b><span style=\"font-weight: 400;\">. En conversaciones recurrentes hemos intentado de todas las formas llegar a un entendimiento, pero no se logr\u00f3\u201d, explic\u00f3 de la Serna.<\/span><\/p>\n<p><span style=\"color: #ff9900;\"><b>Los bancos se prendieron del reclamo<\/b><\/span><\/p>\n<p><span style=\"font-weight: 400;\">El 3 de julio, la Asociaci\u00f3n de Bancos Argentinos (ADEBA) present\u00f3 al Banco Central (BCRA) un <\/span><b>ranking de las provincias que gravan con el impuesto a los Ingresos Brutos (IIBB) a las entidades financieras<\/b><span style=\"font-weight: 400;\">.<\/span><\/p>\n<p><span style=\"font-weight: 400;\">Seg\u00fan el relevamiento, La Pampa encabez\u00f3 la lista con una al\u00edcuota de 9,10%, seguida por Buenos Aires, Catamarca, C\u00f3rdoba, Chubut, Entre R\u00edos, La Rioja, Neuqu\u00e9n, R\u00edo Negro, Santa Fe, Tierra del Fuego y Tucum\u00e1n, todas con un 9%.<\/span><\/p>\n<p><span style=\"font-weight: 400;\"><\/span><\/p>\n<p><span style=\"font-weight: 400;\">Javier Bolzico, presidente de ADEBA, declar\u00f3 que \u201centre los impuestos distorsivos que encarecen el cr\u00e9dito bancario, el IIBB es el m\u00e1s gravoso.<\/span><b> Las provincias y CABA deber\u00edan reconsiderar sus pol\u00edticas de gastos e impuestos a fin de permitir el desarrollo del cr\u00e9dito<\/b><span style=\"font-weight: 400;\"> en sus jurisdicciones\u201d.<\/span><\/p>\n<\/div>\n<div class=\"col-md-3\">\n<p>&nbsp;<\/p>\n<\/div>\n<\/div>\n","protected":false},"excerpt":{"rendered":"<p>Mercado Libre anunci\u00f3 tarifas diferenciadas en las provincias para las operaciones en sus aplicaciones. El gobierno de Santa Fe cuestion\u00f3 la decisi\u00f3n.<\/p>\n","protected":false},"author":2,"featured_media":13380,"comment_status":"open","ping_status":"open","sticky":false,"template":"","format":"standard","meta":{"_exactmetrics_skip_tracking":false,"_exactmetrics_sitenote_active":false,"_exactmetrics_sitenote_note":"","_exactmetrics_sitenote_category":0,"jnews-multi-image_gallery":[],"jnews_single_post":{"format":"standard","override":[{"template":"5","parallax":"1","fullscreen":"1","layout":"right-sidebar","sidebar":"default-sidebar","second_sidebar":"default-sidebar","sticky_sidebar":"1","share_position":"hide","share_float_style":"share-monocrhome","show_featured":"1","show_post_meta":"1","show_post_author_image":"1","show_post_date":"1","post_date_format":"custom","post_date_format_custom":"d-m-Y","show_post_category":"1","post_reading_time_wpm":"300","post_calculate_word_method":"count_blank","show_zoom_button":"0","zoom_button_out_step":"2","zoom_button_in_step":"3","show_post_tag":"1","number_popup_post":"1","show_author_box":"0","show_post_related":"1"}],"image_override":[{"single_post_thumbnail_size":"crop-500","single_post_gallery_size":"crop-500"}],"trending_post_position":"meta","trending_post_label":"Trending","sponsored_post_label":"Sponsored by","disable_ad":"0"},"jnews_primary_category":[],"jnews_social_meta":[],"jnews_override_counter":{"view_counter_number":"0","share_counter_number":"0","like_counter_number":"0","dislike_counter_number":"0"},"_joinchat":[],"footnotes":""},"categories":[278],"tags":[52],"class_list":["post-13377","post","type-post","status-publish","format-standard","has-post-thumbnail","hentry","category-economia","tag-finanzas"],"_links":{"self":[{"href":"https:\/\/tribunavm.com.ar\/index.php\/wp-json\/wp\/v2\/posts\/13377"}],"collection":[{"href":"https:\/\/tribunavm.com.ar\/index.php\/wp-json\/wp\/v2\/posts"}],"about":[{"href":"https:\/\/tribunavm.com.ar\/index.php\/wp-json\/wp\/v2\/types\/post"}],"author":[{"embeddable":true,"href":"https:\/\/tribunavm.com.ar\/index.php\/wp-json\/wp\/v2\/users\/2"}],"replies":[{"embeddable":true,"href":"https:\/\/tribunavm.com.ar\/index.php\/wp-json\/wp\/v2\/comments?post=13377"}],"version-history":[{"count":9,"href":"https:\/\/tribunavm.com.ar\/index.php\/wp-json\/wp\/v2\/posts\/13377\/revisions"}],"predecessor-version":[{"id":13446,"href":"https:\/\/tribunavm.com.ar\/index.php\/wp-json\/wp\/v2\/posts\/13377\/revisions\/13446"}],"wp:featuredmedia":[{"embeddable":true,"href":"https:\/\/tribunavm.com.ar\/index.php\/wp-json\/wp\/v2\/media\/13380"}],"wp:attachment":[{"href":"https:\/\/tribunavm.com.ar\/index.php\/wp-json\/wp\/v2\/media?parent=13377"}],"wp:term":[{"taxonomy":"category","embeddable":true,"href":"https:\/\/tribunavm.com.ar\/index.php\/wp-json\/wp\/v2\/categories?post=13377"},{"taxonomy":"post_tag","embeddable":true,"href":"https:\/\/tribunavm.com.ar\/index.php\/wp-json\/wp\/v2\/tags?post=13377"}],"curies":[{"name":"wp","href":"https:\/\/api.w.org\/{rel}","templated":true}]}}