{"id":13402,"date":"2025-07-14T00:50:56","date_gmt":"2025-07-14T00:50:56","guid":{"rendered":"https:\/\/tribunavm.com.ar\/?p=13402"},"modified":"2025-07-12T19:04:43","modified_gmt":"2025-07-12T19:04:43","slug":"disputa-por-la-integracion-financiera-y-la-utilizacion-de-monedas","status":"publish","type":"post","link":"https:\/\/tribunavm.com.ar\/index.php\/2025\/07\/14\/disputa-por-la-integracion-financiera-y-la-utilizacion-de-monedas\/","title":{"rendered":"Disputa por la integraci\u00f3n financiera y la utilizaci\u00f3n de monedas"},"content":{"rendered":"<div class=\"row clearfix\">\n<div class=\"col-md-8\">\n<p><span style=\"color: #212121; font-size: 1.5em; letter-spacing: -0.01em;\"><span style=\"font-weight: 400;\">Los principales bancos centrales llaman a construir sistemas financieros resilientes. Mientras que el bloque euroasi\u00e1tico plantea mayor independencia monetaria frente al d\u00f3lar. <\/span> <\/span><\/p>\n<p><span style=\"font-weight: 400;\"><span class=\"dropcap \" style=\"background-color: #ffffff; color: #dd9933; border-color: #ffffff;\">D<\/span>el 30 de junio al 2 de julio se llev\u00f3 a cabo el<\/span><a href=\"https:\/\/www.ecb.europa.eu\/press\/conferences\/ecbforum\/html\/index.es.html\"><span style=\"font-weight: 400;\"><span style=\"color: #ff9900;\"> Foro de Sintra sobre Banca Central<\/span><\/span><\/a><span style=\"font-weight: 400;\">, un evento anual que re\u00fane a gobernadores de bancos centrales y representantes del mercado financiero \u201cpara <\/span><b>intercambiar puntos de vista sobre actualidad pol\u00edtica<\/b><span style=\"font-weight: 400;\">\u201d, seg\u00fan su p\u00e1gina oficial.<\/span><\/p>\n<p><span style=\"font-weight: 400;\">El foro, organizado por el Banco Central Europeo (BCE), se convoc\u00f3 bajo el lema <\/span><b>\u201cAdaptaci\u00f3n al cambio: transformaciones macroecon\u00f3micas y respuestas pol\u00edticas\u201d<\/b><span style=\"font-weight: 400;\">, y cont\u00f3 con la presencia de Christine Lagarde, presidenta del <\/span><b>Banco Central Europeo<\/b><span style=\"font-weight: 400;\">; Andrew Bailey, gobernador del Banco de <\/span><b>Inglaterra; <\/b><span style=\"font-weight: 400;\">Jerome Powell, presidente de la Reserva Federal de <\/span><b>EE.UU.<\/b><span style=\"font-weight: 400;\">; Chang Yong Rhee, gobernador del Banco de <\/span><b>Corea del Sur<\/b><span style=\"font-weight: 400;\">; y Kazuo Ueda, gobernador del Banco de <\/span><b>Jap\u00f3n<\/b><span style=\"font-weight: 400;\">.<\/span><\/p>\n<p><span style=\"font-weight: 400;\">En uno de los paneles, Powell dijo que \u201cpara maximizar la estabilidad financiera y econ\u00f3mica para que todo el mundo se beneficie es preciso hacerlo de un modo apol\u00edtico, sin sumarse a ning\u00fan bando ni jugar en contra de otros\u201d.<\/span><\/p>\n<figure id=\"attachment_13403\" aria-describedby=\"caption-attachment-13403\" style=\"width: 1024px\" class=\"wp-caption alignnone\"><img loading=\"lazy\" decoding=\"async\" class=\"size-large wp-image-13403\" src=\"https:\/\/tribunavm.com.ar\/wp-content\/uploads\/2025\/07\/20250701_ECB_Forum_2025_policy_panel_YI\u2028-7852-1024x683.jpg\" alt=\"\" width=\"1024\" height=\"683\" srcset=\"https:\/\/tribunavm.com.ar\/wp-content\/uploads\/2025\/07\/20250701_ECB_Forum_2025_policy_panel_YI\u2028-7852-1024x683.jpg 1024w, https:\/\/tribunavm.com.ar\/wp-content\/uploads\/2025\/07\/20250701_ECB_Forum_2025_policy_panel_YI\u2028-7852-300x200.jpg 300w, https:\/\/tribunavm.com.ar\/wp-content\/uploads\/2025\/07\/20250701_ECB_Forum_2025_policy_panel_YI\u2028-7852-768x512.jpg 768w, https:\/\/tribunavm.com.ar\/wp-content\/uploads\/2025\/07\/20250701_ECB_Forum_2025_policy_panel_YI\u2028-7852-1536x1024.jpg 1536w, https:\/\/tribunavm.com.ar\/wp-content\/uploads\/2025\/07\/20250701_ECB_Forum_2025_policy_panel_YI\u2028-7852-2048x1365.jpg 2048w, https:\/\/tribunavm.com.ar\/wp-content\/uploads\/2025\/07\/20250701_ECB_Forum_2025_policy_panel_YI\u2028-7852-750x500.jpg 750w, https:\/\/tribunavm.com.ar\/wp-content\/uploads\/2025\/07\/20250701_ECB_Forum_2025_policy_panel_YI\u2028-7852-1140x760.jpg 1140w\" sizes=\"(max-width: 1024px) 100vw, 1024px\" \/><figcaption id=\"caption-attachment-13403\" class=\"wp-caption-text\">Panel donde disertaron los gobernadores de los bancos centrales.<\/figcaption><\/figure>\n<p><span style=\"color: #ff9900;\"><b>Uni\u00f3n bancaria para combatir la inflaci\u00f3n<\/b><\/span><\/p>\n<p><span style=\"font-weight: 400;\">A su vez, en el marco del encuentro, el BCE public\u00f3 la \u201c<\/span><span style=\"color: #ff9900;\"><a style=\"color: #ff9900;\" href=\"https:\/\/www.ecb.europa.eu\/mopo\/strategy\/strategy-review\/ecb.strategyreview202506_strategy_statement.es.html\"><span style=\"font-weight: 400;\">Declaraci\u00f3n sobre la estrategia de pol\u00edtica monetaria del BCE<\/span><\/a><\/span><span style=\"font-weight: 400;\">\u201d donde menciona que la inflaci\u00f3n en la zona del euro es un problema central para abordar de cara a los pr\u00f3ximos 5 a\u00f1os.<\/span><\/p>\n<p><span style=\"font-weight: 400;\">\u201c<\/span><b>Las transformaciones estructurales actuales<\/b><span style=\"font-weight: 400;\"> relacionadas con la geopol\u00edtica, la digitalizaci\u00f3n, la inteligencia artificial, la demograf\u00eda, las amenazas a la sostenibilidad del medio ambiente <\/span><b>y los cambios en el sistema financiero internacional sugieren que el entorno de inflaci\u00f3n seguir\u00e1 siendo incierto y posiblemente m\u00e1s vol\u00e1til<\/b><span style=\"font-weight: 400;\">\u201d, comentaron.<\/span><\/p>\n<p><span style=\"font-weight: 400;\">Por ello, bregan por la construcci\u00f3n de \u201cuna arquitectura financiera m\u00e1s resiliente, respaldada por el progreso hacia la uni\u00f3n de ahorros e inversiones, la <\/span><b>finalizaci\u00f3n del proceso de uni\u00f3n bancaria y la introducci\u00f3n de un euro digital<\/b><span style=\"font-weight: 400;\">\u201d.<\/span><\/p>\n<p><span style=\"color: #ff9900;\"><b>Foro Euroasi\u00e1tico<\/b><\/span><\/p>\n<figure id=\"attachment_13404\" aria-describedby=\"caption-attachment-13404\" style=\"width: 1024px\" class=\"wp-caption alignnone\"><img loading=\"lazy\" decoding=\"async\" class=\"size-large wp-image-13404\" src=\"https:\/\/tribunavm.com.ar\/wp-content\/uploads\/2025\/07\/foro-euroasiatico-1024x665.jpg\" alt=\"\" width=\"1024\" height=\"665\" srcset=\"https:\/\/tribunavm.com.ar\/wp-content\/uploads\/2025\/07\/foro-euroasiatico-1024x665.jpg 1024w, https:\/\/tribunavm.com.ar\/wp-content\/uploads\/2025\/07\/foro-euroasiatico-300x195.jpg 300w, https:\/\/tribunavm.com.ar\/wp-content\/uploads\/2025\/07\/foro-euroasiatico-768x499.jpg 768w, https:\/\/tribunavm.com.ar\/wp-content\/uploads\/2025\/07\/foro-euroasiatico-750x487.jpg 750w, https:\/\/tribunavm.com.ar\/wp-content\/uploads\/2025\/07\/foro-euroasiatico-1140x740.jpg 1140w, https:\/\/tribunavm.com.ar\/wp-content\/uploads\/2025\/07\/foro-euroasiatico.jpg 1400w\" sizes=\"(max-width: 1024px) 100vw, 1024px\" \/><figcaption id=\"caption-attachment-13404\" class=\"wp-caption-text\">Los presidentes de Kazajist\u00e1n, Kirguist\u00e1n, Bielorrusia, Rusia y de la Junta Directiva de la Comisi\u00f3n Econ\u00f3mica Euroasi\u00e1tica.<\/figcaption><\/figure>\n<p><span style=\"font-weight: 400;\">Por otro lado, los d\u00edas 26 y 27 de junio se realiz\u00f3 el <\/span><a href=\"https:\/\/eec.eaeunion.org\/news\/itogi-vysshego-evraziyskogo-ekonomicheskogo-soveta\/\"><span style=\"font-weight: 400;\"><span style=\"color: #ff9900;\">Consejo Econ\u00f3mico Supremo Euroasi\u00e1tico<\/span><\/span><\/a><span style=\"font-weight: 400;\"> donde participaron los presidentes de <\/span><b>Armenia<\/b><span style=\"font-weight: 400;\">, Nikol Pashinyan; <\/span><b>Bielorrusia<\/b><span style=\"font-weight: 400;\">, Alexander Lukashenko;<\/span><b> Kazajist\u00e1n<\/b><span style=\"font-weight: 400;\">, Kassym-Jomart Tokayev; <\/span><b>Kirguist\u00e1n<\/b><span style=\"font-weight: 400;\">, Sadyr Japarov;<\/span><b> Rusia<\/b><span style=\"font-weight: 400;\">, Vladimir Putin; y el presidente de la <\/span><b>Junta Directiva de la Comisi\u00f3n Econ\u00f3mica Euroasi\u00e1tica<\/b><span style=\"font-weight: 400;\">, Bakytzhan Sagintayev.<\/span><\/p>\n<p><span style=\"font-weight: 400;\">El Foro se convoc\u00f3 bajo el tema: &#8220;<\/span><span style=\"color: #ff9900;\"><a style=\"color: #ff9900;\" href=\"https:\/\/forum.eaeunion.org\/en\/\"><span style=\"font-weight: 400;\">Estrategia de integraci\u00f3n econ\u00f3mica euroasi\u00e1tica: resultados y perspectivas<\/span><\/a><\/span><span style=\"font-weight: 400;\">&#8220;. All\u00ed <\/span><b>se firmaron 13 acuerdos y memorandos entre los Estados socios para cooperar en \u00e1reas como transporte, infraestructura, log\u00edstica, intercambios econ\u00f3micos y comerciales, comercio electr\u00f3nico, entre otros<\/b><span style=\"font-weight: 400;\">.\u00a0<\/span><\/p>\n<p><span style=\"font-weight: 400;\">Tambi\u00e9n se llev\u00f3 a cabo un <\/span><b>acuerdo de asociaci\u00f3n econ\u00f3mica con los Emiratos \u00c1rabes Unidos (EAU)<\/b><span style=\"font-weight: 400;\"> &#8220;como parte del nuevo r\u00e9gimen comercial\u201d donde los emirat\u00edes abrieron \u201cun acceso preferencial al 86% de su gama de productos\u201d, declar\u00f3 Andrey Slepnev, ministro de Comercio de la Comisi\u00f3n Econ\u00f3mica Euroasi\u00e1tica.\u00a0<\/span><\/p>\n<p><span style=\"font-weight: 400;\">En el marco del Foro, Put\u00edn anunci\u00f3 la elaboraci\u00f3n de <\/span><b>proyectos para modernizar los sistemas de pagos y reducir el uso del d\u00f3lar<\/b><span style=\"font-weight: 400;\">. Adem\u00e1s de comenzar un <\/span><b>trabajo de interconexi\u00f3n financiera con el objetivo de \u201cconectar sus infraestructuras bancarias y de compensaci\u00f3n\u201d<\/b><span style=\"font-weight: 400;\">, como un paso m\u00e1s hacia la \u201csoberan\u00eda financiera\u201d.<\/span><\/p>\n<p>&nbsp;<\/p>\n<\/div>\n<\/div>\n","protected":false},"excerpt":{"rendered":"<p>Los principales bancos centrales llaman a construir sistemas financieros resilientes. Mientras que el bloque euroasi\u00e1tico plantea mayor independencia monetaria frente al d\u00f3lar. <\/p>\n","protected":false},"author":2,"featured_media":13405,"comment_status":"open","ping_status":"open","sticky":false,"template":"","format":"standard","meta":{"_exactmetrics_skip_tracking":false,"_exactmetrics_sitenote_active":false,"_exactmetrics_sitenote_note":"","_exactmetrics_sitenote_category":0,"jnews-multi-image_gallery":[],"jnews_single_post":{"format":"standard","override":[{"template":"5","parallax":"1","fullscreen":"1","layout":"right-sidebar","sidebar":"default-sidebar","second_sidebar":"default-sidebar","sticky_sidebar":"1","share_position":"hide","share_float_style":"share-monocrhome","show_featured":"1","show_post_meta":"1","show_post_author_image":"1","show_post_date":"1","post_date_format":"custom","post_date_format_custom":"d-m-Y","show_post_category":"1","post_reading_time_wpm":"300","post_calculate_word_method":"count_blank","show_zoom_button":"0","zoom_button_out_step":"2","zoom_button_in_step":"3","show_post_tag":"1","number_popup_post":"1","show_author_box":"0","show_post_related":"1"}],"image_override":[{"single_post_thumbnail_size":"crop-500","single_post_gallery_size":"crop-500"}],"trending_post_position":"meta","trending_post_label":"Trending","sponsored_post_label":"Sponsored by","disable_ad":"0"},"jnews_primary_category":[],"jnews_social_meta":[],"jnews_override_counter":{"view_counter_number":"0","share_counter_number":"0","like_counter_number":"0","dislike_counter_number":"0"},"_joinchat":[],"footnotes":""},"categories":[276],"tags":[52],"class_list":["post-13402","post","type-post","status-publish","format-standard","has-post-thumbnail","hentry","category-internacional","tag-finanzas"],"_links":{"self":[{"href":"https:\/\/tribunavm.com.ar\/index.php\/wp-json\/wp\/v2\/posts\/13402"}],"collection":[{"href":"https:\/\/tribunavm.com.ar\/index.php\/wp-json\/wp\/v2\/posts"}],"about":[{"href":"https:\/\/tribunavm.com.ar\/index.php\/wp-json\/wp\/v2\/types\/post"}],"author":[{"embeddable":true,"href":"https:\/\/tribunavm.com.ar\/index.php\/wp-json\/wp\/v2\/users\/2"}],"replies":[{"embeddable":true,"href":"https:\/\/tribunavm.com.ar\/index.php\/wp-json\/wp\/v2\/comments?post=13402"}],"version-history":[{"count":1,"href":"https:\/\/tribunavm.com.ar\/index.php\/wp-json\/wp\/v2\/posts\/13402\/revisions"}],"predecessor-version":[{"id":13406,"href":"https:\/\/tribunavm.com.ar\/index.php\/wp-json\/wp\/v2\/posts\/13402\/revisions\/13406"}],"wp:featuredmedia":[{"embeddable":true,"href":"https:\/\/tribunavm.com.ar\/index.php\/wp-json\/wp\/v2\/media\/13405"}],"wp:attachment":[{"href":"https:\/\/tribunavm.com.ar\/index.php\/wp-json\/wp\/v2\/media?parent=13402"}],"wp:term":[{"taxonomy":"category","embeddable":true,"href":"https:\/\/tribunavm.com.ar\/index.php\/wp-json\/wp\/v2\/categories?post=13402"},{"taxonomy":"post_tag","embeddable":true,"href":"https:\/\/tribunavm.com.ar\/index.php\/wp-json\/wp\/v2\/tags?post=13402"}],"curies":[{"name":"wp","href":"https:\/\/api.w.org\/{rel}","templated":true}]}}