{"id":1341,"date":"2020-08-01T17:14:59","date_gmt":"2020-08-01T17:14:59","guid":{"rendered":"https:\/\/tribunavm.com.ar\/?p=1341"},"modified":"2020-08-01T17:14:59","modified_gmt":"2020-08-01T17:14:59","slug":"deuda-provincial-un-virus-invisible","status":"publish","type":"post","link":"https:\/\/tribunavm.com.ar\/index.php\/2020\/08\/01\/deuda-provincial-un-virus-invisible\/","title":{"rendered":"Deuda provincial: Un virus invisible"},"content":{"rendered":"<div class=\"row clearfix\">\n<div class=\"col-md-8\">\n<p><span style=\"color: #212121; font-size: 1.5em; letter-spacing: -0.01em;\">Mientras la pandemia del covid-19 no detiene su paso, y golpea en las condiciones de salud y econom\u00eda de la poblaci\u00f3n, la deuda, un virus invisible, sigue su curso torn\u00e1ndose parte del escenario que contrarresta el crecimiento econ\u00f3mico de vastos sectores sociales entre ellos, trabajadores, peque\u00f1os comercios, pymes y productores de la econom\u00eda regional.\u00a0<\/span><\/p>\n<p><span style=\"color: #ff6600;\"><b>Deuda provincial: Un virus invisible<\/b><\/span><\/p>\n<p><span style=\"font-weight: 400;\">En este clima de <\/span><span style=\"font-weight: 400;\">tempestad<\/span><span style=\"font-weight: 400;\">, la provincia de <strong>C\u00f3rdoba<\/strong> afronta durante estos d\u00edas el pago de intereses correspondientes a la deuda p\u00fablica. En ese marco, <strong>el pasado lunes se registraron pagos por el CO26<\/strong> (bono bajo ley argentina), <strong>por alrededor de 14 millones de d\u00f3lares.\u00a0<\/strong><\/span><\/p>\n<figure id=\"attachment_1343\" aria-describedby=\"caption-attachment-1343\" style=\"width: 618px\" class=\"wp-caption alignnone\"><img loading=\"lazy\" decoding=\"async\" class=\"size-full wp-image-1343\" src=\"https:\/\/tribunavm.com.ar\/wp-content\/uploads\/2020\/08\/panal-cordoba.jpg\" alt=\"\" width=\"618\" height=\"307\" srcset=\"https:\/\/tribunavm.com.ar\/wp-content\/uploads\/2020\/08\/panal-cordoba.jpg 618w, https:\/\/tribunavm.com.ar\/wp-content\/uploads\/2020\/08\/panal-cordoba-300x149.jpg 300w, https:\/\/tribunavm.com.ar\/wp-content\/uploads\/2020\/08\/panal-cordoba-360x180.jpg 360w\" sizes=\"(max-width: 618px) 100vw, 618px\" \/><figcaption id=\"caption-attachment-1343\" class=\"wp-caption-text\">Panal de C\u00f3rdoba. Foto: Prensa C\u00f3rdoba<\/figcaption><\/figure>\n<p><span style=\"font-weight: 400;\">De la misma forma<strong> la provincia se prepara para futuros vencimientos<\/strong>, y ya inform\u00f3 ante la Bolsa de Comercio de Buenos Aires, que<strong> pagar\u00e1 por el CO27<\/strong> (bono bajo ley extranjera por 450 millones de d\u00f3lares) por aproximadamente <strong>16 millones de d\u00f3lares<\/strong>. La fecha establecida corresponde al dia de hoy, pero se pasa al primer d\u00eda h\u00e1bil, es decir, el pr\u00f3ximo lunes 3 de agosto.<\/span><\/p>\n<p><span style=\"color: #ff6600;\"><b>Honrar los compromisos<\/b><\/span><\/p>\n<p><span style=\"font-weight: 400;\">El Gobierno de Juan Schiaretti (Hacemos por C\u00f3rdoba) suscribi\u00f3 junto al Jefe de Gabinete del Gobierno Nacional, Santiago Cafiero, y el Ministro de Econom\u00eda, Mart\u00edn Guzm\u00e1n un convenio\u00a0 para acceder un cr\u00e9dito en el marco del Programa para la Emergencia Financiera Provincial.<\/span><\/p>\n<figure id=\"attachment_1342\" aria-describedby=\"caption-attachment-1342\" style=\"width: 993px\" class=\"wp-caption aligncenter\"><img loading=\"lazy\" decoding=\"async\" class=\"wp-image-1342 size-full\" src=\"https:\/\/tribunavm.com.ar\/wp-content\/uploads\/2020\/08\/Schiaretti7329.jpg\" alt=\"\" width=\"993\" height=\"660\" srcset=\"https:\/\/tribunavm.com.ar\/wp-content\/uploads\/2020\/08\/Schiaretti7329.jpg 993w, https:\/\/tribunavm.com.ar\/wp-content\/uploads\/2020\/08\/Schiaretti7329-300x199.jpg 300w, https:\/\/tribunavm.com.ar\/wp-content\/uploads\/2020\/08\/Schiaretti7329-768x510.jpg 768w, https:\/\/tribunavm.com.ar\/wp-content\/uploads\/2020\/08\/Schiaretti7329-750x498.jpg 750w\" sizes=\"(max-width: 993px) 100vw, 993px\" \/><figcaption id=\"caption-attachment-1342\" class=\"wp-caption-text\">Firma del convenio para acceder un cr\u00e9dito en el marco del Programa para la Emergencia Financiera Provincial. Foto: Prensa C\u00f3rdoba<\/figcaption><\/figure>\n<p><span style=\"font-weight: 400;\">El convenio firmado en junio establece un fondo \u201cpara asistir al conjunto de las provincias. En ese marco, Schiaretti suscribi\u00f3 el pr\u00e9stamo por 4.800 millones de pesos\u201d, seg\u00fan informaci\u00f3n de prensa de C\u00f3rdoba.<\/span><\/p>\n<p><span style=\"font-weight: 400;\">\u201cEl convenio contempla dos desembolsos. En el mes en curso el primero de ellos ser\u00e1 por $ 2.500 millones y el segundo, en julio, por $ 2.300 millones\u201d. Para el mismo \u201cse estableci\u00f3 un per\u00edodo de gracia en el presente a\u00f1o, por lo cual tanto las amortizaciones de capital como los intereses comenzar\u00e1n a abonarse en el mes de enero del 2021. El capital se amortizar\u00e1 en 36 meses y los intereses del 0,10% anual se calcular\u00e1n sobre el capital actualizado por CER.\u201d<\/span><\/p>\n<p><span style=\"font-weight: 400;\">El seguimiento de las deudas provinciales es realizado a trav\u00e9s de la \u201c<a href=\"https:\/\/www.argentina.gob.ar\/economia\/deudapublicaprovincial\">Unidad Ejecutora Especial Temporaria \u00b4Unidad de Apoyo de la Sostenibilidad de la Deuda P\u00fablica Provincial<\/a>\u00b4\u201d, dependiente del Ministerio de Econom\u00eda.<\/span><\/p>\n<p><span style=\"color: #ff6600;\"><b>Composici\u00f3n de la deuda<\/b><\/span><\/p>\n<p><span style=\"font-weight: 400;\"><strong>El Ministerio de Finanzas de la provincia de C\u00f3rdoba comput\u00f3, al 30 de abril de 2020, una Deuda P\u00fablica de 178.986 millones de pesos.<\/strong> El monto es asentado en moneda nacional tomando como referencia un d\u00f3lar oficial de 66,84 pesos.<\/span><\/p>\n<p><span style=\"font-weight: 400;\">De este total, un <strong>95% de la deuda est\u00e1 denominada en moneda extranjera y el 5% en pesos<\/strong>. El primer segmento lo componen los cr\u00e9ditos con organismos multilaterales (19,09%), cr\u00e9ditos con bancos extranjeros (3,68%) y 4 bonos emitidos en 2016 y 2017 (72,03%). Mientras que el segundo segmento, responde a fondos del Estado nacional (5,19%).<\/span><\/p>\n<p><span style=\"font-weight: 400;\">Seg\u00fan fue declarado por el Ministerio de Finanzas, <strong>la mitad de la deuda actual (48,16%) fue tomada para cubrir deuda anterior. El 40% de lo que se adeuda hoy al Estado y el 60% de lo que hay que pagarle a los tenedores de bonos, son recursos que fueron utilizados como instrumentos de refinanciaci\u00f3n<\/strong>.\u00a0 El resto de deuda total, es por fondos que fueron destinados fundamentalmente a obra p\u00fablica, a equipamiento tecnol\u00f3gico y a ejecuci\u00f3n de programas sectoriales.<\/span><\/p>\n<p><span style=\"font-weight: 400;\">Respecto a los vencimientos, de cara al 2025 se enfrentan pago por 93.955 millones de pesos, siendo el 97% correspondiente a bonos y cr\u00e9ditos internacionales. Posterior a eso, corresponden 39,69%, entre 2025 y 2030: 71.035 millones de pesos; 7,82%, despu\u00e9s de 2030: 13.997 millones de pesos.<\/span><\/p>\n<p><span style=\"font-weight: 400;\"><strong>Los due\u00f1os de la deuda podemos agruparlos en tres grandes grupos<\/strong>. El primero, correspondiente al<strong> Estado Nacional (5,19% del total)<\/strong>; luego los <strong>Privados como tenedores de bonos y bancos extranjeros (75,72%)<\/strong> y por \u00faltimo, los <strong>organismos multilaterales<\/strong> como el Banco Mundial, BID (Banco Interamericano de Desarrollo), BIRF (Banco Internacional de Reconstrucci\u00f3n y Fomento), CAF (Banco de Desarrollo de Am\u00e9rica Latina), FIDA (Fondo Internacional de Desarrollo Agr\u00edcola) que en conjunto suman un 19,09%.<\/span><\/p>\n<p><span style=\"font-weight: 400;\">Son los actores del segundo grupo quienes concentran la mayor porci\u00f3n de la deuda de la provincia. <strong>Respecto a estos bancos el 51,79% tiene como due\u00f1o al Deutsche Bank<\/strong>; con un\u00b7 <strong>25,94%, lo secunda el ICO<\/strong> (Instituto de Cr\u00e9dito Oficial, banco p\u00fablico dependiente del Ministerio de Econom\u00eda de Espa\u00f1a), contin\u00faa con un <strong>9,82% Santander<\/strong> SA\/ BCH SA <strong>y 9,31% del BBVA<\/strong>. Completa la lista el <strong>Fondo Kuwait\u00ed<\/strong> para el Desarrollo Econ\u00f3mico \u00c1rabe <strong>con 3,15%<\/strong>.<\/span><\/p>\n<\/div>\n<\/div>\n","protected":false},"excerpt":{"rendered":"<p>Mientras la pandemia del covid-19 no detiene su paso, y golpea en las condiciones de salud y econom\u00eda de la poblaci\u00f3n, la deuda, un virus invisible, sigue su curso torn\u00e1ndose parte del escenario que contrarresta el crecimiento econ\u00f3mico de vastos sectores sociales entre ellos, trabajadores, peque\u00f1os comercios, pymes y productores de la econom\u00eda regional.\u00a0 Deuda [&hellip;]<\/p>\n","protected":false},"author":2,"featured_media":1344,"comment_status":"open","ping_status":"open","sticky":false,"template":"","format":"standard","meta":{"_exactmetrics_skip_tracking":false,"_exactmetrics_sitenote_active":false,"_exactmetrics_sitenote_note":"","_exactmetrics_sitenote_category":0,"jnews-multi-image_gallery":[],"jnews_single_post":{"source_name":"","source_url":"","via_name":"","via_url":"","override_template":"0","override":[{"template":"1","single_blog_custom":"","parallax":"1","fullscreen":"0","layout":"right-sidebar","sidebar":"default-sidebar","second_sidebar":"default-sidebar","sticky_sidebar":"1","share_position":"top","share_float_style":"share-monocrhome","show_share_counter":"1","show_view_counter":"1","show_featured":"1","show_post_meta":"1","show_post_author":"1","show_post_author_image":"1","show_post_date":"1","post_date_format":"default","post_date_format_custom":"Y\/m\/d","show_post_category":"1","show_post_reading_time":"0","post_reading_time_wpm":"300","show_zoom_button":"0","zoom_button_out_step":"2","zoom_button_in_step":"3","show_post_tag":"1","show_prev_next_post":"1","show_popup_post":"1","number_popup_post":"1","show_author_box":"0","show_post_related":"0","show_inline_post_related":"0"}],"override_image_size":"0","image_override":[{"single_post_thumbnail_size":"crop-500","single_post_gallery_size":"crop-500"}],"trending_post":"0","trending_post_position":"meta","trending_post_label":"Trending","sponsored_post":"0","sponsored_post_label":"Sponsored by","sponsored_post_name":"","sponsored_post_url":"","sponsored_post_logo_enable":"0","sponsored_post_logo":"","sponsored_post_desc":""},"jnews_primary_category":{"id":"23"},"jnews_social_meta":{"fb_title":"","fb_description":"","fb_image":"","twitter_title":"","twitter_description":"","twitter_image":""},"jnews_override_counter":{"override_view_counter":"0","view_counter_number":"0","override_share_counter":"0","share_counter_number":"0","override_like_counter":"0","like_counter_number":"0","override_dislike_counter":"0","dislike_counter_number":"0"},"_joinchat":[],"footnotes":""},"categories":[23],"tags":[88,73,72,52,39],"class_list":["post-1341","post","type-post","status-publish","format-standard","has-post-thumbnail","hentry","category-analisis","tag-cordoba","tag-coronavirus","tag-edicion-digital","tag-finanzas","tag-gobierno"],"_links":{"self":[{"href":"https:\/\/tribunavm.com.ar\/index.php\/wp-json\/wp\/v2\/posts\/1341"}],"collection":[{"href":"https:\/\/tribunavm.com.ar\/index.php\/wp-json\/wp\/v2\/posts"}],"about":[{"href":"https:\/\/tribunavm.com.ar\/index.php\/wp-json\/wp\/v2\/types\/post"}],"author":[{"embeddable":true,"href":"https:\/\/tribunavm.com.ar\/index.php\/wp-json\/wp\/v2\/users\/2"}],"replies":[{"embeddable":true,"href":"https:\/\/tribunavm.com.ar\/index.php\/wp-json\/wp\/v2\/comments?post=1341"}],"version-history":[{"count":2,"href":"https:\/\/tribunavm.com.ar\/index.php\/wp-json\/wp\/v2\/posts\/1341\/revisions"}],"predecessor-version":[{"id":1346,"href":"https:\/\/tribunavm.com.ar\/index.php\/wp-json\/wp\/v2\/posts\/1341\/revisions\/1346"}],"wp:featuredmedia":[{"embeddable":true,"href":"https:\/\/tribunavm.com.ar\/index.php\/wp-json\/wp\/v2\/media\/1344"}],"wp:attachment":[{"href":"https:\/\/tribunavm.com.ar\/index.php\/wp-json\/wp\/v2\/media?parent=1341"}],"wp:term":[{"taxonomy":"category","embeddable":true,"href":"https:\/\/tribunavm.com.ar\/index.php\/wp-json\/wp\/v2\/categories?post=1341"},{"taxonomy":"post_tag","embeddable":true,"href":"https:\/\/tribunavm.com.ar\/index.php\/wp-json\/wp\/v2\/tags?post=1341"}],"curies":[{"name":"wp","href":"https:\/\/api.w.org\/{rel}","templated":true}]}}