{"id":13424,"date":"2025-07-14T00:06:10","date_gmt":"2025-07-14T00:06:10","guid":{"rendered":"https:\/\/tribunavm.com.ar\/?p=13424"},"modified":"2025-07-12T20:15:40","modified_gmt":"2025-07-12T20:15:40","slug":"crisis-salarial-es-crisis-sanitaria","status":"publish","type":"post","link":"https:\/\/tribunavm.com.ar\/index.php\/2025\/07\/14\/crisis-salarial-es-crisis-sanitaria\/","title":{"rendered":"Crisis salarial es crisis sanitaria"},"content":{"rendered":"<div class=\"row clearfix\">\n<div class=\"col-md-8\">\n<p><span style=\"color: #212121; font-size: 1.5em; letter-spacing: -0.01em;\">El Gobierno profundiza el conflicto contra los trabajadores de la salud, haciendo o\u00eddos sordos al reclamo salarial y profundizando la precarizaci\u00f3n del sector. Los profesionales convocan una medida nacional para este jueves.<\/span><\/p>\n<p><span style=\"font-weight: 400;\"><span class=\"dropcap \" style=\"background-color: #ffffff; color: #dd9933; border-color: #ffffff;\">E<\/span>l pasado jueves, los trabajadores del Garrahan realizaron otro<\/span><b> paro de 24 horas y una movilizaci\u00f3n en reclamo por una recomposici\u00f3n salarial.<\/b><span style=\"font-weight: 400;\"> A su vez, expresaron su rechazo a la designaci\u00f3n del nuevo director m\u00e9dico ejecutivo, Mariano Pirozzo.<\/span><\/p>\n<p><span style=\"font-weight: 400;\">La medida cont\u00f3 con la adhesi\u00f3n y convocatoria de la Junta Interna de <\/span><b>ATE Garrahan<\/b><span style=\"font-weight: 400;\"> y la <\/span><b>Asociaci\u00f3n de Profesionales y T\u00e9cnicos del Hospital Garrahan (APyT)<\/b><span style=\"font-weight: 400;\">.<\/span><\/p>\n<p><span style=\"font-weight: 400;\">A su vez, <\/span><b>los gremios anunciaron una convocatoria nacional para otra jornada de paro este jueves<\/b><span style=\"font-weight: 400;\">, en el que adem\u00e1s realizar\u00e1n una marcha desde el Congreso hacia Plaza de Mayo.<\/span><\/p>\n<p><span style=\"font-weight: 400;\">Las medidas se dieron luego de las reiteradas ausencias del gobierno a las varias audiencias convocadas por la Secretaria de Trabajo en el marco de una conciliaci\u00f3n obligatoria, dejando sin respuesta a las urgentes necesidades que atraviesan los trabajadores del centro pedi\u00e1trico.<\/span><\/p>\n<p><span style=\"font-weight: 400;\">\n    <style>\n        .bloque-nota-relacionada {\n            display: flex;\n            flex-wrap: wrap;\n            gap: 20px;\n            padding: 24px;\n            background: #ffffff;\n            border-radius: 12px;\n            box-shadow: 0 12px 28px rgba(0,0,0,0.15);\n            margin: 40px 0;\n            align-items: flex-start;\n        }\n        .bloque-nota-img {\n            flex: 0 0 260px;\n            max-width: 100%;\n        }\n        .bloque-nota-img img {\n            width: 100%;\n            height: auto;\n            border-radius: 10px;\n            object-fit: cover;\n        }\n        .bloque-nota-contenido {\n            flex: 1 1 300px;\n        }\n        .bloque-nota-contenido a {\n            font-size: 21px;\n            font-weight: 600;\n            color: #111;\n            text-decoration: none;\n            line-height: 1.4;\n            display: block;\n            margin-bottom: 10px;\n        }\n        .bloque-nota-contenido p {\n            font-size: 15px;\n            color: #555;\n            line-height: 1.6;\n            margin: 0;\n        }\n        @media (max-width: 600px) {\n            .bloque-nota-relacionada {\n                flex-direction: column;\n                padding: 20px;\n            }\n            .bloque-nota-img {\n                flex: none;\n                width: 100%;\n            }\n            .bloque-nota-contenido {\n                flex: none;\n                width: 100%;\n            }\n        }\n    <\/style>\n\n    <div class=\"bloque-nota-relacionada\">\n        <div class=\"bloque-nota-img\">\n            <img decoding=\"async\" src=\"https:\/\/tribunavm.com.ar\/wp-content\/uploads\/2025\/06\/1-posadas.jpg\" alt=\"Para el gobierno, el ajuste \u201csalva vidas\u201d\">\n        <\/div>\n        <div class=\"bloque-nota-contenido\">\n            <a href=\"https:\/\/tribunavm.com.ar\/index.php\/2025\/06\/16\/para-el-gobierno-el-ajuste-salva-vidas\/\">Para el gobierno, el ajuste \u201csalva vidas\u201d<\/a>\n            <p>El Gobierno despidi\u00f3 a 110 empleados del Hospital Posadas y anunci\u00f3 descuentos a los trabajadores del Hospital Garrahan que adhirieron a las medidas realizadas en el marco de una conciliaci\u00f3n obligatoria.<\/p>\n        <\/div>\n    <\/div><\/span><\/p>\n<p><span style=\"font-weight: 400;\">\u201cPara los \u00fanicos que no hay congelamiento es para los funcionarios designados por el gobierno. Jorge Menehem dej\u00f3 de ser consejero ad honorem para pasar a 6 millones de b\u00e1sico, gracias a una resoluci\u00f3n firmada por Lugones. Mientras tanto, <\/span><b>quienes sostienen el funcionamiento hospitalario no cubren la canasta de pobreza<\/b><span style=\"font-weight: 400;\">\u201d, denunci\u00f3 Alejandro Lipcovich, de ATE Garrahan.<\/span><\/p>\n<p><span style=\"font-weight: 400;\">Por su parte, Norma Lezana, secretaria general de APyT, llam\u00f3 a \u201cuniversidades, CONICET, Hospital de Cl\u00ednicas, el colectivo de la discapacidad, jubilados, sindicatos, colectivos culturales y trabajadores autoconvocados\u201d a una \u201cgran acci\u00f3n unitaria\u201d. \u201cHar\u00eda falta un paro nacional\u201d, expres\u00f3.<\/span><\/p>\n<p><span style=\"font-weight: 400;\">Pero el Gobierno, lejos de dar soluciones, profundiza el conflicto, dejando en claro su postura de enfrentamiento. <\/span><b>A trav\u00e9s de la <\/b><span style=\"color: #ff9900;\"><a style=\"color: #ff9900;\" href=\"https:\/\/www.boletinoficial.gob.ar\/detalleAviso\/primera\/327766\/20250702\"><b>Resoluci\u00f3n 2109\/2025<\/b><\/a><\/span><b>, modific\u00f3 el r\u00e9gimen de residencias para los hospitales nacionales<\/b><span style=\"font-weight: 400;\">, quitando la condici\u00f3n de trabajadores para quienes ingresen a las residencias para comenzar a considerarlos como becarios.<\/span><\/p>\n<p><span style=\"font-weight: 400;\">Seg\u00fan el Ministerio de Salud, la medida busca \u201crecuperar el rol formativo de la residencia\u201d excluyendo \u201ccualquier encuadre como empleo p\u00fablico, relaci\u00f3n laboral o contrataci\u00f3n de obra o servicio\u201d.<\/span><\/p>\n<figure id=\"attachment_11447\" aria-describedby=\"caption-attachment-11447\" style=\"width: 960px\" class=\"wp-caption alignnone\"><img loading=\"lazy\" decoding=\"async\" class=\"wp-image-11447 size-full\" src=\"https:\/\/tribunavm.com.ar\/wp-content\/uploads\/2024\/08\/Cruz-azul.jpeg\" alt=\"\" width=\"960\" height=\"720\" srcset=\"https:\/\/tribunavm.com.ar\/wp-content\/uploads\/2024\/08\/Cruz-azul.jpeg 960w, https:\/\/tribunavm.com.ar\/wp-content\/uploads\/2024\/08\/Cruz-azul-300x225.jpeg 300w, https:\/\/tribunavm.com.ar\/wp-content\/uploads\/2024\/08\/Cruz-azul-768x576.jpeg 768w, https:\/\/tribunavm.com.ar\/wp-content\/uploads\/2024\/08\/Cruz-azul-750x563.jpeg 750w\" sizes=\"(max-width: 960px) 100vw, 960px\" \/><figcaption id=\"caption-attachment-11447\" class=\"wp-caption-text\">En 2024, trabajadores del Sanatorio Cruz Azul realizaron una protesta por demora en el pago de salarios.<\/figcaption><\/figure>\n<p><span style=\"font-weight: 400;\">Sin embargo,<\/span><b> los trabajadores del sector intensifican la escala de su reclamo, visibilizando que la crisis sanitaria se replica en todos los hospitales del pa\u00eds.\u00a0<\/b><\/p>\n<p><span style=\"font-weight: 400;\">En <\/span><b>Neuqu\u00e9n<\/b><span style=\"font-weight: 400;\">, los profesionales de la salud realizaron un paro de cinco d\u00edas durante los primeros d\u00edas de julio. En <\/span><b>San Juan<\/b><span style=\"font-weight: 400;\">, el sindicato Asprosa denuncia que el gobierno provincial solo reconoce salarialmente a los m\u00e9dicos, marginando al resto de los profesionales.<\/span><\/p>\n<p><span style=\"font-weight: 400;\">En las provincias de <\/span><b>Chaco<\/b><span style=\"font-weight: 400;\"> y <\/span><b>San Luis<\/b><span style=\"font-weight: 400;\">, los profesionales tambi\u00e9n se movilizan en reclamo de la apertura de paritarias y una urgente recomposici\u00f3n salarial.<\/span><\/p>\n<p><span style=\"font-weight: 400;\">\u201cEl fracaso de la negociaci\u00f3n en el Garrahan por la falta de propuestas del gobierno es un hecho que se repite en todo el pa\u00eds\u201d, denunci\u00f3 Mar\u00eda Fernanda Boriotti, presidenta de la FESPROSA.<\/span><\/p>\n<p><b>Seg\u00fan la entidad gremial la crisis salarial afecta al 85% del sistema<\/b><span style=\"font-weight: 400;\">, compuesto por 1.700 hospitales, 6.000 unidades sanitarias y m\u00e1s de 500.000 trabajadores dependientes de los gobiernos provinciales.<\/span><\/p>\n<\/div>\n<\/div>\n","protected":false},"excerpt":{"rendered":"<p>El Gobierno profundiza el conflicto contra los trabajadores de la salud, haciendo o\u00eddos sordos al reclamo salarial y profundizando la precarizaci\u00f3n del sector. Los profesionales convocan una medida nacional para este jueves.<\/p>\n","protected":false},"author":2,"featured_media":13426,"comment_status":"open","ping_status":"open","sticky":false,"template":"","format":"standard","meta":{"_exactmetrics_skip_tracking":false,"_exactmetrics_sitenote_active":false,"_exactmetrics_sitenote_note":"","_exactmetrics_sitenote_category":0,"jnews-multi-image_gallery":[],"jnews_single_post":{"format":"standard","override":[{"template":"5","parallax":"1","fullscreen":"1","layout":"right-sidebar","sidebar":"default-sidebar","second_sidebar":"default-sidebar","sticky_sidebar":"1","share_position":"hide","share_float_style":"share-monocrhome","show_featured":"1","show_post_meta":"1","show_post_author_image":"1","show_post_date":"1","post_date_format":"custom","post_date_format_custom":"d-m-Y","show_post_category":"1","post_reading_time_wpm":"300","post_calculate_word_method":"count_blank","show_zoom_button":"0","zoom_button_out_step":"2","zoom_button_in_step":"3","show_post_tag":"1","number_popup_post":"1","show_author_box":"0","show_post_related":"1"}],"image_override":[{"single_post_thumbnail_size":"crop-500","single_post_gallery_size":"crop-500"}],"trending_post_position":"meta","trending_post_label":"Trending","sponsored_post_label":"Sponsored by","disable_ad":"0"},"jnews_primary_category":[],"jnews_social_meta":[],"jnews_override_counter":{"view_counter_number":"0","share_counter_number":"0","like_counter_number":"0","dislike_counter_number":"0"},"_joinchat":[],"footnotes":""},"categories":[22],"tags":[68],"class_list":["post-13424","post","type-post","status-publish","format-standard","has-post-thumbnail","hentry","category-actualidad","tag-salud"],"_links":{"self":[{"href":"https:\/\/tribunavm.com.ar\/index.php\/wp-json\/wp\/v2\/posts\/13424"}],"collection":[{"href":"https:\/\/tribunavm.com.ar\/index.php\/wp-json\/wp\/v2\/posts"}],"about":[{"href":"https:\/\/tribunavm.com.ar\/index.php\/wp-json\/wp\/v2\/types\/post"}],"author":[{"embeddable":true,"href":"https:\/\/tribunavm.com.ar\/index.php\/wp-json\/wp\/v2\/users\/2"}],"replies":[{"embeddable":true,"href":"https:\/\/tribunavm.com.ar\/index.php\/wp-json\/wp\/v2\/comments?post=13424"}],"version-history":[{"count":3,"href":"https:\/\/tribunavm.com.ar\/index.php\/wp-json\/wp\/v2\/posts\/13424\/revisions"}],"predecessor-version":[{"id":13432,"href":"https:\/\/tribunavm.com.ar\/index.php\/wp-json\/wp\/v2\/posts\/13424\/revisions\/13432"}],"wp:featuredmedia":[{"embeddable":true,"href":"https:\/\/tribunavm.com.ar\/index.php\/wp-json\/wp\/v2\/media\/13426"}],"wp:attachment":[{"href":"https:\/\/tribunavm.com.ar\/index.php\/wp-json\/wp\/v2\/media?parent=13424"}],"wp:term":[{"taxonomy":"category","embeddable":true,"href":"https:\/\/tribunavm.com.ar\/index.php\/wp-json\/wp\/v2\/categories?post=13424"},{"taxonomy":"post_tag","embeddable":true,"href":"https:\/\/tribunavm.com.ar\/index.php\/wp-json\/wp\/v2\/tags?post=13424"}],"curies":[{"name":"wp","href":"https:\/\/api.w.org\/{rel}","templated":true}]}}