{"id":13438,"date":"2025-07-14T00:21:34","date_gmt":"2025-07-14T00:21:34","guid":{"rendered":"https:\/\/tribunavm.com.ar\/?p=13438"},"modified":"2025-07-12T20:37:11","modified_gmt":"2025-07-12T20:37:11","slug":"con-la-mira-en-la-otan","status":"publish","type":"post","link":"https:\/\/tribunavm.com.ar\/index.php\/2025\/07\/14\/con-la-mira-en-la-otan\/","title":{"rendered":"Con la mira en la OTAN"},"content":{"rendered":"<div class=\"row clearfix\">\n<div class=\"col-md-8\">\n<p><span style=\"color: #212121; font-size: 1.5em; letter-spacing: -0.01em;\">El ministro de Defensa, Luis Petri, cerr\u00f3 una gira por Dinamarca, Francia y EE.UU., donde cerr\u00f3 acuerdos de cooperaci\u00f3n y equipamiento militar, en un nuevo marco de avances del Gobierno para la adhesi\u00f3n del pa\u00eds a la OTAN.<\/span><\/p>\n<p><span style=\"font-weight: 400;\"><span class=\"dropcap \" style=\"background-color: #ffffff; color: #dd9933; border-color: #ffffff;\">L<\/span>a primera parada fue Dinamarca, donde una comitiva liderada por el funcionario visit\u00f3 la base log\u00edstica de Aalborg para supervisar los trabajos de alistamiento de los primeros seis cazas F-16, que llegar\u00e1n a la Argentina en diciembre.<\/span><\/p>\n<p><span style=\"font-weight: 400;\">All\u00ed, Petri firm\u00f3 un <\/span><b>memor\u00e1ndum de entendimiento con su par dan\u00e9s, Troels Lund Poulsen, y suscribi\u00f3 un acuerdo con la empresa Terma para su adaptaci\u00f3n operativa a las fuerzas nacionales<\/b><span style=\"font-weight: 400;\">.<\/span><\/p>\n<p><span style=\"font-weight: 400;\">\u201cLa Argentina vuelve a tener fuerza en el cielo y autoridad en la regi\u00f3n y en el mundo. Cada F-16 que llegar\u00e1 en diciembre env\u00eda un mensaje claro: decidimos recuperar la Defensa nacional y modernizar a nuestras Fuerzas Armadas. Sin relatos. Con hechos\u201d, afirm\u00f3 Petri.<\/span><\/p>\n<figure id=\"attachment_13439\" aria-describedby=\"caption-attachment-13439\" style=\"width: 1024px\" class=\"wp-caption alignnone\"><img loading=\"lazy\" decoding=\"async\" class=\"size-large wp-image-13439\" src=\"https:\/\/tribunavm.com.ar\/wp-content\/uploads\/2025\/07\/min_8855-1-1024x683.jpg\" alt=\"\" width=\"1024\" height=\"683\" srcset=\"https:\/\/tribunavm.com.ar\/wp-content\/uploads\/2025\/07\/min_8855-1-1024x683.jpg 1024w, https:\/\/tribunavm.com.ar\/wp-content\/uploads\/2025\/07\/min_8855-1-300x200.jpg 300w, https:\/\/tribunavm.com.ar\/wp-content\/uploads\/2025\/07\/min_8855-1-768x512.jpg 768w, https:\/\/tribunavm.com.ar\/wp-content\/uploads\/2025\/07\/min_8855-1-750x500.jpg 750w, https:\/\/tribunavm.com.ar\/wp-content\/uploads\/2025\/07\/min_8855-1-1140x760.jpg 1140w, https:\/\/tribunavm.com.ar\/wp-content\/uploads\/2025\/07\/min_8855-1.jpg 1522w\" sizes=\"(max-width: 1024px) 100vw, 1024px\" \/><figcaption id=\"caption-attachment-13439\" class=\"wp-caption-text\">Las delegaciones argentina y danesa, en Aalborg.<\/figcaption><\/figure>\n<p><span style=\"color: #ff9900;\"><b>Francia<\/b><\/span><\/p>\n<p><span style=\"font-weight: 400;\">En segundo lugar, el ministro de Defensa estuvo en Par\u00eds, Francia, donde mantuvo conversaciones con su par franc\u00e9s, S\u00e9bastien Lercornu, acerca del trabajo conjunto que se est\u00e1 realizando para que la <\/span><b>Argentina sea socio global de la OTAN, estableciendo un <\/b><span style=\"font-weight: 400;\">programa de cooperaci\u00f3n espec\u00edfico.\u00a0<\/span><\/p>\n<p><span style=\"font-weight: 400;\">A su vez, <\/span><b>Petri propuso cursos de acci\u00f3n para que la F\u00e1brica Argentina de Aviones (FAdeA) se convierta en proveedor de la empresa aeron\u00e1utica Airbus<\/b><span style=\"font-weight: 400;\">.<\/span><\/p>\n<p><span style=\"font-weight: 400;\">En paralelo, en la embajada francesa en Buenos Aires, el secretario de Miner\u00eda, Luis Lucero, y el ministro de Comercio Exterior de Francia, Laurent Saint-Martin, <\/span><b>firmaron un memor\u00e1ndum de entendimiento para fomentar la cooperaci\u00f3n en minerales cr\u00edticos<\/b><span style=\"font-weight: 400;\"> como el litio, el cobre y el cobalto.\u00a0<\/span><\/p>\n<p><span style=\"font-weight: 400;\">\n    <style>\n        .bloque-nota-relacionada {\n            display: flex;\n            flex-wrap: wrap;\n            gap: 20px;\n            padding: 24px;\n            background: #ffffff;\n            border-radius: 12px;\n            box-shadow: 0 12px 28px rgba(0,0,0,0.15);\n            margin: 40px 0;\n            align-items: flex-start;\n        }\n        .bloque-nota-img {\n            flex: 0 0 260px;\n            max-width: 100%;\n        }\n        .bloque-nota-img img {\n            width: 100%;\n            height: auto;\n            border-radius: 10px;\n            object-fit: cover;\n        }\n        .bloque-nota-contenido {\n            flex: 1 1 300px;\n        }\n        .bloque-nota-contenido a {\n            font-size: 21px;\n            font-weight: 600;\n            color: #111;\n            text-decoration: none;\n            line-height: 1.4;\n            display: block;\n            margin-bottom: 10px;\n        }\n        .bloque-nota-contenido p {\n            font-size: 15px;\n            color: #555;\n            line-height: 1.6;\n            margin: 0;\n        }\n        @media (max-width: 600px) {\n            .bloque-nota-relacionada {\n                flex-direction: column;\n                padding: 20px;\n            }\n            .bloque-nota-img {\n                flex: none;\n                width: 100%;\n            }\n            .bloque-nota-contenido {\n                flex: none;\n                width: 100%;\n            }\n        }\n    <\/style>\n\n    <div class=\"bloque-nota-relacionada\">\n        <div class=\"bloque-nota-img\">\n            <img decoding=\"async\" src=\"https:\/\/tribunavm.com.ar\/wp-content\/uploads\/2024\/04\/PORTADA-Ingreso-a-la-OTAN-1024x570.jpg\" alt=\"Argentina solicit\u00f3 ingresar a la OTAN\">\n        <\/div>\n        <div class=\"bloque-nota-contenido\">\n            <a href=\"https:\/\/tribunavm.com.ar\/index.php\/2024\/04\/22\/argentina-solicito-ingresar-a-la-otan\/\">Argentina solicit\u00f3 ingresar a la OTAN<\/a>\n            <p>A trav\u00e9s de un pedido formal, el ministro de Defensa, Luis Petri, present\u00f3 la solicitud al secretario general adjunto de la OTAN.<\/p>\n        <\/div>\n    <\/div><\/span><\/p>\n<p><span style=\"color: #ff9900;\"><b>EE.UU.<\/b><\/span><\/p>\n<p><span style=\"font-weight: 400;\">Finalmente, el funcionario viaj\u00f3 a Washington para reunirse con su par estadounidense, <\/span><b>Pete Hegseth<\/b><span style=\"font-weight: 400;\">, con quien firm\u00f3 un<\/span><b> acuerdo de cooperaci\u00f3n <\/b><span style=\"font-weight: 400;\">en ciberdefensa, frontera terrestre, interoperabilidad militar y equipamiento estrat\u00e9gico.<\/span><\/p>\n<p><span style=\"font-weight: 400;\">Entre las implicancias de la firma, se incluye la compra del Ej\u00e9rcito argentino de 27 veh\u00edculos blindados Stryker de fabricaci\u00f3n estadounidense, por 100 millones de d\u00f3lares. La entrega se realizar\u00e1 en tres etapas. Las primeras ocho unidades llegar\u00e1n entre diciembre de 2025 o comienzos de 2026.<\/span><\/p>\n<figure id=\"attachment_13440\" aria-describedby=\"caption-attachment-13440\" style=\"width: 1024px\" class=\"wp-caption alignnone\"><img loading=\"lazy\" decoding=\"async\" class=\"size-large wp-image-13440\" src=\"https:\/\/tribunavm.com.ar\/wp-content\/uploads\/2025\/07\/interior-stryker-1-1024x576.jpg\" alt=\"\" width=\"1024\" height=\"576\" srcset=\"https:\/\/tribunavm.com.ar\/wp-content\/uploads\/2025\/07\/interior-stryker-1-1024x576.jpg 1024w, https:\/\/tribunavm.com.ar\/wp-content\/uploads\/2025\/07\/interior-stryker-1-300x169.jpg 300w, https:\/\/tribunavm.com.ar\/wp-content\/uploads\/2025\/07\/interior-stryker-1-768x432.jpg 768w, https:\/\/tribunavm.com.ar\/wp-content\/uploads\/2025\/07\/interior-stryker-1-750x422.jpg 750w, https:\/\/tribunavm.com.ar\/wp-content\/uploads\/2025\/07\/interior-stryker-1-1140x641.jpg 1140w, https:\/\/tribunavm.com.ar\/wp-content\/uploads\/2025\/07\/interior-stryker-1.jpg 1280w\" sizes=\"(max-width: 1024px) 100vw, 1024px\" \/><figcaption id=\"caption-attachment-13440\" class=\"wp-caption-text\">El veh\u00edculo Stryker 8\u00d78 es empleado para el transporte de personal y posee tecnolog\u00eda antitanque y poder de fuego.<\/figcaption><\/figure>\n<p><b>\u201cEstados Unidos demostr\u00f3 que la paz no se negocia, se garantiza desde la fuerza<\/b><span style=\"font-weight: 400;\">. El liderazgo del presidente Trump frente a Ir\u00e1n dej\u00f3 una ense\u00f1anza clara: las democracias deben tener capacidad de disuasi\u00f3n para defender sus valores y la libertad de sus compatriotas\u201d, sostuvo Petri tras el encuentro.<\/span><\/p>\n<p><span style=\"font-weight: 400;\">Durante la reuni\u00f3n, <\/span><b>Hegseth puntualiz\u00f3 que China representa una amenaza para Estados Unidos, Argentina y la regi\u00f3n.<\/b><\/p>\n<\/div>\n<\/div>\n","protected":false},"excerpt":{"rendered":"<p>El ministro de Defensa, Luis Petri, cerr\u00f3 una gira por Dinamarca, Francia y EE.UU., donde cerr\u00f3 acuerdos de cooperaci\u00f3n y equipamiento militar, en un nuevo marco de avances del Gobierno para la adhesi\u00f3n del pa\u00eds a la OTAN.<\/p>\n","protected":false},"author":2,"featured_media":13441,"comment_status":"open","ping_status":"open","sticky":false,"template":"","format":"standard","meta":{"_exactmetrics_skip_tracking":false,"_exactmetrics_sitenote_active":false,"_exactmetrics_sitenote_note":"","_exactmetrics_sitenote_category":0,"jnews-multi-image_gallery":[],"jnews_single_post":{"format":"standard","override":[{"template":"5","parallax":"1","fullscreen":"1","layout":"right-sidebar","sidebar":"default-sidebar","second_sidebar":"default-sidebar","sticky_sidebar":"1","share_position":"hide","share_float_style":"share-monocrhome","show_featured":"1","show_post_meta":"1","show_post_author_image":"1","show_post_date":"1","post_date_format":"custom","post_date_format_custom":"d-m-Y","show_post_category":"1","post_reading_time_wpm":"300","post_calculate_word_method":"count_blank","show_zoom_button":"0","zoom_button_out_step":"2","zoom_button_in_step":"3","show_post_tag":"1","number_popup_post":"1","show_author_box":"0","show_post_related":"1"}],"image_override":[{"single_post_thumbnail_size":"crop-500","single_post_gallery_size":"crop-500"}],"trending_post_position":"meta","trending_post_label":"Trending","sponsored_post_label":"Sponsored by","disable_ad":"0"},"jnews_primary_category":[],"jnews_social_meta":[],"jnews_override_counter":{"view_counter_number":"0","share_counter_number":"0","like_counter_number":"0","dislike_counter_number":"0"},"_joinchat":[],"footnotes":""},"categories":[279],"tags":[577,198,420],"class_list":["post-13438","post","type-post","status-publish","format-standard","has-post-thumbnail","hentry","category-gobierno","tag-dinamarca","tag-eeuu","tag-francia"],"_links":{"self":[{"href":"https:\/\/tribunavm.com.ar\/index.php\/wp-json\/wp\/v2\/posts\/13438"}],"collection":[{"href":"https:\/\/tribunavm.com.ar\/index.php\/wp-json\/wp\/v2\/posts"}],"about":[{"href":"https:\/\/tribunavm.com.ar\/index.php\/wp-json\/wp\/v2\/types\/post"}],"author":[{"embeddable":true,"href":"https:\/\/tribunavm.com.ar\/index.php\/wp-json\/wp\/v2\/users\/2"}],"replies":[{"embeddable":true,"href":"https:\/\/tribunavm.com.ar\/index.php\/wp-json\/wp\/v2\/comments?post=13438"}],"version-history":[{"count":1,"href":"https:\/\/tribunavm.com.ar\/index.php\/wp-json\/wp\/v2\/posts\/13438\/revisions"}],"predecessor-version":[{"id":13442,"href":"https:\/\/tribunavm.com.ar\/index.php\/wp-json\/wp\/v2\/posts\/13438\/revisions\/13442"}],"wp:featuredmedia":[{"embeddable":true,"href":"https:\/\/tribunavm.com.ar\/index.php\/wp-json\/wp\/v2\/media\/13441"}],"wp:attachment":[{"href":"https:\/\/tribunavm.com.ar\/index.php\/wp-json\/wp\/v2\/media?parent=13438"}],"wp:term":[{"taxonomy":"category","embeddable":true,"href":"https:\/\/tribunavm.com.ar\/index.php\/wp-json\/wp\/v2\/categories?post=13438"},{"taxonomy":"post_tag","embeddable":true,"href":"https:\/\/tribunavm.com.ar\/index.php\/wp-json\/wp\/v2\/tags?post=13438"}],"curies":[{"name":"wp","href":"https:\/\/api.w.org\/{rel}","templated":true}]}}