{"id":13463,"date":"2025-07-14T00:35:05","date_gmt":"2025-07-14T00:35:05","guid":{"rendered":"https:\/\/tribunavm.com.ar\/?p=13463"},"modified":"2025-07-12T22:37:40","modified_gmt":"2025-07-12T22:37:40","slug":"calibrar-la-brujula","status":"publish","type":"post","link":"https:\/\/tribunavm.com.ar\/index.php\/2025\/07\/14\/calibrar-la-brujula\/","title":{"rendered":"Calibrar la br\u00fajula"},"content":{"rendered":"<div class=\"row clearfix\">\n<div class=\"col-md-8\">\n<p><span style=\"font-weight: 400;\"><span class=\"dropcap \" style=\"background-color: #ffffff; color: #dd9933; border-color: #ffffff;\">L<\/span>as disputas a nivel global por la estructura del nuevo orden est\u00e1n salpicando a todas partes y en todas las direcciones. Tanto a nivel pa\u00edses c\u00f3mo en las diferentes clases y sus fracciones nadie puede escapar a esta turbulencia por el reparto mundial.<\/span><\/p>\n<p><span style=\"font-weight: 400;\">Las fracciones financieras han lanzado su ofensiva por el reparto del mundo construyendo un cuello de botella por el cual todos los sectores \u201cproductivos\u201d y los propios Estados pelean por ese tanque de ox\u00edgeno llamado deuda.<\/span><\/p>\n<p><span style=\"font-weight: 400;\">Tal es la profundidad de la crisis del r\u00e9gimen capitalista que, mientras el gobierno nacional les dice a los gobiernos provinciales que no les transferir\u00e1 recursos por coparticipaci\u00f3n, estos \u00faltimos asisten a Wall Street para financiarse por medio de una nueva deuda en d\u00f3lares con legislaci\u00f3n extranjera, como es el caso de C\u00f3rdoba y Santa Fe.<\/span><\/p>\n<p><span style=\"font-weight: 400;\">Ahora, los Estados provinciales tienen dentro de sus reparticiones un nuevo gobierno que ni siquiera demand\u00f3 pasar por elecciones o constituir una lista pol\u00edtica: son los acreedores privados. As\u00ed, cuando juzgamos por qu\u00e9 se aplican tales o cuales pol\u00edticas p\u00fablicas, debemos de mirar quienes son los propietarios de eso que llamamos \u201cEstado\u201d.<\/span><\/p>\n<p><span style=\"font-weight: 400;\">Por eso, la pelea de los trabajadores que comienza a delinearse en la estrategia institucional parlamentaria est\u00e1 perdida antes de comenzar. Porque lejos de recomponer una fuerza que pueda alterar las condiciones de empobrecimiento y precarizaci\u00f3n sostenida, se encierra en el cuello de botella de una situaci\u00f3n promovida por la casta financiera a la que s\u00f3lo asistimos como espectadores.<\/span><\/p>\n<p><span style=\"font-weight: 400;\">Ante ello, debemos construir horizontes ampliando el debate y la lucha golpeando la estrategia enemiga que hoy se cristaliza en esta oligarqu\u00eda financiera. Es momento de calibrar la br\u00fajula para caminar en esa direcci\u00f3n.\u00a0<\/span><\/p>\n<\/div>\n<\/div>\n","protected":false},"excerpt":{"rendered":"<p>Las disputas a nivel global por la estructura del nuevo orden est\u00e1n salpicando a todas partes y en todas las direcciones. Tanto a nivel pa\u00edses c\u00f3mo en las diferentes clases y sus fracciones nadie puede escapar a esta turbulencia por el reparto mundial.<\/p>\n","protected":false},"author":2,"featured_media":573,"comment_status":"open","ping_status":"open","sticky":false,"template":"","format":"standard","meta":{"_exactmetrics_skip_tracking":false,"_exactmetrics_sitenote_active":false,"_exactmetrics_sitenote_note":"","_exactmetrics_sitenote_category":0,"jnews-multi-image_gallery":[],"jnews_single_post":{"format":"standard","override":[{"template":"5","parallax":"1","fullscreen":"1","layout":"right-sidebar","sidebar":"default-sidebar","second_sidebar":"default-sidebar","sticky_sidebar":"1","share_position":"hide","share_float_style":"share-monocrhome","show_featured":"1","show_post_meta":"1","show_post_author_image":"1","show_post_date":"1","post_date_format":"custom","post_date_format_custom":"d-m-Y","show_post_category":"1","post_reading_time_wpm":"300","post_calculate_word_method":"count_blank","show_zoom_button":"0","zoom_button_out_step":"2","zoom_button_in_step":"3","show_post_tag":"1","number_popup_post":"1","show_author_box":"0","show_post_related":"1"}],"image_override":[{"single_post_thumbnail_size":"crop-500","single_post_gallery_size":"crop-500"}],"trending_post_position":"meta","trending_post_label":"Trending","sponsored_post_label":"Sponsored by","disable_ad":"0"},"jnews_primary_category":[],"jnews_social_meta":[],"jnews_override_counter":{"view_counter_number":"0","share_counter_number":"0","like_counter_number":"0","dislike_counter_number":"0"},"_joinchat":[],"footnotes":""},"categories":[26],"tags":[578],"class_list":["post-13463","post","type-post","status-publish","format-standard","has-post-thumbnail","hentry","category-editorial","tag-edicion-157"],"_links":{"self":[{"href":"https:\/\/tribunavm.com.ar\/index.php\/wp-json\/wp\/v2\/posts\/13463"}],"collection":[{"href":"https:\/\/tribunavm.com.ar\/index.php\/wp-json\/wp\/v2\/posts"}],"about":[{"href":"https:\/\/tribunavm.com.ar\/index.php\/wp-json\/wp\/v2\/types\/post"}],"author":[{"embeddable":true,"href":"https:\/\/tribunavm.com.ar\/index.php\/wp-json\/wp\/v2\/users\/2"}],"replies":[{"embeddable":true,"href":"https:\/\/tribunavm.com.ar\/index.php\/wp-json\/wp\/v2\/comments?post=13463"}],"version-history":[{"count":1,"href":"https:\/\/tribunavm.com.ar\/index.php\/wp-json\/wp\/v2\/posts\/13463\/revisions"}],"predecessor-version":[{"id":13464,"href":"https:\/\/tribunavm.com.ar\/index.php\/wp-json\/wp\/v2\/posts\/13463\/revisions\/13464"}],"wp:featuredmedia":[{"embeddable":true,"href":"https:\/\/tribunavm.com.ar\/index.php\/wp-json\/wp\/v2\/media\/573"}],"wp:attachment":[{"href":"https:\/\/tribunavm.com.ar\/index.php\/wp-json\/wp\/v2\/media?parent=13463"}],"wp:term":[{"taxonomy":"category","embeddable":true,"href":"https:\/\/tribunavm.com.ar\/index.php\/wp-json\/wp\/v2\/categories?post=13463"},{"taxonomy":"post_tag","embeddable":true,"href":"https:\/\/tribunavm.com.ar\/index.php\/wp-json\/wp\/v2\/tags?post=13463"}],"curies":[{"name":"wp","href":"https:\/\/api.w.org\/{rel}","templated":true}]}}