{"id":13500,"date":"2025-07-28T00:47:12","date_gmt":"2025-07-28T00:47:12","guid":{"rendered":"https:\/\/tribunavm.com.ar\/?p=13500"},"modified":"2025-07-26T22:53:30","modified_gmt":"2025-07-26T22:53:30","slug":"israel-escala-el-conflicto-belico-en-medio-oriente","status":"publish","type":"post","link":"https:\/\/tribunavm.com.ar\/index.php\/2025\/07\/28\/israel-escala-el-conflicto-belico-en-medio-oriente\/","title":{"rendered":"Israel escala el conflicto b\u00e9lico en Medio Oriente"},"content":{"rendered":"<div class=\"row clearfix\">\n<div class=\"col-md-8\">\n<div class=\"intro-text\">\n<p><span style=\"font-weight: 400;\">A semanas de los enfrentamientos con Ir\u00e1n, el ej\u00e9rcito israel\u00ed bombarde\u00f3 el Ministerio de Defensa en la capital de Siria. <\/span><span style=\"font-weight: 400;\">Tambi\u00e9n intensific\u00f3 los ataques a Gaza y bloque\u00f3 la ayuda humanitaria.<\/span><\/p>\n<\/div>\n<p><b><span class=\"dropcap \" style=\"background-color: #ffffff; color: #dd9933; border-color: #ffffff;\">L<\/span>a escalada b\u00e9lica de los \u00faltimos meses en Medio Oriente ha dejado decenas de miles de muertos.<\/b><span style=\"font-weight: 400;\"> El Estado de Israel, luego del ataque de Hamas en octubre del a\u00f1o pasado y la violaci\u00f3n del \u201cEscudo de hierro\u201d por parte de misiles iran\u00edes en abril, increment\u00f3 su ofensiva b\u00e9lica en toda la zona.\u00a0<\/span><\/p>\n<p><span style=\"font-weight: 400;\">Finalizada la \u201cGuerra de los 13 d\u00edas\u201d, con la intervenci\u00f3n de otros pa\u00edses, comenz\u00f3 una tensa tregua, aunque la escalada contin\u00faa: la semana pasada <\/span><b>el ej\u00e9rcito israel\u00ed bombarde\u00f3 el edificio del Ministerio de Defensa en Damasco, la capital de Siria<\/b><span style=\"font-weight: 400;\">.<\/span><\/p>\n<p><span style=\"font-weight: 400;\">El ataque fue realizado aparentemente sin el consentimiento de los EE.UU., ya que <\/span><b>el secretario de Estado, Marco Rubio<\/b><span style=\"font-weight: 400;\">, en Washington, <\/span><b>expres\u00f3 preocupaci\u00f3n y breg\u00f3 para \u201cque los combates paren, porque ten\u00edamos un alto el fuego que se rompi\u00f3 nuevamente\u201d<\/b><span style=\"font-weight: 400;\">.<\/span><\/p>\n<p><span style=\"font-weight: 400;\">\n    <style>\n        .bloque-nota-relacionada {\n            display: flex;\n            flex-wrap: wrap;\n            gap: 20px;\n            padding: 24px;\n            background: #ffffff;\n            border-radius: 12px;\n            box-shadow: 0 12px 28px rgba(0,0,0,0.15);\n            margin: 40px 0;\n            align-items: flex-start;\n        }\n        .bloque-nota-img {\n            flex: 0 0 260px;\n            max-width: 100%;\n        }\n        .bloque-nota-img img {\n            width: 100%;\n            height: auto;\n            border-radius: 10px;\n            object-fit: cover;\n        }\n        .bloque-nota-contenido {\n            flex: 1 1 300px;\n        }\n        .bloque-nota-contenido a {\n            font-size: 21px;\n            font-weight: 600;\n            color: #111;\n            text-decoration: none;\n            line-height: 1.4;\n            display: block;\n            margin-bottom: 10px;\n        }\n        .bloque-nota-contenido p {\n            font-size: 15px;\n            color: #555;\n            line-height: 1.6;\n            margin: 0;\n        }\n        @media (max-width: 600px) {\n            .bloque-nota-relacionada {\n                flex-direction: column;\n                padding: 20px;\n            }\n            .bloque-nota-img {\n                flex: none;\n                width: 100%;\n            }\n            .bloque-nota-contenido {\n                flex: none;\n                width: 100%;\n            }\n        }\n    <\/style>\n\n    <div class=\"bloque-nota-relacionada\">\n        <div class=\"bloque-nota-img\">\n            <img decoding=\"async\" src=\"https:\/\/tribunavm.com.ar\/wp-content\/uploads\/2024\/04\/Portada-medio-oriente-1024x576.jpg\" alt=\"Fuego directo entre Ir\u00e1n e Israel\">\n        <\/div>\n        <div class=\"bloque-nota-contenido\">\n            <a href=\"https:\/\/tribunavm.com.ar\/index.php\/2024\/04\/22\/fuego-directo-entre-iran-e-israel\/\">Fuego directo entre Ir\u00e1n e Israel<\/a>\n            <p>Por primera vez en la historia Ir\u00e1n atac\u00f3 a Israel, quien respondi\u00f3 atacando la ciudad iran\u00ed de Isfah\u00e1n.<\/p>\n        <\/div>\n    <\/div><\/span><\/p>\n<p><span style=\"color: #ff9900;\"><b>El origen del ataque<\/b><\/span><\/p>\n<p><span style=\"font-weight: 400;\">El pasado 13 de julio, en la ciudad de Suwayda (o Sueida) al sur de Siria, milicias <\/span><b>drusas chi\u00edtas<\/b><span style=\"font-weight: 400;\"> y tribus <\/span><b>beduinas sunitas<\/b><span style=\"font-weight: 400;\"> (grupos \u00e9tnico-religiosos de Medio Oriente) <\/span><b>comenzaron enfrentamientos armados dejando un saldo de alrededor de 300 muertos<\/b><span style=\"font-weight: 400;\">, seg\u00fan el Observatorio Sirio de Derechos Humanos (OSDH).<\/span><\/p>\n<figure id=\"attachment_13501\" aria-describedby=\"caption-attachment-13501\" style=\"width: 947px\" class=\"wp-caption alignnone\"><img loading=\"lazy\" decoding=\"async\" class=\"wp-image-13501 size-full\" src=\"https:\/\/tribunavm.com.ar\/wp-content\/uploads\/2025\/07\/Interior_1.png\" alt=\"\" width=\"947\" height=\"431\" srcset=\"https:\/\/tribunavm.com.ar\/wp-content\/uploads\/2025\/07\/Interior_1.png 947w, https:\/\/tribunavm.com.ar\/wp-content\/uploads\/2025\/07\/Interior_1-300x137.png 300w, https:\/\/tribunavm.com.ar\/wp-content\/uploads\/2025\/07\/Interior_1-768x350.png 768w, https:\/\/tribunavm.com.ar\/wp-content\/uploads\/2025\/07\/Interior_1-750x341.png 750w\" sizes=\"(max-width: 947px) 100vw, 947px\" \/><figcaption id=\"caption-attachment-13501\" class=\"wp-caption-text\">La zona de conflicto.<\/figcaption><\/figure>\n<p><span style=\"font-weight: 400;\">En medio del conflicto, <b>el ej\u00e9rcito sirio moviliz\u00f3 arsenal hacia la ciudad para controlar el conflicto<\/b>, cuesti\u00f3n impedida por el ej\u00e9rcito de <b>Israel que, bajo justificaci\u00f3n de defender de las milicias drusas, atac\u00f3 a los tanques, el transporte y los armamentos movilizados por Siria<\/b> y posteriormente el edificio del Ministerio de Defensa. <\/span><\/p>\n<p><span style=\"font-weight: 400;\">El <\/span><b>primer ministro, Benjamin Netanyahu, <\/b><span style=\"font-weight: 400;\">dijo en un comunicado el martes por la noche que Israel tiene \u201cun compromiso de preservar la regi\u00f3n suroeste de Siria como un \u00e1rea desmilitarizada en la frontera de Israel\u201d y \u201cla <\/span><b>obligaci\u00f3n de salvaguardar a la poblaci\u00f3n drusa<\/b><span style=\"font-weight: 400;\">\u201d.<\/span><\/p>\n<p><span style=\"font-weight: 400;\">El embajador de Israel ante la ONU, Danny Danon, declar\u00f3 que<\/span><b> el Consejo del organismo \u201cdebe condenar los cr\u00edmenes b\u00e1rbaros cometidos contra civiles inocentes en territorio sirio<\/b><span style=\"font-weight: 400;\">&#8220;. &#8220;Israel seguir\u00e1 actuando con firmeza contra cualquier amenaza terrorista en sus fronteras, en cualquier lugar y en cualquier momento&#8221;, declar\u00f3.<\/span><\/p>\n<p><span style=\"font-weight: 400;\">Por su lado, el presidente sirio, Ahmed al-Sharaa, dijo que \u201cla entidad israel\u00ed, conocida por sus repetidos intentos de desestabilizarnos y sembrar la divisi\u00f3n, busca una vez m\u00e1s <\/span><b>convertir nuestra tierra en un campo de batalla del caos y desmantelar el tejido de nuestro pueblo<\/b><span style=\"font-weight: 400;\">\u201d.<\/span><\/p>\n<figure id=\"attachment_13583\" aria-describedby=\"caption-attachment-13583\" style=\"width: 1024px\" class=\"wp-caption alignnone\"><img loading=\"lazy\" decoding=\"async\" class=\"size-large wp-image-13583\" src=\"https:\/\/tribunavm.com.ar\/wp-content\/uploads\/2025\/07\/druso-1024x583.png\" alt=\"\" width=\"1024\" height=\"583\" srcset=\"https:\/\/tribunavm.com.ar\/wp-content\/uploads\/2025\/07\/druso-1024x583.png 1024w, https:\/\/tribunavm.com.ar\/wp-content\/uploads\/2025\/07\/druso-300x171.png 300w, https:\/\/tribunavm.com.ar\/wp-content\/uploads\/2025\/07\/druso-768x437.png 768w, https:\/\/tribunavm.com.ar\/wp-content\/uploads\/2025\/07\/druso-750x427.png 750w, https:\/\/tribunavm.com.ar\/wp-content\/uploads\/2025\/07\/druso-1140x649.png 1140w, https:\/\/tribunavm.com.ar\/wp-content\/uploads\/2025\/07\/druso.png 1160w\" sizes=\"(max-width: 1024px) 100vw, 1024px\" \/><figcaption id=\"caption-attachment-13583\" class=\"wp-caption-text\">Fuente: Elaboraci\u00f3n propia<\/figcaption><\/figure>\n<p><span style=\"color: #ff9900;\"><b>Las alianzas en contradicci\u00f3n<\/b><\/span><\/p>\n<p><span style=\"font-weight: 400;\">Luego del ataque, el gobierno sirio orden\u00f3 la retirada de las tropas de la regi\u00f3n de Suwayda y se comprometi\u00f3 a reducir la escalada de violencia.<\/span><\/p>\n<p><span style=\"font-weight: 400;\">La \u201cvictoria\u201d israel\u00ed tuvo sus reveses diplom\u00e1ticos en tanto que, el viernes pasado, el ministro de Asuntos Exteriores sirio, Asaad Al-Shibani, se reuni\u00f3 en Par\u00eds con su hom\u00f3logo de Francia, Jean Noel Barrot, y el enviado de Estados Unidos, Thomas Barrack, donde <\/span><b>emitieron una declaraci\u00f3n conjunta en apoyo a la parte siria<\/b><span style=\"font-weight: 400;\">.<\/span><\/p>\n<p><span style=\"font-weight: 400;\">\n    <style>\n        .bloque-nota-relacionada {\n            display: flex;\n            flex-wrap: wrap;\n            gap: 20px;\n            padding: 24px;\n            background: #ffffff;\n            border-radius: 12px;\n            box-shadow: 0 12px 28px rgba(0,0,0,0.15);\n            margin: 40px 0;\n            align-items: flex-start;\n        }\n        .bloque-nota-img {\n            flex: 0 0 260px;\n            max-width: 100%;\n        }\n        .bloque-nota-img img {\n            width: 100%;\n            height: auto;\n            border-radius: 10px;\n            object-fit: cover;\n        }\n        .bloque-nota-contenido {\n            flex: 1 1 300px;\n        }\n        .bloque-nota-contenido a {\n            font-size: 21px;\n            font-weight: 600;\n            color: #111;\n            text-decoration: none;\n            line-height: 1.4;\n            display: block;\n            margin-bottom: 10px;\n        }\n        .bloque-nota-contenido p {\n            font-size: 15px;\n            color: #555;\n            line-height: 1.6;\n            margin: 0;\n        }\n        @media (max-width: 600px) {\n            .bloque-nota-relacionada {\n                flex-direction: column;\n                padding: 20px;\n            }\n            .bloque-nota-img {\n                flex: none;\n                width: 100%;\n            }\n            .bloque-nota-contenido {\n                flex: none;\n                width: 100%;\n            }\n        }\n    <\/style>\n\n    <div class=\"bloque-nota-relacionada\">\n        <div class=\"bloque-nota-img\">\n            <img decoding=\"async\" src=\"https:\/\/tribunavm.com.ar\/wp-content\/uploads\/2024\/10\/1-portada-1024x588.png\" alt=\"Israel abre nuevos frentes de batalla\">\n        <\/div>\n        <div class=\"bloque-nota-contenido\">\n            <a href=\"https:\/\/tribunavm.com.ar\/index.php\/2024\/10\/07\/israel-abre-nuevos-frentes-de-batalla\/\">Israel abre nuevos frentes de batalla<\/a>\n            <p>Al cumplirse un a\u00f1o del inicio del conflicto armado en Medio Oriente, Israel profundiza y expande la crisis en la regi\u00f3n.<\/p>\n        <\/div>\n    <\/div><\/span><\/p>\n<p><span style=\"font-weight: 400;\">All\u00ed se comprometieron a <\/span><b>garantizar \u201cla unidad, la estabilidad y la soberan\u00eda del pa\u00eds sobre todo su territorio<\/b><span style=\"font-weight: 400;\">\u201d y <\/span><b>apoyar al gobierno \u201cen su proceso de transici\u00f3n pol\u00edtica, <\/b><span style=\"font-weight: 400;\">con el objetivo de lograr la reconciliaci\u00f3n nacional y fortalecer la cohesi\u00f3n social\u201d.<\/span><\/p>\n<p><span style=\"color: #ff9900;\"><b>Posiciones sobre la situaci\u00f3n en Gaza<\/b><\/span><\/p>\n<p><span style=\"font-weight: 400;\">En la Franja de Gaza, territorio perteneciente a Palestina, <\/span><b>el ej\u00e9rcito de Israel ha incrementado sus ataques a la poblaci\u00f3n en los \u00faltimos meses <\/b><span style=\"font-weight: 400;\">bombardeando centros de salud, refugios y almacenes de alimentos, dejando decenas de miles de muertos civiles en tan s\u00f3lo algunas semanas.<\/span><\/p>\n<p><span style=\"font-weight: 400;\">Adem\u00e1s, <\/span><b>mantiene bloqueadas las fronteras del pa\u00eds impidiendo el paso de la ayuda humanitaria<\/b><span style=\"font-weight: 400;\">, ocasionando problemas en la poblaci\u00f3n para conseguir alimentos b\u00e1sicos y agua.<\/span><\/p>\n<figure id=\"attachment_13502\" aria-describedby=\"caption-attachment-13502\" style=\"width: 1024px\" class=\"wp-caption alignnone\"><img loading=\"lazy\" decoding=\"async\" class=\"size-large wp-image-13502\" src=\"https:\/\/tribunavm.com.ar\/wp-content\/uploads\/2025\/07\/ninos-1024x464.png\" alt=\"\" width=\"1024\" height=\"464\" srcset=\"https:\/\/tribunavm.com.ar\/wp-content\/uploads\/2025\/07\/ninos-1024x464.png 1024w, https:\/\/tribunavm.com.ar\/wp-content\/uploads\/2025\/07\/ninos-300x136.png 300w, https:\/\/tribunavm.com.ar\/wp-content\/uploads\/2025\/07\/ninos-768x348.png 768w, https:\/\/tribunavm.com.ar\/wp-content\/uploads\/2025\/07\/ninos-750x340.png 750w, https:\/\/tribunavm.com.ar\/wp-content\/uploads\/2025\/07\/ninos-1140x516.png 1140w, https:\/\/tribunavm.com.ar\/wp-content\/uploads\/2025\/07\/ninos.png 1170w\" sizes=\"(max-width: 1024px) 100vw, 1024px\" \/><figcaption id=\"caption-attachment-13502\" class=\"wp-caption-text\">Seg\u00fan la agencia de la ONU para los refugiados palestinos, murieron m\u00e1s ni\u00f1os y j\u00f3venes en cinco meses en Gaza (12.300) que en los \u00faltimos cuatro a\u00f1os en todas las guerras en el mundo (12.193).<\/figcaption><\/figure>\n<p><span style=\"font-weight: 400;\">Tras varias semanas de ofensiva, el lunes pasado <\/span><b>un grupo de 25 pa\u00edses emitieron una declaraci\u00f3n conjunta en la que exigen un alto el fuego \u201cinmediato\u201d y reclaman que Israel cumpla el derecho internacional humanitario<\/b><span style=\"font-weight: 400;\">.<\/span><\/p>\n<p><span style=\"font-weight: 400;\">Los firmantes son los ministros de Exteriores de Australia, Austria, B\u00e9lgica, Canad\u00e1, Dinamarca, Estonia, Finlandia, Francia, Islandia, Irlanda, Italia, Jap\u00f3n, Letonia, Lituania, Luxemburgo, Pa\u00edses Bajos, Nueva Zelanda, Noruega, Polonia, Portugal, Eslovenia, Espa\u00f1a, Suecia, Suiza y el Reino Unido, adem\u00e1s de la Comisi\u00f3n Europea.<\/span><\/p>\n<figure id=\"attachment_13503\" aria-describedby=\"caption-attachment-13503\" style=\"width: 1024px\" class=\"wp-caption alignnone\"><img loading=\"lazy\" decoding=\"async\" class=\"size-large wp-image-13503\" src=\"https:\/\/tribunavm.com.ar\/wp-content\/uploads\/2025\/07\/desplazamiento-1024x576.png\" alt=\"\" width=\"1024\" height=\"576\" srcset=\"https:\/\/tribunavm.com.ar\/wp-content\/uploads\/2025\/07\/desplazamiento-1024x576.png 1024w, https:\/\/tribunavm.com.ar\/wp-content\/uploads\/2025\/07\/desplazamiento-300x169.png 300w, https:\/\/tribunavm.com.ar\/wp-content\/uploads\/2025\/07\/desplazamiento-768x432.png 768w, https:\/\/tribunavm.com.ar\/wp-content\/uploads\/2025\/07\/desplazamiento-750x422.png 750w, https:\/\/tribunavm.com.ar\/wp-content\/uploads\/2025\/07\/desplazamiento-1140x641.png 1140w, https:\/\/tribunavm.com.ar\/wp-content\/uploads\/2025\/07\/desplazamiento.png 1280w\" sizes=\"(max-width: 1024px) 100vw, 1024px\" \/><figcaption id=\"caption-attachment-13503\" class=\"wp-caption-text\">La ONU denunci\u00f3 que el 87,8% del territorio de la Franja est\u00e1 sometido a \u00f3rdenes de desplazamiento forzoso o se convirti\u00f3 en un \u00e1rea militarizada del ej\u00e9rcito de Israel.<\/figcaption><\/figure>\n<p><span style=\"font-weight: 400;\">Por otro lado, Emmanuel Macron, presidente de Francia, el jueves pasado declar\u00f3 que <\/span><b>reconocer\u00e1 al Estado de Palestina mediante un \u201canuncio formal en la Asamblea General de las Naciones Unidas<\/b><span style=\"font-weight: 400;\"> el pr\u00f3ximo septiembre\u201d.<\/span><\/p>\n<p><span style=\"font-weight: 400;\">Por su parte, el secretario de Estado de EE.UU., Marco Rubio, dijo en un comunicado que &#8220;<\/span><b>rechaza en\u00e9rgicamente el plan de Emmanuel Macron de reconocer un Estado palestino<\/b><span style=\"font-weight: 400;\">\u201d.<\/span><\/p>\n<\/div>\n<div class=\"col-md-3\">\n<p>&nbsp;<\/p>\n<\/div>\n<\/div>\n","protected":false},"excerpt":{"rendered":"<p>A semanas de los enfrentamientos con Ir\u00e1n, el ej\u00e9rcito israel\u00ed bombarde\u00f3 el Ministerio de Defensa en la capital de Siria. Tambi\u00e9n intensific\u00f3 los ataques a Gaza y bloque\u00f3 la ayuda humanitaria.<\/p>\n","protected":false},"author":2,"featured_media":13504,"comment_status":"open","ping_status":"open","sticky":false,"template":"","format":"standard","meta":{"_exactmetrics_skip_tracking":false,"_exactmetrics_sitenote_active":false,"_exactmetrics_sitenote_note":"","_exactmetrics_sitenote_category":0,"jnews-multi-image_gallery":[],"jnews_single_post":{"format":"standard","override":[{"template":"5","parallax":"1","fullscreen":"1","layout":"right-sidebar","sidebar":"default-sidebar","second_sidebar":"default-sidebar","sticky_sidebar":"1","share_position":"hide","share_float_style":"share-monocrhome","show_featured":"1","show_post_meta":"1","show_post_author_image":"1","show_post_date":"1","post_date_format":"custom","post_date_format_custom":"d-m-Y","show_post_category":"1","post_reading_time_wpm":"300","post_calculate_word_method":"count_blank","show_zoom_button":"0","zoom_button_out_step":"2","zoom_button_in_step":"3","show_post_tag":"1","number_popup_post":"1","show_author_box":"0","show_post_related":"1"}],"image_override":[{"single_post_thumbnail_size":"crop-500","single_post_gallery_size":"crop-500"}],"trending_post_position":"meta","trending_post_label":"Trending","sponsored_post_label":"Sponsored by","disable_ad":"0"},"jnews_primary_category":[],"jnews_social_meta":[],"jnews_override_counter":{"view_counter_number":"0","share_counter_number":"0","like_counter_number":"0","dislike_counter_number":"0"},"_joinchat":[],"footnotes":""},"categories":[276],"tags":[418,551],"class_list":["post-13500","post","type-post","status-publish","format-standard","has-post-thumbnail","hentry","category-internacional","tag-israel","tag-siria"],"_links":{"self":[{"href":"https:\/\/tribunavm.com.ar\/index.php\/wp-json\/wp\/v2\/posts\/13500"}],"collection":[{"href":"https:\/\/tribunavm.com.ar\/index.php\/wp-json\/wp\/v2\/posts"}],"about":[{"href":"https:\/\/tribunavm.com.ar\/index.php\/wp-json\/wp\/v2\/types\/post"}],"author":[{"embeddable":true,"href":"https:\/\/tribunavm.com.ar\/index.php\/wp-json\/wp\/v2\/users\/2"}],"replies":[{"embeddable":true,"href":"https:\/\/tribunavm.com.ar\/index.php\/wp-json\/wp\/v2\/comments?post=13500"}],"version-history":[{"count":4,"href":"https:\/\/tribunavm.com.ar\/index.php\/wp-json\/wp\/v2\/posts\/13500\/revisions"}],"predecessor-version":[{"id":13585,"href":"https:\/\/tribunavm.com.ar\/index.php\/wp-json\/wp\/v2\/posts\/13500\/revisions\/13585"}],"wp:featuredmedia":[{"embeddable":true,"href":"https:\/\/tribunavm.com.ar\/index.php\/wp-json\/wp\/v2\/media\/13504"}],"wp:attachment":[{"href":"https:\/\/tribunavm.com.ar\/index.php\/wp-json\/wp\/v2\/media?parent=13500"}],"wp:term":[{"taxonomy":"category","embeddable":true,"href":"https:\/\/tribunavm.com.ar\/index.php\/wp-json\/wp\/v2\/categories?post=13500"},{"taxonomy":"post_tag","embeddable":true,"href":"https:\/\/tribunavm.com.ar\/index.php\/wp-json\/wp\/v2\/tags?post=13500"}],"curies":[{"name":"wp","href":"https:\/\/api.w.org\/{rel}","templated":true}]}}