{"id":13507,"date":"2025-07-28T00:15:48","date_gmt":"2025-07-28T00:15:48","guid":{"rendered":"https:\/\/tribunavm.com.ar\/?p=13507"},"modified":"2025-07-26T18:30:41","modified_gmt":"2025-07-26T18:30:41","slug":"francia-el-mejor-alumno-de-la-guerra","status":"publish","type":"post","link":"https:\/\/tribunavm.com.ar\/index.php\/2025\/07\/28\/francia-el-mejor-alumno-de-la-guerra\/","title":{"rendered":"Francia: el mejor alumno de la guerra"},"content":{"rendered":"<div class=\"row clearfix\">\n<div class=\"col-md-8\">\n<p><span style=\"color: #212121; font-size: 1.5em; letter-spacing: -0.01em;\">Macron anunci\u00f3 un incremento en el presupuesto de Defensa. Mientras que el primer ministro, Fran\u00e7ois Bayrou, dijo que van a realizar un ajuste a los servicios sociales y empleos p\u00fablicos.<\/span><\/p>\n<p><span style=\"font-weight: 400;\"><span class=\"dropcap \" style=\"background-color: #ffffff; color: #dd9933; border-color: #ffffff;\">E<\/span>l domingo 13 de julio, en la v\u00edspera de la fiesta nacional del D\u00eda de la Bastilla, el presidente de Francia, Emmanuel Macron, anunci\u00f3 ante las autoridades militares del pa\u00eds un <\/span><b>gasto adicional en Defensa de 6.500 millones de euros hasta 2027.\u00a0<\/b><\/p>\n<p><span style=\"font-weight: 400;\">All\u00ed coment\u00f3 que la medida se da en un marco donde &#8220;la libertad nunca ha estado tan seriamente amenazada&#8221;. &#8220;Para ser libres en este mundo, <\/span><b>debemos ser temidos, y para ser temidos, debemos ser poderosos<\/b><span style=\"font-weight: 400;\">&#8220;, dijo.<\/span><\/p>\n<p><span style=\"font-weight: 400;\">Las iniciativas en torno al aumento del gasto militar se incrementaron frente a un contexto de escalada b\u00e9lica en Europa y territorios aleda\u00f1os. En marzo de este a\u00f1o, el banco p\u00fablico de inversi\u00f3n Bpifrance<\/span><b> anunci\u00f3 el lanzamiento de un fondo de 450 millones de euros destinado a Defensa<\/b><span style=\"font-weight: 400;\">.<\/span><\/p>\n<p><span style=\"font-weight: 400;\">Seg\u00fan el ministro de Finanzas, Eric Lombard, &#8220;<\/span><b>los ciudadanos franceses podr\u00e1n, mediante tramos de 500 euros, invertir su dinero a largo plazo&#8221; en este tipo de empresas<\/b><span style=\"font-weight: 400;\">. Adem\u00e1s, se prev\u00e9 que el Estado destine alrededor de 1,7 millones de euros a la iniciativa, sumado a los incrementos presupuestarios ya dispuestos por el gobierno.<\/span><\/p>\n<figure id=\"attachment_13508\" aria-describedby=\"caption-attachment-13508\" style=\"width: 1024px\" class=\"wp-caption alignnone\"><img loading=\"lazy\" decoding=\"async\" class=\"size-large wp-image-13508\" src=\"https:\/\/tribunavm.com.ar\/wp-content\/uploads\/2025\/07\/MACRON-1024x683.png\" alt=\"\" width=\"1024\" height=\"683\" srcset=\"https:\/\/tribunavm.com.ar\/wp-content\/uploads\/2025\/07\/MACRON-1024x683.png 1024w, https:\/\/tribunavm.com.ar\/wp-content\/uploads\/2025\/07\/MACRON-300x200.png 300w, https:\/\/tribunavm.com.ar\/wp-content\/uploads\/2025\/07\/MACRON-768x512.png 768w, https:\/\/tribunavm.com.ar\/wp-content\/uploads\/2025\/07\/MACRON-750x500.png 750w, https:\/\/tribunavm.com.ar\/wp-content\/uploads\/2025\/07\/MACRON-1140x760.png 1140w, https:\/\/tribunavm.com.ar\/wp-content\/uploads\/2025\/07\/MACRON.png 1200w\" sizes=\"(max-width: 1024px) 100vw, 1024px\" \/><figcaption id=\"caption-attachment-13508\" class=\"wp-caption-text\">Emmanuel Macron, en un discurso ante militares franceses en marzo de este a\u00f1o.<\/figcaption><\/figure>\n<p><span style=\"color: #ff9900;\"><b>Ajuste a los trabajadores<\/b><\/span><\/p>\n<p><span style=\"font-weight: 400;\">En contraste, el primer ministro franc\u00e9s, Fran\u00e7ois Bayrou, <\/span><b>anunci\u00f3 el martes pasado un plan de ajuste presupuestario de 43.800 millones de euros<\/b><span style=\"font-weight: 400;\"> que contempla el <\/span><b>despido de 3.000 trabajadores estatales, congelamiento de pensiones y programas de protecci\u00f3n social, y recorte en las prestaciones por desempleo<\/b><span style=\"font-weight: 400;\">, entre otras medidas.<\/span><\/p>\n<p><span style=\"font-weight: 400;\">Aunque su aprobaci\u00f3n depende de la votaci\u00f3n parlamentaria, la oposici\u00f3n no tard\u00f3 en manifestarse. Las centrales sindicales, entre las que se encuentran la CGT Francia, CFDT, entre otras, <\/span><b>realizaron un <\/b><span style=\"color: #ff9900;\"><a style=\"color: #ff9900;\" href=\"https:\/\/www.cgt.fr\/actualites\/france\/mobilisation-legislation\/budget-les-sacrifices-pour-le-monde-du-travail-ca-suffit\"><b>petitorio<\/b><\/a><\/span><b> califican a las medidas como \u201cbrutales, injustas e ineficaces\u201d<\/b><span style=\"font-weight: 400;\">.<\/span><\/p>\n<p><span style=\"font-weight: 400;\">\n    <style>\n        .bloque-nota-relacionada {\n            display: flex;\n            flex-wrap: wrap;\n            gap: 20px;\n            padding: 24px;\n            background: #ffffff;\n            border-radius: 12px;\n            box-shadow: 0 12px 28px rgba(0,0,0,0.15);\n            margin: 40px 0;\n            align-items: flex-start;\n        }\n        .bloque-nota-img {\n            flex: 0 0 260px;\n            max-width: 100%;\n        }\n        .bloque-nota-img img {\n            width: 100%;\n            height: auto;\n            border-radius: 10px;\n            object-fit: cover;\n        }\n        .bloque-nota-contenido {\n            flex: 1 1 300px;\n        }\n        .bloque-nota-contenido a {\n            font-size: 21px;\n            font-weight: 600;\n            color: #111;\n            text-decoration: none;\n            line-height: 1.4;\n            display: block;\n            margin-bottom: 10px;\n        }\n        .bloque-nota-contenido p {\n            font-size: 15px;\n            color: #555;\n            line-height: 1.6;\n            margin: 0;\n        }\n        @media (max-width: 600px) {\n            .bloque-nota-relacionada {\n                flex-direction: column;\n                padding: 20px;\n            }\n            .bloque-nota-img {\n                flex: none;\n                width: 100%;\n            }\n            .bloque-nota-contenido {\n                flex: none;\n                width: 100%;\n            }\n        }\n    <\/style>\n\n    <div class=\"bloque-nota-relacionada\">\n        <div class=\"bloque-nota-img\">\n            <img decoding=\"async\" src=\"https:\/\/tribunavm.com.ar\/wp-content\/uploads\/2024\/02\/Portada-Stoltenberg-1024x683.jpg\" alt=\"La OTAN pide aumentar el gasto militar\">\n        <\/div>\n        <div class=\"bloque-nota-contenido\">\n            <a href=\"https:\/\/tribunavm.com.ar\/index.php\/2024\/02\/19\/la-otan-pide-aumentar-el-gasto-militar\/\">La OTAN pide aumentar el gasto militar<\/a>\n            <p>Un informe del Instituto de Estudios Estrat\u00e9gicos inform\u00f3 que el gasto militar mundial aument\u00f3 un 9% en 2023 alcanzando una cifra r\u00e9cord. El pasado 14 de febrero, el secretario general de la OTAN, Jens Stoltenberg, anunci\u00f3 durante la reuni\u00f3n del Grupo de Contacto de Apoyo a Ucrania en Bruselas un aumento del presupuesto de gasto [&hellip;]<\/p>\n        <\/div>\n    <\/div><\/span><span style=\"font-weight: 400;\">\u00a0<\/span><\/p>\n<p><span style=\"font-weight: 400;\">Adem\u00e1s de que <\/span><b>el anuncio genera que \u201clos trabajadores, los precarios, los jubilados y los enfermos paguen<\/b><span style=\"font-weight: 400;\">\u201d, mientras que las empresas \u201csiguen recibiendo 211.000 millones de euros en ayudas p\u00fablicas cada a\u00f1o\u201d adem\u00e1s de tener \u201cdividendos r\u00e9cord\u201d.<\/span><\/p>\n<p><span style=\"font-weight: 400;\">\u201cTodas las organizaciones sindicales exigimos el rechazo a este museo de los horrores y la defensa conjunta de nuestro modelo social y la dignidad laboral. Esperamos un proyecto respetuoso con el pa\u00eds que traiga esperanza y justicia\u201d, sentenciaron. <\/span><\/p>\n<\/div>\n<\/div>\n","protected":false},"excerpt":{"rendered":"<p>Macron anunci\u00f3 un incremento en el presupuesto de Defensa. Mientras que el primer ministro, Fran\u00e7ois Bayrou, dijo que van a realizar un ajuste a los servicios sociales y empleos p\u00fablicos.<\/p>\n","protected":false},"author":2,"featured_media":13509,"comment_status":"open","ping_status":"open","sticky":false,"template":"","format":"standard","meta":{"_exactmetrics_skip_tracking":false,"_exactmetrics_sitenote_active":false,"_exactmetrics_sitenote_note":"","_exactmetrics_sitenote_category":0,"jnews-multi-image_gallery":[],"jnews_single_post":{"format":"standard","override":[{"template":"5","parallax":"1","fullscreen":"1","layout":"right-sidebar","sidebar":"default-sidebar","second_sidebar":"default-sidebar","sticky_sidebar":"1","share_position":"hide","share_float_style":"share-monocrhome","show_featured":"1","show_post_meta":"1","show_post_author_image":"1","show_post_date":"1","post_date_format":"custom","post_date_format_custom":"d-m-Y","show_post_category":"1","post_reading_time_wpm":"300","post_calculate_word_method":"count_blank","show_zoom_button":"0","zoom_button_out_step":"2","zoom_button_in_step":"3","show_post_tag":"1","number_popup_post":"1","show_author_box":"0","show_post_related":"1"}],"image_override":[{"single_post_thumbnail_size":"crop-500","single_post_gallery_size":"crop-500"}],"trending_post_position":"meta","trending_post_label":"Trending","sponsored_post_label":"Sponsored by","disable_ad":"0"},"jnews_primary_category":[],"jnews_social_meta":[],"jnews_override_counter":{"view_counter_number":"0","share_counter_number":"0","like_counter_number":"0","dislike_counter_number":"0"},"_joinchat":[],"footnotes":""},"categories":[276],"tags":[420],"class_list":["post-13507","post","type-post","status-publish","format-standard","has-post-thumbnail","hentry","category-internacional","tag-francia"],"_links":{"self":[{"href":"https:\/\/tribunavm.com.ar\/index.php\/wp-json\/wp\/v2\/posts\/13507"}],"collection":[{"href":"https:\/\/tribunavm.com.ar\/index.php\/wp-json\/wp\/v2\/posts"}],"about":[{"href":"https:\/\/tribunavm.com.ar\/index.php\/wp-json\/wp\/v2\/types\/post"}],"author":[{"embeddable":true,"href":"https:\/\/tribunavm.com.ar\/index.php\/wp-json\/wp\/v2\/users\/2"}],"replies":[{"embeddable":true,"href":"https:\/\/tribunavm.com.ar\/index.php\/wp-json\/wp\/v2\/comments?post=13507"}],"version-history":[{"count":4,"href":"https:\/\/tribunavm.com.ar\/index.php\/wp-json\/wp\/v2\/posts\/13507\/revisions"}],"predecessor-version":[{"id":13513,"href":"https:\/\/tribunavm.com.ar\/index.php\/wp-json\/wp\/v2\/posts\/13507\/revisions\/13513"}],"wp:featuredmedia":[{"embeddable":true,"href":"https:\/\/tribunavm.com.ar\/index.php\/wp-json\/wp\/v2\/media\/13509"}],"wp:attachment":[{"href":"https:\/\/tribunavm.com.ar\/index.php\/wp-json\/wp\/v2\/media?parent=13507"}],"wp:term":[{"taxonomy":"category","embeddable":true,"href":"https:\/\/tribunavm.com.ar\/index.php\/wp-json\/wp\/v2\/categories?post=13507"},{"taxonomy":"post_tag","embeddable":true,"href":"https:\/\/tribunavm.com.ar\/index.php\/wp-json\/wp\/v2\/tags?post=13507"}],"curies":[{"name":"wp","href":"https:\/\/api.w.org\/{rel}","templated":true}]}}