{"id":13521,"date":"2025-07-28T00:37:07","date_gmt":"2025-07-28T00:37:07","guid":{"rendered":"https:\/\/tribunavm.com.ar\/?p=13521"},"modified":"2025-07-26T18:55:44","modified_gmt":"2025-07-26T18:55:44","slug":"trump-busca-imponer-su-ley-en-brasil","status":"publish","type":"post","link":"https:\/\/tribunavm.com.ar\/index.php\/2025\/07\/28\/trump-busca-imponer-su-ley-en-brasil\/","title":{"rendered":"Trump busca imponer su ley en Brasil"},"content":{"rendered":"<div class=\"row clearfix\">\n<div class=\"col-md-8\">\n<div class=\"intro-text\">\n<p>El presidente norteamericano anunci\u00f3 aranceles del 50% a productos brasile\u00f1os por el proceso judicial contra el expresidente Jair Bolsonaro. Lula advirti\u00f3 que tomar\u00e1n medidas rec\u00edprocas.<\/p>\n<\/div>\n<p><span style=\"font-weight: 400;\"><span class=\"dropcap \" style=\"background-color: #ffffff; color: #dd9933; border-color: #ffffff;\">E<\/span>l presidente de Estados Unidos, Donald Trump public\u00f3 en su red Truth Social, una carta dirigida al gobierno de Lula Da Silva en la cual <\/span><b>anuncia una suba del 50%<\/b><span style=\"font-weight: 400;\"> a la importaci\u00f3n de productos brasile\u00f1os que comenzar\u00e1 a implementarse a partir del 1 de agosto.<\/span><\/p>\n<p><span style=\"font-weight: 400;\">En la carta el mandatario estadounidense<\/span><b> justific\u00f3 la medida refiri\u00e9ndose al juicio contra el ex-presidente brasile\u00f1o Jair Bolsonaro como \u201cuna desgracia internacional\u201d<\/b><span style=\"font-weight: 400;\">. \u201cNo deber\u00eda estar ocurriendo. Es una caza de brujas que debe terminar inmediatamente\u201d, aleg\u00f3 Trump.\u00a0<\/span><\/p>\n<p><span style=\"font-weight: 400;\">Por su parte, el presidente brasile\u00f1o Lula da Silva, en una entrevista en CNN dijo que estaba dispuesto a negociar con EE.UU. para evitar esta suba, pero reclam\u00f3 que la Casa Blanca ignor\u00f3 las cartas que su gobierno envi\u00f3 planteando una discusi\u00f3n sobre las relaciones comerciales.<\/span><\/p>\n<figure id=\"attachment_13524\" aria-describedby=\"caption-attachment-13524\" style=\"width: 767px\" class=\"wp-caption alignnone\"><img loading=\"lazy\" decoding=\"async\" class=\"size-full wp-image-13524\" src=\"https:\/\/tribunavm.com.ar\/wp-content\/uploads\/2025\/07\/jair-bolsonaro-muestra-su-tobillera-electronica-foto-cortesiafolha-LMSRQBL3PNCWPCGAY6NH2WBO5Q.png\" alt=\"\" width=\"767\" height=\"431\" srcset=\"https:\/\/tribunavm.com.ar\/wp-content\/uploads\/2025\/07\/jair-bolsonaro-muestra-su-tobillera-electronica-foto-cortesiafolha-LMSRQBL3PNCWPCGAY6NH2WBO5Q.png 767w, https:\/\/tribunavm.com.ar\/wp-content\/uploads\/2025\/07\/jair-bolsonaro-muestra-su-tobillera-electronica-foto-cortesiafolha-LMSRQBL3PNCWPCGAY6NH2WBO5Q-300x169.png 300w, https:\/\/tribunavm.com.ar\/wp-content\/uploads\/2025\/07\/jair-bolsonaro-muestra-su-tobillera-electronica-foto-cortesiafolha-LMSRQBL3PNCWPCGAY6NH2WBO5Q-750x421.png 750w\" sizes=\"(max-width: 767px) 100vw, 767px\" \/><figcaption id=\"caption-attachment-13524\" class=\"wp-caption-text\">El expresidente Jair Bolsonaro mostr\u00f3 su tobillera electr\u00f3nica afuera del Congreso.<\/figcaption><\/figure>\n<p><span style=\"font-weight: 400;\">\u201cLo \u00fanico que le pido al Gobierno de Estados Unidos es que respete al pueblo brasile\u00f1o as\u00ed como respetamos a su pueblo\u201d, enfatiz\u00f3 Lula, quien adem\u00e1s subray\u00f3 que &#8220;no ser\u00e1 un gringo el que le d\u00e9 \u00f3rdenes&#8221; a Brasil y que su pa\u00eds \u201cdefiende su soberan\u00eda\u201d.<\/span><\/p>\n<p><span style=\"font-weight: 400;\">Adem\u00e1s, Lula realiz\u00f3 una <\/span><a href=\"https:\/\/www.instagram.com\/p\/DL56GHVuab_\/?utm_source=ig_embed&amp;ig_rid=2546e955-4992-4c18-8a03-4ae1ace097b1&amp;img_index=1\"><span style=\"font-weight: 400;\"><span style=\"color: #ff9900;\">publicaci\u00f3n<\/span> <\/span><\/a><span style=\"font-weight: 400;\">en Instagram en la que declar\u00f3 que \u201c<\/span><b>cualquier aumento arancelario unilateral se regir\u00e1 por la Ley de Reciprocidad Econ\u00f3mica de Brasil<\/b><span style=\"font-weight: 400;\">\u201d.\u00a0<\/span><\/p>\n<p><span style=\"font-weight: 400;\">\n    <style>\n        .bloque-nota-relacionada {\n            display: flex;\n            flex-wrap: wrap;\n            gap: 20px;\n            padding: 24px;\n            background: #ffffff;\n            border-radius: 12px;\n            box-shadow: 0 12px 28px rgba(0,0,0,0.15);\n            margin: 40px 0;\n            align-items: flex-start;\n        }\n        .bloque-nota-img {\n            flex: 0 0 260px;\n            max-width: 100%;\n        }\n        .bloque-nota-img img {\n            width: 100%;\n            height: auto;\n            border-radius: 10px;\n            object-fit: cover;\n        }\n        .bloque-nota-contenido {\n            flex: 1 1 300px;\n        }\n        .bloque-nota-contenido a {\n            font-size: 21px;\n            font-weight: 600;\n            color: #111;\n            text-decoration: none;\n            line-height: 1.4;\n            display: block;\n            margin-bottom: 10px;\n        }\n        .bloque-nota-contenido p {\n            font-size: 15px;\n            color: #555;\n            line-height: 1.6;\n            margin: 0;\n        }\n        @media (max-width: 600px) {\n            .bloque-nota-relacionada {\n                flex-direction: column;\n                padding: 20px;\n            }\n            .bloque-nota-img {\n                flex: none;\n                width: 100%;\n            }\n            .bloque-nota-contenido {\n                flex: none;\n                width: 100%;\n            }\n        }\n    <\/style>\n\n    <div class=\"bloque-nota-relacionada\">\n        <div class=\"bloque-nota-img\">\n            <img decoding=\"async\" src=\"https:\/\/tribunavm.com.ar\/wp-content\/uploads\/2025\/04\/zoom_grises_lento-e1744026486967-1024x561.gif\" alt=\"La lucha por retomar el liderazgo global\">\n        <\/div>\n        <div class=\"bloque-nota-contenido\">\n            <a href=\"https:\/\/tribunavm.com.ar\/index.php\/2025\/04\/07\/la-lucha-por-retomar-el-liderazgo-global\/\">La lucha por retomar el liderazgo global<\/a>\n            <p>Trump impuso aranceles a importaciones de m\u00e1s de 190 pa\u00edses impactando en la cotizaci\u00f3n del d\u00f3lar, los \u00edndices de las principales bolsas de valores y las acciones de las grandes empresas.<\/p>\n        <\/div>\n    <\/div><\/span><\/p>\n<p><span style=\"font-weight: 400;\">Esta ley, reglamentada el lunes 14 de julio por el presidente brasile\u00f1o, establece criterios en respuesta a medidas unilaterales adoptadas por un pa\u00eds o bloque econ\u00f3mico que afecten la competitividad internacional de Brasil.<\/span><\/p>\n<p><span style=\"font-weight: 400;\">&#8220;Usaremos todos los instrumentos legales para defender nuestra econom\u00eda inclusive recursos de la Organizaci\u00f3n Mundial de Comercio&#8221;, declar\u00f3 el mandatario. Y reiter\u00f3 que &#8220;no hay ganadores en una guerra comercial&#8221;.<\/span><\/p>\n<p><span style=\"font-weight: 400;\">Sobre el juicio al ex presidente, dijo que \u201cla Justicia en Brasil es independiente y, si Bolsonaro fuera declarado culpable, va a ir a la c\u00e1rcel\u201d.<\/span><\/p>\n<\/div>\n<\/div>\n","protected":false},"excerpt":{"rendered":"<p>El presidente norteamericano anunci\u00f3 aranceles del 50% a productos brasile\u00f1os por el proceso judicial contra el expresidente Jair Bolsonaro. Lula advirti\u00f3 que tomar\u00e1n medidas rec\u00edprocas.<\/p>\n","protected":false},"author":2,"featured_media":13523,"comment_status":"open","ping_status":"open","sticky":false,"template":"","format":"standard","meta":{"_exactmetrics_skip_tracking":false,"_exactmetrics_sitenote_active":false,"_exactmetrics_sitenote_note":"","_exactmetrics_sitenote_category":0,"jnews-multi-image_gallery":[],"jnews_single_post":[],"jnews_primary_category":[],"jnews_social_meta":[],"jnews_override_counter":[],"_joinchat":[],"footnotes":""},"categories":[277],"tags":[377,198],"class_list":["post-13521","post","type-post","status-publish","format-standard","has-post-thumbnail","hentry","category-latinoamerica","tag-brasil","tag-eeuu"],"_links":{"self":[{"href":"https:\/\/tribunavm.com.ar\/index.php\/wp-json\/wp\/v2\/posts\/13521"}],"collection":[{"href":"https:\/\/tribunavm.com.ar\/index.php\/wp-json\/wp\/v2\/posts"}],"about":[{"href":"https:\/\/tribunavm.com.ar\/index.php\/wp-json\/wp\/v2\/types\/post"}],"author":[{"embeddable":true,"href":"https:\/\/tribunavm.com.ar\/index.php\/wp-json\/wp\/v2\/users\/2"}],"replies":[{"embeddable":true,"href":"https:\/\/tribunavm.com.ar\/index.php\/wp-json\/wp\/v2\/comments?post=13521"}],"version-history":[{"count":2,"href":"https:\/\/tribunavm.com.ar\/index.php\/wp-json\/wp\/v2\/posts\/13521\/revisions"}],"predecessor-version":[{"id":13526,"href":"https:\/\/tribunavm.com.ar\/index.php\/wp-json\/wp\/v2\/posts\/13521\/revisions\/13526"}],"wp:featuredmedia":[{"embeddable":true,"href":"https:\/\/tribunavm.com.ar\/index.php\/wp-json\/wp\/v2\/media\/13523"}],"wp:attachment":[{"href":"https:\/\/tribunavm.com.ar\/index.php\/wp-json\/wp\/v2\/media?parent=13521"}],"wp:term":[{"taxonomy":"category","embeddable":true,"href":"https:\/\/tribunavm.com.ar\/index.php\/wp-json\/wp\/v2\/categories?post=13521"},{"taxonomy":"post_tag","embeddable":true,"href":"https:\/\/tribunavm.com.ar\/index.php\/wp-json\/wp\/v2\/tags?post=13521"}],"curies":[{"name":"wp","href":"https:\/\/api.w.org\/{rel}","templated":true}]}}