{"id":13607,"date":"2025-08-11T00:55:08","date_gmt":"2025-08-11T00:55:08","guid":{"rendered":"https:\/\/tribunavm.com.ar\/?p=13607"},"modified":"2025-08-09T13:12:33","modified_gmt":"2025-08-09T13:12:33","slug":"los-derechos-no-se-vetan","status":"publish","type":"post","link":"https:\/\/tribunavm.com.ar\/index.php\/2025\/08\/11\/los-derechos-no-se-vetan\/","title":{"rendered":"\u201cLos derechos no se vetan\u201d"},"content":{"rendered":"<div class=\"row clearfix\">\n<div class=\"col-md-8\">\n<p><span style=\"color: #212121; font-size: 1.5em; letter-spacing: -0.01em;\">Villa Maria se sum\u00f3 a las movilizaciones a nivel nacional contra el veto del presidente a la Ley de Emergencia en discapacidad.<\/span><\/p>\n<p><span style=\"font-weight: 400;\"><span class=\"dropcap \" style=\"background-color: #ffffff; color: #dd9933; border-color: #ffffff;\">E<\/span>l pasado martes, una amplia convocatoria se hizo presente alrededor de la Plaza Centenario en<\/span><b> rechazo al veto presidencial a las leyes aprobadas por el Senado que preve\u00edan la declaraci\u00f3n de emergencia en discapacidad, un aumento a las jubilaciones, y una moratoria previsional<\/b><span style=\"font-weight: 400;\">.<\/span><\/p>\n<p><span style=\"font-weight: 400;\">Fundaciones, instituciones, prestadoras, jubilados, familiares, profesionales de salud, transportistas y vecinos de la ciudad se concentraron en horas del mediod\u00eda y pidieron a los legisladores nacionales \u201cque mantengan el voto para que se declare la Emergencia en discapacidad\u201d.<\/span><\/p>\n<p><span style=\"font-weight: 400;\">La psicopedagoga e integrante de <\/span><b>Hablemos de Autismo, Virginia Genne<\/b><span style=\"font-weight: 400;\">, ley\u00f3 un documento por el cual advirti\u00f3 que la sanci\u00f3n de la ley \u201chubiera permitido garantizar el acceso a prestaciones esenciales de salud, educaci\u00f3n, transporte, y apoyo para una vida independiente\u201d.<\/span><\/p>\n<p><b>\u201cLos derechos no pueden depender del humor de los mercados, los derechos no se recortan\u201d<\/b><span style=\"font-weight: 400;\">, a\u00f1adi\u00f3.<\/span><\/p>\n<figure id=\"attachment_13608\" aria-describedby=\"caption-attachment-13608\" style=\"width: 770px\" class=\"wp-caption alignnone\"><img loading=\"lazy\" decoding=\"async\" class=\"size-large wp-image-13608\" src=\"https:\/\/tribunavm.com.ar\/wp-content\/uploads\/2025\/08\/interior-2-770x1024.jpeg\" alt=\"\" width=\"770\" height=\"1024\" srcset=\"https:\/\/tribunavm.com.ar\/wp-content\/uploads\/2025\/08\/interior-2-770x1024.jpeg 770w, https:\/\/tribunavm.com.ar\/wp-content\/uploads\/2025\/08\/interior-2-226x300.jpeg 226w, https:\/\/tribunavm.com.ar\/wp-content\/uploads\/2025\/08\/interior-2-768x1021.jpeg 768w, https:\/\/tribunavm.com.ar\/wp-content\/uploads\/2025\/08\/interior-2-750x997.jpeg 750w, https:\/\/tribunavm.com.ar\/wp-content\/uploads\/2025\/08\/interior-2.jpeg 963w\" sizes=\"(max-width: 770px) 100vw, 770px\" \/><figcaption id=\"caption-attachment-13608\" class=\"wp-caption-text\">\u201cNadie se salva solo\u201d cartel expuesto en la movilizaci\u00f3n local.<\/figcaption><\/figure>\n<p><span style=\"font-weight: 400;\">Genne tambi\u00e9n coment\u00f3 a Tribuna que \u201cexisten entre 26 y 30 espacios terap\u00e9uticos en Villa Mar\u00eda que no solo atienden a gente local, sino tambi\u00e9n de la zona, que<\/span><b> corren el riesgo de no poder abrir las puertas el a\u00f1o que viene<\/b><span style=\"font-weight: 400;\">\u201d.<\/span><\/p>\n<p><span style=\"font-weight: 400;\">Por otra parte, la kinesiologa, <\/span><b>Maria Morales, integrante de Instituto de Neurociencias del Desarrollo Integral (INEDI)<\/b><span style=\"font-weight: 400;\">, coment\u00f3 a Tribuna que debido al recorte en obras sociales \u201clos pacientes han visto recortadas sus terapias, muchos de ellos requieren una complejidad y una cantidad de terapias para poder mantener su condici\u00f3n, o para mejorar\u201d.<\/span><\/p>\n<p><span style=\"font-weight: 400;\">\n    <style>\n        .bloque-nota-relacionada {\n            display: flex;\n            flex-wrap: wrap;\n            gap: 20px;\n            padding: 24px;\n            background: #ffffff;\n            border-radius: 12px;\n            box-shadow: 0 12px 28px rgba(0,0,0,0.15);\n            margin: 40px 0;\n            align-items: flex-start;\n        }\n        .bloque-nota-img {\n            flex: 0 0 260px;\n            max-width: 100%;\n        }\n        .bloque-nota-img img {\n            width: 100%;\n            height: auto;\n            border-radius: 10px;\n            object-fit: cover;\n        }\n        .bloque-nota-contenido {\n            flex: 1 1 300px;\n        }\n        .bloque-nota-contenido a {\n            font-size: 21px;\n            font-weight: 600;\n            color: #111;\n            text-decoration: none;\n            line-height: 1.4;\n            display: block;\n            margin-bottom: 10px;\n        }\n        .bloque-nota-contenido p {\n            font-size: 15px;\n            color: #555;\n            line-height: 1.6;\n            margin: 0;\n        }\n        @media (max-width: 600px) {\n            .bloque-nota-relacionada {\n                flex-direction: column;\n                padding: 20px;\n            }\n            .bloque-nota-img {\n                flex: none;\n                width: 100%;\n            }\n            .bloque-nota-contenido {\n                flex: none;\n                width: 100%;\n            }\n        }\n    <\/style>\n\n    <div class=\"bloque-nota-relacionada\">\n        <div class=\"bloque-nota-img\">\n            <img decoding=\"async\" src=\"https:\/\/tribunavm.com.ar\/wp-content\/uploads\/2025\/05\/Portada-2-e1748714566245-1024x553.png\" alt=\"Discapacidad en emergencia\">\n        <\/div>\n        <div class=\"bloque-nota-contenido\">\n            <a href=\"https:\/\/tribunavm.com.ar\/index.php\/2025\/06\/02\/exigen-la-sancion-de-la-ley-de-emergencia-en-discapacidad\/\">Discapacidad en emergencia<\/a>\n            <p>Villa Maria se sum\u00f3 a los reclamos que se dieron a nivel nacional por retrasos en coberturas de tratamientos en salud.<\/p>\n        <\/div>\n    <\/div><\/span><\/p>\n<p><span style=\"font-weight: 400;\">En cuanto a los profesionales de salud, Morales comenta que \u201cnos vemos afectados en cuanto a los aranceles, que el a\u00f1o pasado tuvieron un aumento m\u00ednimo y ya este a\u00f1o no hubo\u201d.<\/span><\/p>\n<p><span style=\"font-weight: 400;\">La ley, impulsada por sectores de la oposici\u00f3n y organizaciones sociales, hab\u00eda sido aprobada el 5 de junio en Diputados por 149 votos a favor, 71 en contra y 3 abstenciones. La misma apunta a garantizar derechos y servicios esenciales para las personas con discapacidad, en un contexto de recortes y demoras en los pagos.<\/span><\/p>\n<p><span style=\"color: #ff9900;\"><b>Grito nacional<\/b><\/span><\/p>\n<p><span style=\"font-weight: 400;\">La movilizaci\u00f3n, organizada por el Foro Permanente por la Promoci\u00f3n y la Defensa de las Personas con Discapacidad, se replic\u00f3 en diferentes puntos del pa\u00eds, con epicentro frente al Congreso Nacional.<\/span><\/p>\n<figure id=\"attachment_13609\" aria-describedby=\"caption-attachment-13609\" style=\"width: 768px\" class=\"wp-caption alignnone\"><img loading=\"lazy\" decoding=\"async\" class=\"wp-image-13609 size-full\" src=\"https:\/\/tribunavm.com.ar\/wp-content\/uploads\/2025\/08\/fuerte-presencia-de-la-gendarmeria-en-la-marcha-I5ADKJNXLJDP5PFMCJLSW2TQJQ.jpg\" alt=\"\" width=\"768\" height=\"512\" srcset=\"https:\/\/tribunavm.com.ar\/wp-content\/uploads\/2025\/08\/fuerte-presencia-de-la-gendarmeria-en-la-marcha-I5ADKJNXLJDP5PFMCJLSW2TQJQ.jpg 768w, https:\/\/tribunavm.com.ar\/wp-content\/uploads\/2025\/08\/fuerte-presencia-de-la-gendarmeria-en-la-marcha-I5ADKJNXLJDP5PFMCJLSW2TQJQ-300x200.jpg 300w, https:\/\/tribunavm.com.ar\/wp-content\/uploads\/2025\/08\/fuerte-presencia-de-la-gendarmeria-en-la-marcha-I5ADKJNXLJDP5PFMCJLSW2TQJQ-750x500.jpg 750w\" sizes=\"(max-width: 768px) 100vw, 768px\" \/><figcaption id=\"caption-attachment-13609\" class=\"wp-caption-text\">Operativo frente al Congreso, en Capital Federal. FOTO: Ricardo Pristupluk.<\/figcaption><\/figure>\n<p><span style=\"font-weight: 400;\">La Polic\u00eda Federal Argentina y Gendarmer\u00eda Nacional activaron el protocolo antipiquetes\u00a0 reprimiendo a los manifestantes. <\/span><span style=\"font-weight: 400;\">Algunos de los presentes, muchos de ellos padres de personas con discapacidad, se enfrentaron con los efectivos de seguridad.<\/span><\/p>\n<p><span style=\"font-weight: 400;\">Adem\u00e1s, la movilizaci\u00f3n tambi\u00e9n se replic\u00f3 en ciudades del interior, particularmente en nuestra regi\u00f3n en R\u00edo Cuarto y C\u00f3rdoba.<\/span><\/p>\n<p><span style=\"font-weight: 400;\">Desde el gobierno aseguran que la iniciativa fue vetada por el mandatario para preservar un \u201cequilibrio fiscal inquebrantable\u201d. Sin embargo, el gasto que implicaba la norma no supera el 1% del Producto Bruto Interno (PBI).<\/span><\/p>\n<\/div>\n<\/div>\n","protected":false},"excerpt":{"rendered":"<p>Villa Maria se sum\u00f3 a las movilizaciones a nivel nacional contra el veto del presidente a la Ley de Emergencia en discapacidad.<\/p>\n","protected":false},"author":2,"featured_media":13610,"comment_status":"open","ping_status":"open","sticky":false,"template":"","format":"standard","meta":{"_exactmetrics_skip_tracking":false,"_exactmetrics_sitenote_active":false,"_exactmetrics_sitenote_note":"","_exactmetrics_sitenote_category":0,"jnews-multi-image_gallery":[],"jnews_single_post":[],"jnews_primary_category":[],"jnews_social_meta":[],"jnews_override_counter":[],"_joinchat":[],"footnotes":""},"categories":[22],"tags":[68],"class_list":["post-13607","post","type-post","status-publish","format-standard","has-post-thumbnail","hentry","category-actualidad","tag-salud"],"_links":{"self":[{"href":"https:\/\/tribunavm.com.ar\/index.php\/wp-json\/wp\/v2\/posts\/13607"}],"collection":[{"href":"https:\/\/tribunavm.com.ar\/index.php\/wp-json\/wp\/v2\/posts"}],"about":[{"href":"https:\/\/tribunavm.com.ar\/index.php\/wp-json\/wp\/v2\/types\/post"}],"author":[{"embeddable":true,"href":"https:\/\/tribunavm.com.ar\/index.php\/wp-json\/wp\/v2\/users\/2"}],"replies":[{"embeddable":true,"href":"https:\/\/tribunavm.com.ar\/index.php\/wp-json\/wp\/v2\/comments?post=13607"}],"version-history":[{"count":3,"href":"https:\/\/tribunavm.com.ar\/index.php\/wp-json\/wp\/v2\/posts\/13607\/revisions"}],"predecessor-version":[{"id":13613,"href":"https:\/\/tribunavm.com.ar\/index.php\/wp-json\/wp\/v2\/posts\/13607\/revisions\/13613"}],"wp:featuredmedia":[{"embeddable":true,"href":"https:\/\/tribunavm.com.ar\/index.php\/wp-json\/wp\/v2\/media\/13610"}],"wp:attachment":[{"href":"https:\/\/tribunavm.com.ar\/index.php\/wp-json\/wp\/v2\/media?parent=13607"}],"wp:term":[{"taxonomy":"category","embeddable":true,"href":"https:\/\/tribunavm.com.ar\/index.php\/wp-json\/wp\/v2\/categories?post=13607"},{"taxonomy":"post_tag","embeddable":true,"href":"https:\/\/tribunavm.com.ar\/index.php\/wp-json\/wp\/v2\/tags?post=13607"}],"curies":[{"name":"wp","href":"https:\/\/api.w.org\/{rel}","templated":true}]}}