{"id":13615,"date":"2025-08-11T00:13:40","date_gmt":"2025-08-11T00:13:40","guid":{"rendered":"https:\/\/tribunavm.com.ar\/?p=13615"},"modified":"2025-08-09T13:24:34","modified_gmt":"2025-08-09T13:24:34","slug":"con-la-mirada-puesta-en-la-vigilancia","status":"publish","type":"post","link":"https:\/\/tribunavm.com.ar\/index.php\/2025\/08\/11\/con-la-mirada-puesta-en-la-vigilancia\/","title":{"rendered":"Con la mirada puesta en la vigilancia"},"content":{"rendered":"<div class=\"row clearfix\">\n<div class=\"col-md-8\">\n<p><span style=\"color: #212121; font-size: 1.5em; letter-spacing: -0.01em;\">La municipalidad anunci\u00f3 el lanzamiento de sistemas de seguridad que permiten cruzar videos e inteligencia artificial con la base de datos de la polic\u00eda.<\/span><\/p>\n<p><span style=\"font-weight: 400;\"><span class=\"dropcap \" style=\"background-color: #ffffff; color: #dd9933; border-color: #ffffff;\">E<\/span>l intendente Eduardo Accastello y el secretario de Seguridad de la Provincia, \u00c1ngel Bevilacqua, anunciaron la implementaci\u00f3n de <\/span><b>\u201cRed Vig\u00eda\u201d, un nuevo sistema de videovigilancia basado en Inteligencia Artificial (IA)<\/b><span style=\"font-weight: 400;\">.<\/span><\/p>\n<p><span style=\"font-weight: 400;\">Villa Mar\u00eda ser\u00e1 la segunda ciudad, despu\u00e9s de C\u00f3rdoba, en implementar esta red que contiene algoritmos para el reconocimiento facial y el cruce de informaci\u00f3n las 24hs con la base de datos de la polic\u00eda provincial y federal.<\/span><\/p>\n<p><span style=\"font-weight: 400;\">\u201cNos permitir\u00e1 controlar rostros, patentes y, a partir de la base de datos que tiene la Polic\u00eda de la Provincia y las dem\u00e1s fuerzas federales, identificar a las personas que puedan estar por cometer un delito o en una situaci\u00f3n previa\u201d, afirm\u00f3 el intendente.<\/span><\/p>\n<p><span style=\"font-weight: 400;\">\n    <style>\n        .bloque-nota-relacionada {\n            display: flex;\n            flex-wrap: wrap;\n            gap: 20px;\n            padding: 24px;\n            background: #ffffff;\n            border-radius: 12px;\n            box-shadow: 0 12px 28px rgba(0,0,0,0.15);\n            margin: 40px 0;\n            align-items: flex-start;\n        }\n        .bloque-nota-img {\n            flex: 0 0 260px;\n            max-width: 100%;\n        }\n        .bloque-nota-img img {\n            width: 100%;\n            height: auto;\n            border-radius: 10px;\n            object-fit: cover;\n        }\n        .bloque-nota-contenido {\n            flex: 1 1 300px;\n        }\n        .bloque-nota-contenido a {\n            font-size: 21px;\n            font-weight: 600;\n            color: #111;\n            text-decoration: none;\n            line-height: 1.4;\n            display: block;\n            margin-bottom: 10px;\n        }\n        .bloque-nota-contenido p {\n            font-size: 15px;\n            color: #555;\n            line-height: 1.6;\n            margin: 0;\n        }\n        @media (max-width: 600px) {\n            .bloque-nota-relacionada {\n                flex-direction: column;\n                padding: 20px;\n            }\n            .bloque-nota-img {\n                flex: none;\n                width: 100%;\n            }\n            .bloque-nota-contenido {\n                flex: none;\n                width: 100%;\n            }\n        }\n    <\/style>\n\n    <div class=\"bloque-nota-relacionada\">\n        <div class=\"bloque-nota-img\">\n            <img decoding=\"async\" src=\"https:\/\/tribunavm.com.ar\/wp-content\/uploads\/2019\/10\/Foto-interior-1024x579.jpg\" alt=\"\u00bfSeguridad o vigilancia?\">\n        <\/div>\n        <div class=\"bloque-nota-contenido\">\n            <a href=\"https:\/\/tribunavm.com.ar\/index.php\/2019\/06\/27\/seguridad-o-vigilancia\/\">\u00bfSeguridad o vigilancia?<\/a>\n            <p>Estamos en la mira: con la incorporaci\u00f3n de 200 c\u00e1maras de \u201cmonitoreo\u201d, Villa Mar\u00eda se ha convertido en la ciudad con m\u00e1s c\u00e1maras por n\u00famero de habitantes en la provincia de C\u00f3rdoba. Desde mayo, con la inauguraci\u00f3n del Centro de Monitoreo y la disposici\u00f3n de 260 c\u00e1maras de v\u00eddeo-vigilancia distribuidas en 242 puntos de la [&hellip;]<\/p>\n        <\/div>\n    <\/div><\/span><\/p>\n<p><span style=\"font-weight: 400;\">Adem\u00e1s, el sistema busca que negocios, estaciones de servicio, supermercados, parques industriales y otros espacios sumen sus c\u00e1maras al Centro de Monitoreo local, que ya cuenta con 440 dispositivos activos y se estiman llegar a los 1000.\u00a0<\/span><\/p>\n<p><span style=\"font-weight: 400;\">Andr\u00e9s Cambronero, director general de Tecnolog\u00eda de la Polic\u00eda, explic\u00f3 que el modelo se basa en experiencias de videovigilancia implementadas en Estados Unidos.<\/span><\/p>\n<figure id=\"attachment_13616\" aria-describedby=\"caption-attachment-13616\" style=\"width: 800px\" class=\"wp-caption alignnone\"><img loading=\"lazy\" decoding=\"async\" class=\"size-full wp-image-13616\" src=\"https:\/\/tribunavm.com.ar\/wp-content\/uploads\/2025\/08\/reunion-MUNI-SEGURIDAD.jpeg\" alt=\"\" width=\"800\" height=\"600\" srcset=\"https:\/\/tribunavm.com.ar\/wp-content\/uploads\/2025\/08\/reunion-MUNI-SEGURIDAD.jpeg 800w, https:\/\/tribunavm.com.ar\/wp-content\/uploads\/2025\/08\/reunion-MUNI-SEGURIDAD-300x225.jpeg 300w, https:\/\/tribunavm.com.ar\/wp-content\/uploads\/2025\/08\/reunion-MUNI-SEGURIDAD-768x576.jpeg 768w, https:\/\/tribunavm.com.ar\/wp-content\/uploads\/2025\/08\/reunion-MUNI-SEGURIDAD-750x563.jpeg 750w\" sizes=\"(max-width: 800px) 100vw, 800px\" \/><figcaption id=\"caption-attachment-13616\" class=\"wp-caption-text\">Reuni\u00f3n en el Sal\u00f3n Blanco del Palacio Municipal entre funcionarios de gobierno y autoridades de las fuerzas policiales.<\/figcaption><\/figure>\n<p><span style=\"font-weight: 400;\">Durante la reuni\u00f3n se present\u00f3 tambi\u00e9n el<\/span><b> programa \u201cCerramiento del Departamento San Mart\u00edn\u201d<\/b><span style=\"font-weight: 400;\"> que, seg\u00fan detall\u00f3 Accastello, prev\u00e9 la <\/span><b>instalaci\u00f3n de c\u00e1maras en todos los accesos al departamento<\/b><span style=\"font-weight: 400;\">.<\/span><\/p>\n<p><span style=\"font-weight: 400;\">\n    <style>\n        .bloque-nota-relacionada {\n            display: flex;\n            flex-wrap: wrap;\n            gap: 20px;\n            padding: 24px;\n            background: #ffffff;\n            border-radius: 12px;\n            box-shadow: 0 12px 28px rgba(0,0,0,0.15);\n            margin: 40px 0;\n            align-items: flex-start;\n        }\n        .bloque-nota-img {\n            flex: 0 0 260px;\n            max-width: 100%;\n        }\n        .bloque-nota-img img {\n            width: 100%;\n            height: auto;\n            border-radius: 10px;\n            object-fit: cover;\n        }\n        .bloque-nota-contenido {\n            flex: 1 1 300px;\n        }\n        .bloque-nota-contenido a {\n            font-size: 21px;\n            font-weight: 600;\n            color: #111;\n            text-decoration: none;\n            line-height: 1.4;\n            display: block;\n            margin-bottom: 10px;\n        }\n        .bloque-nota-contenido p {\n            font-size: 15px;\n            color: #555;\n            line-height: 1.6;\n            margin: 0;\n        }\n        @media (max-width: 600px) {\n            .bloque-nota-relacionada {\n                flex-direction: column;\n                padding: 20px;\n            }\n            .bloque-nota-img {\n                flex: none;\n                width: 100%;\n            }\n            .bloque-nota-contenido {\n                flex: none;\n                width: 100%;\n            }\n        }\n    <\/style>\n\n    <div class=\"bloque-nota-relacionada\">\n        <div class=\"bloque-nota-img\">\n            <img decoding=\"async\" src=\"https:\/\/tribunavm.com.ar\/wp-content\/uploads\/2024\/09\/Portada-2.png\" alt=\"Preparen, apunten, disparen\">\n        <\/div>\n        <div class=\"bloque-nota-contenido\">\n            <a href=\"https:\/\/tribunavm.com.ar\/index.php\/2024\/09\/23\/preparen-apunten-disparen\/\">Preparen, apunten, disparen<\/a>\n            <p>El mi\u00e9rcoles pasado se realiz\u00f3 el lanzamiento de la Guardia Local en Villa Mar\u00eda encargada de la \u201cprevenci\u00f3n del delito\u201d. Se suma a las pol\u00edticas de seguridad y equipamiento de las fuerzas policiales dictadas a nivel nacional.<\/p>\n        <\/div>\n    <\/div><\/span><\/p>\n<p><span style=\"font-weight: 400;\">\u201cDesde Chaz\u00f3n hasta La Playosa, desde Tio Pujio hasta Luca, con c\u00e1maras interrelacionadas con inteligencia artificial y monitoreo permanente, nos va a permitir que las fuerzas de seguridad garanticen a los vecinos m\u00e1s seguridad\u201d, culmin\u00f3 el intendente.\u00a0<\/span><\/p>\n<p><span style=\"font-weight: 400;\">En mayo, los funcionarios provinciales Juan Pablo Quinteros (Seguridad) y Julian L\u00f3pez (Justicia y Trabajo) visitaron la Central de Monitoreo de Yonkers, en Nueva York, EE.UU.,\u00a0 \u201cpionera en el uso de inteligencia artificial aplicada a la seguridad p\u00fablica\u201d.\u00a0<\/span><\/p>\n<p><span style=\"font-weight: 400;\">A su vez, en 2024, el gobernador Llaryora firm\u00f3 un convenio con la DEA (Administraci\u00f3n de Control de Drogas) y el FBI para la formaci\u00f3n de cuerpos de \u00e9lite para la polic\u00eda.<\/span><\/p>\n<\/div>\n<div class=\"col-md-3\">\n<p>&nbsp;<\/p>\n<\/div>\n<\/div>\n","protected":false},"excerpt":{"rendered":"<p>La municipalidad anunci\u00f3 el lanzamiento de sistemas de seguridad que permiten cruzar videos e inteligencia artificial con la base de datos de la polic\u00eda.<\/p>\n","protected":false},"author":2,"featured_media":13617,"comment_status":"open","ping_status":"open","sticky":false,"template":"","format":"standard","meta":{"_exactmetrics_skip_tracking":false,"_exactmetrics_sitenote_active":false,"_exactmetrics_sitenote_note":"","_exactmetrics_sitenote_category":0,"jnews-multi-image_gallery":[],"jnews_single_post":{"format":"standard","override":[{"template":"5","parallax":"1","fullscreen":"1","layout":"right-sidebar","sidebar":"default-sidebar","second_sidebar":"default-sidebar","sticky_sidebar":"1","share_position":"hide","share_float_style":"share-monocrhome","show_featured":"1","show_post_meta":"1","show_post_author_image":"1","show_post_date":"1","post_date_format":"custom","post_date_format_custom":"d-m-Y","show_post_category":"1","post_reading_time_wpm":"300","post_calculate_word_method":"count_blank","show_zoom_button":"0","zoom_button_out_step":"2","zoom_button_in_step":"3","show_post_tag":"1","number_popup_post":"1","show_author_box":"0","show_post_related":"1"}],"image_override":[{"single_post_thumbnail_size":"crop-500","single_post_gallery_size":"crop-500"}],"trending_post_position":"meta","trending_post_label":"Trending","sponsored_post_label":"Sponsored by","disable_ad":"0"},"jnews_primary_category":[],"jnews_social_meta":[],"jnews_override_counter":{"view_counter_number":"0","share_counter_number":"0","like_counter_number":"0","dislike_counter_number":"0"},"_joinchat":[],"footnotes":""},"categories":[279,27],"tags":[198],"class_list":["post-13615","post","type-post","status-publish","format-standard","has-post-thumbnail","hentry","category-gobierno","category-local","tag-eeuu"],"_links":{"self":[{"href":"https:\/\/tribunavm.com.ar\/index.php\/wp-json\/wp\/v2\/posts\/13615"}],"collection":[{"href":"https:\/\/tribunavm.com.ar\/index.php\/wp-json\/wp\/v2\/posts"}],"about":[{"href":"https:\/\/tribunavm.com.ar\/index.php\/wp-json\/wp\/v2\/types\/post"}],"author":[{"embeddable":true,"href":"https:\/\/tribunavm.com.ar\/index.php\/wp-json\/wp\/v2\/users\/2"}],"replies":[{"embeddable":true,"href":"https:\/\/tribunavm.com.ar\/index.php\/wp-json\/wp\/v2\/comments?post=13615"}],"version-history":[{"count":2,"href":"https:\/\/tribunavm.com.ar\/index.php\/wp-json\/wp\/v2\/posts\/13615\/revisions"}],"predecessor-version":[{"id":13619,"href":"https:\/\/tribunavm.com.ar\/index.php\/wp-json\/wp\/v2\/posts\/13615\/revisions\/13619"}],"wp:featuredmedia":[{"embeddable":true,"href":"https:\/\/tribunavm.com.ar\/index.php\/wp-json\/wp\/v2\/media\/13617"}],"wp:attachment":[{"href":"https:\/\/tribunavm.com.ar\/index.php\/wp-json\/wp\/v2\/media?parent=13615"}],"wp:term":[{"taxonomy":"category","embeddable":true,"href":"https:\/\/tribunavm.com.ar\/index.php\/wp-json\/wp\/v2\/categories?post=13615"},{"taxonomy":"post_tag","embeddable":true,"href":"https:\/\/tribunavm.com.ar\/index.php\/wp-json\/wp\/v2\/tags?post=13615"}],"curies":[{"name":"wp","href":"https:\/\/api.w.org\/{rel}","templated":true}]}}