{"id":13620,"date":"2025-08-11T00:33:07","date_gmt":"2025-08-11T00:33:07","guid":{"rendered":"https:\/\/tribunavm.com.ar\/?p=13620"},"modified":"2025-08-09T13:43:27","modified_gmt":"2025-08-09T13:43:27","slug":"nuevos-aranceles-y-acuerdos-de-inversiones-para-ee-uu","status":"publish","type":"post","link":"https:\/\/tribunavm.com.ar\/index.php\/2025\/08\/11\/nuevos-aranceles-y-acuerdos-de-inversiones-para-ee-uu\/","title":{"rendered":"Nuevos aranceles y acuerdos de inversiones para EE.UU."},"content":{"rendered":"<div class=\"row clearfix\">\n<div class=\"col-md-8\">\n<p><span style=\"color: #212121; font-size: 1.5em; letter-spacing: -0.01em;\">Trump anunci\u00f3 una nueva ola de aranceles a las importaciones provenientes de 12 pa\u00edses. En paralelo, lleg\u00f3 a un acuerdo con la Uni\u00f3n Europea y extendi\u00f3 la tregua con China.<\/span><\/p>\n<p><span style=\"font-weight: 400;\"><span class=\"dropcap \" style=\"background-color: #ffffff; color: #dd9933; border-color: #ffffff;\">E<\/span>l <\/span><b>presidente de EE.UU., Donald Trump, anunci\u00f3 un nuevo esquema de aranceles a las importaciones<\/b><span style=\"font-weight: 400;\"> que modifica sustancialmente los porcentajes anunciados en abril.\u00a0<\/span><\/p>\n<p><span style=\"font-weight: 400;\">Los mayores aumentos fueron a Brasil, pasando del 10 al 50%, Suiza, del 31 al 39%, y Afganist\u00e1n, Bolivia, Costa Rica, Ecuador, Nueva Zelandia, Turqu\u00eda y Uganda, entre otros, que pasaron del 10 al 15%.<\/span><\/p>\n<p><span style=\"font-weight: 400;\">Mientras que los reduj\u00f3 a Vietnam (del 46 al 20%), Angola (del 32 al 15%), Tailandia (del 36 al 19%), Corea del Sur (del 25 al 15%), Pakist\u00e1n (del 29 al 19%) y Jap\u00f3n (del 24 al 15%), entre otros.<\/span><\/p>\n<p><b>Posteriormente, impuso un 25% adicional a India en represalia por comprar petr\u00f3leo a Rusia pasando del 25 al 50%.<\/b><span style=\"font-weight: 400;\"> El mismo entrar\u00e1 en vigor el pr\u00f3ximo 27 de agosto seg\u00fan un decreto firmado por el presidente norteamericano.<\/span><\/p>\n<figure id=\"attachment_13621\" aria-describedby=\"caption-attachment-13621\" style=\"width: 576px\" class=\"wp-caption alignnone\"><img loading=\"lazy\" decoding=\"async\" class=\"size-large wp-image-13621\" src=\"https:\/\/tribunavm.com.ar\/wp-content\/uploads\/2025\/08\/aranceles-576x1024.png\" alt=\"\" width=\"576\" height=\"1024\" srcset=\"https:\/\/tribunavm.com.ar\/wp-content\/uploads\/2025\/08\/aranceles-576x1024.png 576w, https:\/\/tribunavm.com.ar\/wp-content\/uploads\/2025\/08\/aranceles-169x300.png 169w, https:\/\/tribunavm.com.ar\/wp-content\/uploads\/2025\/08\/aranceles-768x1365.png 768w, https:\/\/tribunavm.com.ar\/wp-content\/uploads\/2025\/08\/aranceles-864x1536.png 864w, https:\/\/tribunavm.com.ar\/wp-content\/uploads\/2025\/08\/aranceles-750x1333.png 750w, https:\/\/tribunavm.com.ar\/wp-content\/uploads\/2025\/08\/aranceles.png 1080w\" sizes=\"(max-width: 576px) 100vw, 576px\" \/><figcaption id=\"caption-attachment-13621\" class=\"wp-caption-text\">Elaboraci\u00f3n propia.<\/figcaption><\/figure>\n<p><span style=\"color: #ff9900;\"><b>Acuerdos<\/b><\/span><\/p>\n<p><span style=\"font-weight: 400;\">En paralelo al nuevo esquema arancelario, <\/span><b>Trump anunci\u00f3 acuerdos comerciales<\/b><span style=\"font-weight: 400;\"> que tienen el objetivo de captar inversiones. Uno de ellos fue con la <\/span><b>Uni\u00f3n Europea (UE)<\/b><span style=\"font-weight: 400;\"> llevado a cabo el lunes 28 de julio.<\/span><\/p>\n<p><span style=\"font-weight: 400;\">El mismo consta de fijar un <\/span><b>arancel general del 15% para productos europeos<\/b><span style=\"font-weight: 400;\"> que ingresen al pa\u00eds norteamericano, mientras que <\/span><b>la UE comprar\u00e1 energ\u00eda y armamento militar, adem\u00e1s de comprometerse a realizar inversiones en sectores estrat\u00e9gicos <\/b><span style=\"font-weight: 400;\">por 600.000 millones de d\u00f3lares.<\/span><\/p>\n<p><span style=\"font-weight: 400;\">El sector industrial del viejo continente no demor\u00f3 en mostrar su rechazo: la Federaci\u00f3n de la Industria Alemana (BDI) dijo en un comunicado que &#8220;el acuerdo es un compromiso insuficiente y env\u00eda una se\u00f1al fatal a la econom\u00eda\u201d. <\/span><\/p>\n<figure id=\"attachment_13622\" aria-describedby=\"caption-attachment-13622\" style=\"width: 643px\" class=\"wp-caption alignnone\"><img loading=\"lazy\" decoding=\"async\" class=\"size-full wp-image-13622\" src=\"https:\/\/tribunavm.com.ar\/wp-content\/uploads\/2025\/08\/Aranceles-1.png\" alt=\"\" width=\"643\" height=\"520\" srcset=\"https:\/\/tribunavm.com.ar\/wp-content\/uploads\/2025\/08\/Aranceles-1.png 643w, https:\/\/tribunavm.com.ar\/wp-content\/uploads\/2025\/08\/Aranceles-1-300x243.png 300w\" sizes=\"(max-width: 643px) 100vw, 643px\" \/><figcaption id=\"caption-attachment-13622\" class=\"wp-caption-text\">Desde el lanzamiento de los primeros aranceles, Trump anunci\u00f3 ocho pactos de los cuales s\u00f3lo dos (Reino Unido y China) se formalizaron.<\/figcaption><\/figure>\n<p><span style=\"font-weight: 400;\">El otro acuerdo en la misma direcci\u00f3n se llev\u00f3 a cabo con Corea del Sur con quien fij\u00f3 un arancel del 15%, adem\u00e1s de realizar inversiones por 350.000 millones de d\u00f3lares en EE.UU.<\/span><\/p>\n<p><span style=\"color: #ff9900;\"><b>En mira a la producci\u00f3n nacional<\/b><\/span><\/p>\n<p><span style=\"font-weight: 400;\">A su vez, Trump tambi\u00e9n amenaz\u00f3 con tasar las importaciones a productos espec\u00edficos. En un evento en la Oficina Oval, junto al director ejecutivo de Apple, Tim Cook, anunci\u00f3 a la prensa que <\/span><b>van \u201ca poner un arancel de aproximadamente el 100% a los chips y semiconductores\u201d<\/b><span style=\"font-weight: 400;\">, sin dar detalles al respecto.<\/span><\/p>\n<p><span style=\"font-weight: 400;\">La semana pasada, en una entrevista en la CNBC, tambi\u00e9n dijo que<\/span><b> impondr\u00e1 \u201cinicialmente un arancel reducido a los productos farmac\u00e9uticos\u201d pudiendo pasar <\/b><span style=\"font-weight: 400;\">\u201cal 150% y luego al 250%, porque queremos que los productos farmac\u00e9uticos se fabriquen en nuestro pa\u00eds\u201d.<\/span><\/p>\n<p><span style=\"font-weight: 400;\">\n    <style>\n        .bloque-nota-relacionada {\n            display: flex;\n            flex-wrap: wrap;\n            gap: 20px;\n            padding: 24px;\n            background: #ffffff;\n            border-radius: 12px;\n            box-shadow: 0 12px 28px rgba(0,0,0,0.15);\n            margin: 40px 0;\n            align-items: flex-start;\n        }\n        .bloque-nota-img {\n            flex: 0 0 260px;\n            max-width: 100%;\n        }\n        .bloque-nota-img img {\n            width: 100%;\n            height: auto;\n            border-radius: 10px;\n            object-fit: cover;\n        }\n        .bloque-nota-contenido {\n            flex: 1 1 300px;\n        }\n        .bloque-nota-contenido a {\n            font-size: 21px;\n            font-weight: 600;\n            color: #111;\n            text-decoration: none;\n            line-height: 1.4;\n            display: block;\n            margin-bottom: 10px;\n        }\n        .bloque-nota-contenido p {\n            font-size: 15px;\n            color: #555;\n            line-height: 1.6;\n            margin: 0;\n        }\n        @media (max-width: 600px) {\n            .bloque-nota-relacionada {\n                flex-direction: column;\n                padding: 20px;\n            }\n            .bloque-nota-img {\n                flex: none;\n                width: 100%;\n            }\n            .bloque-nota-contenido {\n                flex: none;\n                width: 100%;\n            }\n        }\n    <\/style>\n\n    <div class=\"bloque-nota-relacionada\">\n        <div class=\"bloque-nota-img\">\n            <img decoding=\"async\" src=\"https:\/\/tribunavm.com.ar\/wp-content\/uploads\/2025\/04\/EEUU-se-aleja-de-China-1-1024x683.png\" alt=\"Marchas y contramarchas arancelarias\">\n        <\/div>\n        <div class=\"bloque-nota-contenido\">\n            <a href=\"https:\/\/tribunavm.com.ar\/index.php\/2025\/04\/21\/marchas-y-contramarchas-arancelarias\/\">Marchas y contramarchas arancelarias<\/a>\n            <p>China sali\u00f3 a responder con m\u00e1s aranceles a importaciones norteamericanas y la Uni\u00f3n Europea busca negociar condiciones para no sufrir las consecuencias econ\u00f3micas.<\/p>\n        <\/div>\n    <\/div><\/span><\/p>\n<p><span style=\"font-weight: 400;\">Por otro lado, Hildegard M\u00fcller, presidenta de la Asociaci\u00f3n de la Industria Automovil\u00edstica (VDA), de Alemania, declar\u00f3 en un comunicado de prensa que \u201cel acuerdo entre la UE y EE.UU.<\/span><b> no ha aportado hasta ahora claridad ni mejora para la industria automotriz alemana<\/b><span style=\"font-weight: 400;\">\u201d.<\/span><\/p>\n<p><span style=\"font-weight: 400;\">\u201cLos aranceles sectoriales del 27,5 % sobre autom\u00f3viles y componentes siguen vigentes y <\/span><b>suponen una carga significativa para los fabricantes y proveedores alemanes de autom\u00f3viles<\/b><span style=\"font-weight: 400;\">, as\u00ed como para el comercio transatl\u00e1ntico\u201d, denunci\u00f3.<\/span><\/p>\n<p><span style=\"color: #ff9900;\"><b>Contin\u00faa la fr\u00e1gil tregua<\/b><\/span><\/p>\n<p><span style=\"font-weight: 400;\">\n    <style>\n        .bloque-nota-relacionada {\n            display: flex;\n            flex-wrap: wrap;\n            gap: 20px;\n            padding: 24px;\n            background: #ffffff;\n            border-radius: 12px;\n            box-shadow: 0 12px 28px rgba(0,0,0,0.15);\n            margin: 40px 0;\n            align-items: flex-start;\n        }\n        .bloque-nota-img {\n            flex: 0 0 260px;\n            max-width: 100%;\n        }\n        .bloque-nota-img img {\n            width: 100%;\n            height: auto;\n            border-radius: 10px;\n            object-fit: cover;\n        }\n        .bloque-nota-contenido {\n            flex: 1 1 300px;\n        }\n        .bloque-nota-contenido a {\n            font-size: 21px;\n            font-weight: 600;\n            color: #111;\n            text-decoration: none;\n            line-height: 1.4;\n            display: block;\n            margin-bottom: 10px;\n        }\n        .bloque-nota-contenido p {\n            font-size: 15px;\n            color: #555;\n            line-height: 1.6;\n            margin: 0;\n        }\n        @media (max-width: 600px) {\n            .bloque-nota-relacionada {\n                flex-direction: column;\n                padding: 20px;\n            }\n            .bloque-nota-img {\n                flex: none;\n                width: 100%;\n            }\n            .bloque-nota-contenido {\n                flex: none;\n                width: 100%;\n            }\n        }\n    <\/style>\n\n    <div class=\"bloque-nota-relacionada\">\n        <div class=\"bloque-nota-img\">\n            <img decoding=\"async\" src=\"https:\/\/tribunavm.com.ar\/wp-content\/uploads\/2025\/04\/zoom_grises_lento-e1744026486967-1024x561.gif\" alt=\"La lucha por retomar el liderazgo global\">\n        <\/div>\n        <div class=\"bloque-nota-contenido\">\n            <a href=\"https:\/\/tribunavm.com.ar\/index.php\/2025\/04\/07\/la-lucha-por-retomar-el-liderazgo-global\/\">La lucha por retomar el liderazgo global<\/a>\n            <p>Trump impuso aranceles a importaciones de m\u00e1s de 190 pa\u00edses impactando en la cotizaci\u00f3n del d\u00f3lar, los \u00edndices de las principales bolsas de valores y las acciones de las grandes empresas.<\/p>\n        <\/div>\n    <\/div><\/span><\/p>\n<p><span style=\"font-weight: 400;\">El mismo d\u00eda del anuncio arancelario, el <\/span><b>secretario del Tesoro de EE.UU., Scott Bessent<\/b><span style=\"font-weight: 400;\">, y el <\/span><b>vice primer ministro de China, He Lifeng<\/b><span style=\"font-weight: 400;\">, se reunieron en Estocolmo, Suecia, donde <\/span><b>postergaron el acuerdo de tregua arancelaria<\/b><span style=\"font-weight: 400;\"> que venc\u00eda el pr\u00f3ximo 12 de agosto. La reuni\u00f3n fue la tercera ronda de di\u00e1logos luego de los acuerdos celebrados en Ginebra en mayo y Londres en junio.\u00a0<\/span><\/p>\n<p><span style=\"font-weight: 400;\">Trump sostuvo que van a llegar \u201ca un buen acuerdo\u201d ya que \u201cse lleva muy bien con China\u201d. Sin embargo, el mi\u00e9rcoles pasado declar\u00f3 que \u201c<\/span><b>estamos evaluando medidas contra quienes ayudan a sostener la econom\u00eda de guerra rusa<\/b><span style=\"font-weight: 400;\">\u201d, en referencia a la compra de petr\u00f3leo, donde \u201c<\/span><b>uno de ellos podr\u00eda ser China<\/b><span style=\"font-weight: 400;\">\u201d.<\/span><\/p>\n<\/div>\n<\/div>\n","protected":false},"excerpt":{"rendered":"<p>Trump anunci\u00f3 una nueva ola de aranceles a las importaciones provenientes de 12 pa\u00edses. En paralelo, lleg\u00f3 a un acuerdo con la Uni\u00f3n Europea y extendi\u00f3 la tregua con China.<\/p>\n","protected":false},"author":2,"featured_media":13623,"comment_status":"open","ping_status":"open","sticky":false,"template":"","format":"standard","meta":{"_exactmetrics_skip_tracking":false,"_exactmetrics_sitenote_active":false,"_exactmetrics_sitenote_note":"","_exactmetrics_sitenote_category":0,"jnews-multi-image_gallery":[],"jnews_single_post":{"format":"standard","override":[{"template":"5","parallax":"1","fullscreen":"1","layout":"right-sidebar","sidebar":"default-sidebar","second_sidebar":"default-sidebar","sticky_sidebar":"1","share_position":"hide","share_float_style":"share-monocrhome","show_featured":"1","show_post_meta":"1","show_post_author_image":"1","show_post_date":"1","post_date_format":"custom","post_date_format_custom":"d-m-Y","show_post_category":"1","post_reading_time_wpm":"300","post_calculate_word_method":"count_blank","show_zoom_button":"0","zoom_button_out_step":"2","zoom_button_in_step":"3","show_post_tag":"1","number_popup_post":"1","show_author_box":"0","show_post_related":"1"}],"image_override":[{"single_post_thumbnail_size":"crop-500","single_post_gallery_size":"crop-500"}],"trending_post_position":"meta","trending_post_label":"Trending","sponsored_post_label":"Sponsored by","disable_ad":"0"},"jnews_primary_category":[],"jnews_social_meta":[],"jnews_override_counter":{"view_counter_number":"0","share_counter_number":"0","like_counter_number":"0","dislike_counter_number":"0"},"_joinchat":[],"footnotes":""},"categories":[276],"tags":[198,42],"class_list":["post-13620","post","type-post","status-publish","format-standard","has-post-thumbnail","hentry","category-internacional","tag-eeuu","tag-industria"],"_links":{"self":[{"href":"https:\/\/tribunavm.com.ar\/index.php\/wp-json\/wp\/v2\/posts\/13620"}],"collection":[{"href":"https:\/\/tribunavm.com.ar\/index.php\/wp-json\/wp\/v2\/posts"}],"about":[{"href":"https:\/\/tribunavm.com.ar\/index.php\/wp-json\/wp\/v2\/types\/post"}],"author":[{"embeddable":true,"href":"https:\/\/tribunavm.com.ar\/index.php\/wp-json\/wp\/v2\/users\/2"}],"replies":[{"embeddable":true,"href":"https:\/\/tribunavm.com.ar\/index.php\/wp-json\/wp\/v2\/comments?post=13620"}],"version-history":[{"count":3,"href":"https:\/\/tribunavm.com.ar\/index.php\/wp-json\/wp\/v2\/posts\/13620\/revisions"}],"predecessor-version":[{"id":13627,"href":"https:\/\/tribunavm.com.ar\/index.php\/wp-json\/wp\/v2\/posts\/13620\/revisions\/13627"}],"wp:featuredmedia":[{"embeddable":true,"href":"https:\/\/tribunavm.com.ar\/index.php\/wp-json\/wp\/v2\/media\/13623"}],"wp:attachment":[{"href":"https:\/\/tribunavm.com.ar\/index.php\/wp-json\/wp\/v2\/media?parent=13620"}],"wp:term":[{"taxonomy":"category","embeddable":true,"href":"https:\/\/tribunavm.com.ar\/index.php\/wp-json\/wp\/v2\/categories?post=13620"},{"taxonomy":"post_tag","embeddable":true,"href":"https:\/\/tribunavm.com.ar\/index.php\/wp-json\/wp\/v2\/tags?post=13620"}],"curies":[{"name":"wp","href":"https:\/\/api.w.org\/{rel}","templated":true}]}}