{"id":1372,"date":"2020-08-04T00:56:54","date_gmt":"2020-08-04T00:56:54","guid":{"rendered":"https:\/\/tribunavm.com.ar\/?p=1372"},"modified":"2020-08-04T01:29:38","modified_gmt":"2020-08-04T01:29:38","slug":"sin-acuerdos-entre-atilra-y-los-industriales-lacteos","status":"publish","type":"post","link":"https:\/\/tribunavm.com.ar\/index.php\/2020\/08\/04\/sin-acuerdos-entre-atilra-y-los-industriales-lacteos\/","title":{"rendered":"Sin acuerdos entre Atilra y los industriales l\u00e1cteos"},"content":{"rendered":"<div class=\"row clearfix\">\n<div class=\"col-md-8\">\n<p><span style=\"color: #212121; font-size: 1.5em; letter-spacing: -0.01em;\">Tras una nueva reuni\u00f3n sin acuerdo, extienden la conciliaci\u00f3n obligatoria e intervendr\u00e1 el viceministro de Trabajo de la Naci\u00f3n.<\/span><\/p>\n<p><span style=\"font-weight: 400;\"><span class=\"dropcap \" style=\"background-color: #ffffff; color: #dd9933; border-color: #ffffff;\">C<\/span>ontinuando con las negociaciones salariales entre las partes del sector l\u00e1cteo, hoy tuvo lugar una nueva instancia entre las c\u00e1maras empresarias y el sindicato, tal como hab\u00eda adelantando <\/span><a style=\"font-size: 15px;\" href=\"https:\/\/tribunavm.com.ar\/index.php\/2020\/07\/29\/sector-lacteo-sin-acuerdos-salariales-entre-atilra-apymel-y-cil\/\">Tribuna <\/a><span style=\"font-weight: 400;\">el mi\u00e9rcoles pasado.<\/span><\/p>\n<p><span style=\"font-weight: 400;\">En la misma estuvieron presentes representantes del sindicato<strong> Atilra<\/strong>, y representantes legales del <strong>Centro de la Industria Lechera (CIL) y Asociaci\u00f3n de Peque\u00f1as y Medianas Empresas L\u00e1cteas (Apymel)<\/strong>. <strong>quienes no llegaron a un acuerdo<\/strong>, por lo que la conciliaci\u00f3n se venci\u00f3, pero fue el Ministerio de Trabajo quien la extendi\u00f3 hasta el mi\u00e9rcoles pr\u00f3ximo.<\/span><\/p>\n<p><span style=\"font-weight: 400;\">Conversamos con <strong>Pedro Fern\u00e1ndez, integrante de la mesa paritaria y secretario de Atilra Villa Mar\u00eda<\/strong>, qui\u00e9n estuvo presente en la reuni\u00f3n. \u201cHubo una propuesta nueva de parte de los industriales que fue rechazada por el gremio. As\u00ed que vamos a ver que pasa el mi\u00e9rcoles a las 10 am en una nueva reuni\u00f3n en la que estar\u00e1 el Vice de Trabajo de la Naci\u00f3n (Marcelo Bellotti)\u201d<\/span><\/p>\n<p><span style=\"font-weight: 400;\">\u201cYo creo que desde el ministerio quieren alg\u00fan tipo de resoluci\u00f3n, porque si le dan participaci\u00f3n al viceministro quieren avanzar m\u00e1s r\u00e1pido. Pero bueno, los ofrecimientos que van haciendo desde la parte empresarial no se condicen con lo que nosotros pretendemos\u201d, se\u00f1al\u00f3.<\/span><\/p>\n<p><span style=\"font-weight: 400;\">Recordemos que en la propuesta de la semana pasada, desde el sector empresario nucleado en CIL y Apymel propusieron incorporar $4000 al acuerdo previo, sumando $1167 a las liquidaciones salariales entre julio y diciembre del corriente a\u00f1o.<\/span><\/p>\n<blockquote class=\"pullquote align-center\"><p><span style=\"font-weight: 400;\">\u201cYo creo que desde el ministerio quieren alg\u00fan tipo de resoluci\u00f3n, porque si le dan participaci\u00f3n al viceministro quieren avanzar m\u00e1s r\u00e1pido. Pero bueno, los ofrecimientos que van haciendo desde la parte empresarial no se condicen con lo que nosotros pretendemos\u201d <strong>Pedro Fern\u00e1ndez, Secretario de Atilra Villa Mar\u00eda<\/strong>.<\/span><\/p><\/blockquote>\n<p><span style=\"font-weight: 400;\">La pr\u00f3xima reuni\u00f3n ser\u00e1 en el despacho de Alem 650, en el ministerio de Trabajo (Capital Federal). Con la presencia de dos representantes por entidad y dos representantes del ministerio de Trabajo, mientras que los dem\u00e1s participaran v\u00eda zoom.<\/span><\/p>\n<\/div>\n<\/div>\n","protected":false},"excerpt":{"rendered":"<p>Tras una nueva reuni\u00f3n sin acuerdo, extienden la conciliaci\u00f3n obligatoria e intervendr\u00e1 el viceministro de Trabajo de la Naci\u00f3n. Continuando con las negociaciones salariales entre las partes del sector l\u00e1cteo, hoy tuvo lugar una nueva instancia entre las c\u00e1maras empresarias y el sindicato, tal como hab\u00eda adelantando Tribuna el mi\u00e9rcoles pasado. En la misma estuvieron [&hellip;]<\/p>\n","protected":false},"author":2,"featured_media":1377,"comment_status":"open","ping_status":"open","sticky":false,"template":"","format":"standard","meta":{"_exactmetrics_skip_tracking":false,"_exactmetrics_sitenote_active":false,"_exactmetrics_sitenote_note":"","_exactmetrics_sitenote_category":0,"jnews-multi-image_gallery":[],"jnews_single_post":{"source_name":"","source_url":"","via_name":"","via_url":"","override_template":"0","override":[{"template":"1","single_blog_custom":"","parallax":"1","fullscreen":"0","layout":"right-sidebar","sidebar":"default-sidebar","second_sidebar":"default-sidebar","sticky_sidebar":"1","share_position":"top","share_float_style":"share-monocrhome","show_share_counter":"1","show_view_counter":"1","show_featured":"1","show_post_meta":"1","show_post_author":"1","show_post_author_image":"1","show_post_date":"1","post_date_format":"default","post_date_format_custom":"Y\/m\/d","show_post_category":"1","show_post_reading_time":"0","post_reading_time_wpm":"300","show_zoom_button":"0","zoom_button_out_step":"2","zoom_button_in_step":"3","show_post_tag":"1","show_prev_next_post":"1","show_popup_post":"1","number_popup_post":"1","show_author_box":"0","show_post_related":"0","show_inline_post_related":"0"}],"override_image_size":"0","image_override":[{"single_post_thumbnail_size":"crop-500","single_post_gallery_size":"crop-500"}],"trending_post":"0","trending_post_position":"meta","trending_post_label":"Trending","sponsored_post":"0","sponsored_post_label":"Sponsored by","sponsored_post_name":"","sponsored_post_url":"","sponsored_post_logo_enable":"0","sponsored_post_logo":"","sponsored_post_desc":""},"jnews_primary_category":{"id":"22"},"jnews_social_meta":{"fb_title":"","fb_description":"","fb_image":"","twitter_title":"","twitter_description":"","twitter_image":""},"jnews_override_counter":{"override_view_counter":"0","view_counter_number":"0","override_share_counter":"0","share_counter_number":"0","override_like_counter":"0","like_counter_number":"0","override_dislike_counter":"0","dislike_counter_number":"0"},"_joinchat":[],"footnotes":""},"categories":[22],"tags":[41,72,39],"class_list":["post-1372","post","type-post","status-publish","format-standard","has-post-thumbnail","hentry","category-actualidad","tag-agro","tag-edicion-digital","tag-gobierno"],"_links":{"self":[{"href":"https:\/\/tribunavm.com.ar\/index.php\/wp-json\/wp\/v2\/posts\/1372"}],"collection":[{"href":"https:\/\/tribunavm.com.ar\/index.php\/wp-json\/wp\/v2\/posts"}],"about":[{"href":"https:\/\/tribunavm.com.ar\/index.php\/wp-json\/wp\/v2\/types\/post"}],"author":[{"embeddable":true,"href":"https:\/\/tribunavm.com.ar\/index.php\/wp-json\/wp\/v2\/users\/2"}],"replies":[{"embeddable":true,"href":"https:\/\/tribunavm.com.ar\/index.php\/wp-json\/wp\/v2\/comments?post=1372"}],"version-history":[{"count":5,"href":"https:\/\/tribunavm.com.ar\/index.php\/wp-json\/wp\/v2\/posts\/1372\/revisions"}],"predecessor-version":[{"id":1378,"href":"https:\/\/tribunavm.com.ar\/index.php\/wp-json\/wp\/v2\/posts\/1372\/revisions\/1378"}],"wp:featuredmedia":[{"embeddable":true,"href":"https:\/\/tribunavm.com.ar\/index.php\/wp-json\/wp\/v2\/media\/1377"}],"wp:attachment":[{"href":"https:\/\/tribunavm.com.ar\/index.php\/wp-json\/wp\/v2\/media?parent=1372"}],"wp:term":[{"taxonomy":"category","embeddable":true,"href":"https:\/\/tribunavm.com.ar\/index.php\/wp-json\/wp\/v2\/categories?post=1372"},{"taxonomy":"post_tag","embeddable":true,"href":"https:\/\/tribunavm.com.ar\/index.php\/wp-json\/wp\/v2\/tags?post=1372"}],"curies":[{"name":"wp","href":"https:\/\/api.w.org\/{rel}","templated":true}]}}