{"id":13805,"date":"2025-09-08T00:34:43","date_gmt":"2025-09-08T00:34:43","guid":{"rendered":"https:\/\/tribunavm.com.ar\/?p=13805"},"modified":"2025-09-06T17:20:11","modified_gmt":"2025-09-06T17:20:11","slug":"escalada-belica-entre-israel-y-yemen","status":"publish","type":"post","link":"https:\/\/tribunavm.com.ar\/index.php\/2025\/09\/08\/escalada-belica-entre-israel-y-yemen\/","title":{"rendered":"Escalada b\u00e9lica entre Israel y Yemen"},"content":{"rendered":"<div class=\"row clearfix\">\n<div class=\"col-md-8\">\n<p><span style=\"color: #212121; font-size: 1.5em; letter-spacing: -0.01em;\">Israel bombarde\u00f3 una sede ministerial y mat\u00f3 al primer ministro yemen\u00ed. Los hut\u00edes respondieron con ataques a\u00e9reos y bombardeando un buque en el Mar Rojo.<\/span><\/p>\n<p><span style=\"font-weight: 400;\"><span class=\"dropcap \" style=\"background-color: #ffffff; color: #dd9933; border-color: #ffffff;\">L<\/span>a <\/span><b>escalada b\u00e9lica en Medio Oriente no cesa<\/b><span style=\"font-weight: 400;\">. La semana pasada acontecieron nuevos enfrentamientos potenciados por la pol\u00edtica guerrerista del gobierno de Israel que busca mantener el conflicto armado en la regi\u00f3n.<\/span><\/p>\n<p><span style=\"font-weight: 400;\">En ese marco, las <\/span><b>Fuerzas Armadas de Israel (FAI) atacaron una sede ministerial<\/b><span style=\"font-weight: 400;\"> de Yemen en la que se encontraban reunidos funcionarios pol\u00edticos, entre ellos el primer ministro.<\/span><\/p>\n<p><b>&#8220;El Primer Ministro Hut\u00ed, Ahmed Al-Rahawi, junto con otros altos funcionarios del r\u00e9gimen terrorista Hut\u00ed fueron eliminados <\/b><span style=\"font-weight: 400;\">durante un ataque de las FAI en Sanaa, Yemen\u201d, expres\u00f3 la FAI en un comunicado.<\/span><\/p>\n<div style=\"width: 100%; padding-top: 64%; position: relative; border-bottom: 1px solid #aaa; display: inline-block; background: rgba(255,255,255,0.9);\">\n<p><iframe style=\"width: 100%; height: 90%; position: absolute; left: 0; top: 0; overflow: hidden; border: none; background-color: transparent;\" src=\"https:\/\/secure-embed.rtve.es\/drmn\/embed\/video\/16705840\" name=\"Al menos dos muertos en ataques a\u00e9reos de Israel contra Yemen\" scrolling=\"no\" allowfullscreen=\"allowfullscreen\"><\/iframe><\/p>\n<div style=\"position: absolute; bottom: 0; left: 0; font-family: arial,helvetica,sans-serif; font-size: 12px; line-height: 1.833; display: inline-block; padding: 5px 0 5px 10px;\"><span style=\"float: left; margin-right: 10px;\"> <img decoding=\"async\" style=\"height: 20px; width: auto; background: transparent; padding: 0; margin: 0;\" src=\"https:\/\/img2.rtve.es\/css\/rtve.commons\/rtve.header.footer\/i\/logoRTVEes.png\" alt=\"\" \/> <\/span> <a style=\"color: #333; font-weight: bold;\" title=\"Al menos dos muertos en ataques a\u00e9reos de Israel contra Yemen\" href=\"https:\/\/www.rtve.es\/play\/videos\/telediario-matinal\/menos-dos-muertos-ataques-aereos-israel-contra-yemen\/16705840\/\"> <strong>Al menos dos muertos en ataques a\u00e9reos de Israel contra Yemen<\/strong> <\/a><\/div>\n<\/div>\n<p><span style=\"font-weight: 400;\">\u201cEn las instalaciones atacadas se encontraban altos funcionarios responsables del uso de la fuerza, del aumento militar del r\u00e9gimen terrorista Hut\u00ed y del avance de las acciones terroristas contra Israel&#8221;, ampliaron las FDI justificando el ataque.<\/span><\/p>\n<p><span style=\"font-weight: 400;\">Prosigui\u00f3 la respuesta de los hut\u00edes, quienes controlan el territorio yemen\u00ed desde 2014, con un ataque mediante drones a Tel Aviv que fueron interceptados por los sistemas antimisiles.<\/span><\/p>\n<p><span style=\"font-weight: 400;\">\n    <style>\n        .bloque-nota-relacionada {\n            display: flex;\n            flex-wrap: wrap;\n            gap: 20px;\n            padding: 24px;\n            background: #ffffff;\n            border-radius: 12px;\n            box-shadow: 0 12px 28px rgba(0,0,0,0.15);\n            margin: 40px 0;\n            align-items: flex-start;\n        }\n        .bloque-nota-img {\n            flex: 0 0 260px;\n            max-width: 100%;\n        }\n        .bloque-nota-img img {\n            width: 100%;\n            height: auto;\n            border-radius: 10px;\n            object-fit: cover;\n        }\n        .bloque-nota-contenido {\n            flex: 1 1 300px;\n        }\n        .bloque-nota-contenido a {\n            font-size: 21px;\n            font-weight: 600;\n            color: #111;\n            text-decoration: none;\n            line-height: 1.4;\n            display: block;\n            margin-bottom: 10px;\n        }\n        .bloque-nota-contenido p {\n            font-size: 15px;\n            color: #555;\n            line-height: 1.6;\n            margin: 0;\n        }\n        @media (max-width: 600px) {\n            .bloque-nota-relacionada {\n                flex-direction: column;\n                padding: 20px;\n            }\n            .bloque-nota-img {\n                flex: none;\n                width: 100%;\n            }\n            .bloque-nota-contenido {\n                flex: none;\n                width: 100%;\n            }\n        }\n    <\/style>\n\n    <div class=\"bloque-nota-relacionada\">\n        <div class=\"bloque-nota-img\">\n            <img decoding=\"async\" src=\"https:\/\/tribunavm.com.ar\/wp-content\/uploads\/2025\/08\/portada-GAZA-1024x495.jpg\" alt=\"Israel no afloja\">\n        <\/div>\n        <div class=\"bloque-nota-contenido\">\n            <a href=\"https:\/\/tribunavm.com.ar\/index.php\/2025\/08\/11\/israel-no-afloja\/\">Israel no afloja<\/a>\n            <p>Durante las \u00faltimas semanas, gobiernos y organizaciones se posicionaron con el objetivo de elevar la presi\u00f3n a Israel para poner fin al conflicto en Gaza.<\/p>\n        <\/div>\n    <\/div><\/span><\/p>\n<p><span style=\"font-weight: 400;\">Adem\u00e1s, <\/span><b>se atribuyeron un ataque por agua al bombardear un buque petrolero de bandera israeli en el Mar Rojo<\/b><span style=\"font-weight: 400;\">.<\/span><\/p>\n<p><span style=\"font-weight: 400;\">El portavoz militar hut\u00ed, Yehya Sarea, asegur\u00f3 mediante un comunicado transmitido por canales de comunicaci\u00f3n del movimiento que <\/span><b>\u201cel petrolero israel\u00ed Scarlet Ray fue alcanzado de manera directa en el norte del mar Rojo\u201d<\/b><span style=\"font-weight: 400;\">.<\/span><\/p>\n<p><span style=\"font-weight: 400;\">Adem\u00e1s, el vocero militar anunci\u00f3 la intenci\u00f3n de llevar a cabo \u201cnuevas operaciones militares contra intereses israel\u00edes en la Palestina ocupada\u201d y advirti\u00f3 que <\/span><b>estos operativos \u201cno cesar\u00e1n hasta que finalice la agresi\u00f3n contra Gaza <\/b><span style=\"font-weight: 400;\">y se levante el asedio sobre su poblaci\u00f3n\u201d.<\/span><\/p>\n<figure id=\"attachment_13806\" aria-describedby=\"caption-attachment-13806\" style=\"width: 1024px\" class=\"wp-caption alignnone\"><img loading=\"lazy\" decoding=\"async\" class=\"size-large wp-image-13806\" src=\"https:\/\/tribunavm.com.ar\/wp-content\/uploads\/2025\/09\/geopolitica-mar-rojo-png-1024x724.jpg\" alt=\"\" width=\"1024\" height=\"724\" srcset=\"https:\/\/tribunavm.com.ar\/wp-content\/uploads\/2025\/09\/geopolitica-mar-rojo-png-1024x724.jpg 1024w, https:\/\/tribunavm.com.ar\/wp-content\/uploads\/2025\/09\/geopolitica-mar-rojo-png-300x212.jpg 300w, https:\/\/tribunavm.com.ar\/wp-content\/uploads\/2025\/09\/geopolitica-mar-rojo-png-768x543.jpg 768w, https:\/\/tribunavm.com.ar\/wp-content\/uploads\/2025\/09\/geopolitica-mar-rojo-png-120x86.jpg 120w, https:\/\/tribunavm.com.ar\/wp-content\/uploads\/2025\/09\/geopolitica-mar-rojo-png-750x530.jpg 750w, https:\/\/tribunavm.com.ar\/wp-content\/uploads\/2025\/09\/geopolitica-mar-rojo-png-1140x806.jpg 1140w, https:\/\/tribunavm.com.ar\/wp-content\/uploads\/2025\/09\/geopolitica-mar-rojo-png.jpg 1300w\" sizes=\"(max-width: 1024px) 100vw, 1024px\" \/><figcaption id=\"caption-attachment-13806\" class=\"wp-caption-text\">Mapa de la geopol\u00edtica del Mar Rojo. Foto: El Orden Mundial.<\/figcaption><\/figure>\n<p><span style=\"font-weight: 400;\">En simult\u00e1neo, realizaron un operativo de allanamiento de oficinas de dos agencias de la <\/span><b>ONU <\/b><span style=\"font-weight: 400;\">en San\u00e1: una del Programa Mundial de Alimentos (PMA) y otra de Unicef.<\/span><\/p>\n<p><span style=\"font-weight: 400;\">Seg\u00fan report\u00f3 la agencia de noticias AFP, con declaraciones provistas por un funcionario del Ministerio de Relaciones Exteriores de los hut\u00edes, &#8220;los empleados de las Naciones Unidas detenidos est\u00e1n acusados de espiar a favor de la agresi\u00f3n estadounidense e israel\u00ed, y toda persona cuya acusaci\u00f3n sea confirmada ser\u00e1 llevada ante la justicia&#8221;.<\/span><\/p>\n<p><span style=\"font-weight: 400;\">Antonio Guterres, secretario general de ONU, conden\u00f3 \u201cen\u00e9rgicamente las detenciones arbitrarias, el 31 de agosto, de al menos 11 funcionarios de las Naciones Unidas por parte de las autoridades de facto hut\u00edes en Yemen en zonas bajo su control\u201d, declar\u00f3 en un comunicado.<\/span><\/p>\n<p><span style=\"font-weight: 400;\">\n    <style>\n        .bloque-nota-relacionada {\n            display: flex;\n            flex-wrap: wrap;\n            gap: 20px;\n            padding: 24px;\n            background: #ffffff;\n            border-radius: 12px;\n            box-shadow: 0 12px 28px rgba(0,0,0,0.15);\n            margin: 40px 0;\n            align-items: flex-start;\n        }\n        .bloque-nota-img {\n            flex: 0 0 260px;\n            max-width: 100%;\n        }\n        .bloque-nota-img img {\n            width: 100%;\n            height: auto;\n            border-radius: 10px;\n            object-fit: cover;\n        }\n        .bloque-nota-contenido {\n            flex: 1 1 300px;\n        }\n        .bloque-nota-contenido a {\n            font-size: 21px;\n            font-weight: 600;\n            color: #111;\n            text-decoration: none;\n            line-height: 1.4;\n            display: block;\n            margin-bottom: 10px;\n        }\n        .bloque-nota-contenido p {\n            font-size: 15px;\n            color: #555;\n            line-height: 1.6;\n            margin: 0;\n        }\n        @media (max-width: 600px) {\n            .bloque-nota-relacionada {\n                flex-direction: column;\n                padding: 20px;\n            }\n            .bloque-nota-img {\n                flex: none;\n                width: 100%;\n            }\n            .bloque-nota-contenido {\n                flex: none;\n                width: 100%;\n            }\n        }\n    <\/style>\n\n    <div class=\"bloque-nota-relacionada\">\n        <div class=\"bloque-nota-img\">\n            <img decoding=\"async\" src=\"https:\/\/tribunavm.com.ar\/wp-content\/uploads\/2024\/02\/huties-a-lo-mejor-portada-1024x681.jpg\" alt=\"El nuevo escenario de conflicto: el Mar Rojo\">\n        <\/div>\n        <div class=\"bloque-nota-contenido\">\n            <a href=\"https:\/\/tribunavm.com.ar\/index.php\/2024\/02\/05\/el-nuevo-escenario-de-conflicto-el-mar-rojo\/\">El nuevo escenario de conflicto: el Mar Rojo<\/a>\n            <p>La disputa entre los hut\u00edes de Yemen y EE.UU. se intensifica y el tr\u00e1fico mar\u00edtimo por el Mar Rojo cae.<\/p>\n        <\/div>\n    <\/div><\/span><\/p>\n<p>&nbsp;<\/p>\n<\/div>\n<\/div>\n","protected":false},"excerpt":{"rendered":"<p>Israel bombarde\u00f3 una sede ministerial y mat\u00f3 al primer ministro yemen\u00ed. Los hut\u00edes respondieron con ataques a\u00e9reos y bombardeando un buque en el Mar Rojo.<\/p>\n","protected":false},"author":2,"featured_media":13807,"comment_status":"open","ping_status":"open","sticky":false,"template":"","format":"standard","meta":{"_exactmetrics_skip_tracking":false,"_exactmetrics_sitenote_active":false,"_exactmetrics_sitenote_note":"","_exactmetrics_sitenote_category":0,"jnews-multi-image_gallery":[],"jnews_single_post":{"format":"standard","override":[{"template":"5","parallax":"1","fullscreen":"1","layout":"right-sidebar","sidebar":"default-sidebar","second_sidebar":"default-sidebar","sticky_sidebar":"1","share_position":"hide","share_float_style":"share-monocrhome","show_featured":"1","show_post_meta":"1","show_post_author_image":"1","show_post_date":"1","post_date_format":"custom","post_date_format_custom":"d-m-Y","show_post_category":"1","post_reading_time_wpm":"300","post_calculate_word_method":"count_blank","show_zoom_button":"0","zoom_button_out_step":"2","zoom_button_in_step":"3","show_post_tag":"1","number_popup_post":"1","show_author_box":"0","show_post_related":"1"}],"image_override":[{"single_post_thumbnail_size":"crop-500","single_post_gallery_size":"crop-500"}],"trending_post_position":"meta","trending_post_label":"Trending","sponsored_post_label":"Sponsored by","disable_ad":"0"},"jnews_primary_category":[],"jnews_social_meta":[],"jnews_override_counter":{"view_counter_number":"0","share_counter_number":"0","like_counter_number":"0","dislike_counter_number":"0"},"_joinchat":[],"footnotes":""},"categories":[276],"tags":[418,563],"class_list":["post-13805","post","type-post","status-publish","format-standard","has-post-thumbnail","hentry","category-internacional","tag-israel","tag-yemen"],"_links":{"self":[{"href":"https:\/\/tribunavm.com.ar\/index.php\/wp-json\/wp\/v2\/posts\/13805"}],"collection":[{"href":"https:\/\/tribunavm.com.ar\/index.php\/wp-json\/wp\/v2\/posts"}],"about":[{"href":"https:\/\/tribunavm.com.ar\/index.php\/wp-json\/wp\/v2\/types\/post"}],"author":[{"embeddable":true,"href":"https:\/\/tribunavm.com.ar\/index.php\/wp-json\/wp\/v2\/users\/2"}],"replies":[{"embeddable":true,"href":"https:\/\/tribunavm.com.ar\/index.php\/wp-json\/wp\/v2\/comments?post=13805"}],"version-history":[{"count":4,"href":"https:\/\/tribunavm.com.ar\/index.php\/wp-json\/wp\/v2\/posts\/13805\/revisions"}],"predecessor-version":[{"id":13856,"href":"https:\/\/tribunavm.com.ar\/index.php\/wp-json\/wp\/v2\/posts\/13805\/revisions\/13856"}],"wp:featuredmedia":[{"embeddable":true,"href":"https:\/\/tribunavm.com.ar\/index.php\/wp-json\/wp\/v2\/media\/13807"}],"wp:attachment":[{"href":"https:\/\/tribunavm.com.ar\/index.php\/wp-json\/wp\/v2\/media?parent=13805"}],"wp:term":[{"taxonomy":"category","embeddable":true,"href":"https:\/\/tribunavm.com.ar\/index.php\/wp-json\/wp\/v2\/categories?post=13805"},{"taxonomy":"post_tag","embeddable":true,"href":"https:\/\/tribunavm.com.ar\/index.php\/wp-json\/wp\/v2\/tags?post=13805"}],"curies":[{"name":"wp","href":"https:\/\/api.w.org\/{rel}","templated":true}]}}