{"id":13982,"date":"2025-09-22T01:30:09","date_gmt":"2025-09-22T01:30:09","guid":{"rendered":"https:\/\/tribunavm.com.ar\/?p=13982"},"modified":"2025-09-20T17:50:03","modified_gmt":"2025-09-20T17:50:03","slug":"juegan-con-el-pueblo","status":"publish","type":"post","link":"https:\/\/tribunavm.com.ar\/index.php\/2025\/09\/22\/juegan-con-el-pueblo\/","title":{"rendered":"Juegan con el pueblo"},"content":{"rendered":"<div class=\"row clearfix\">\n<div class=\"col-md-8\">\n<p><span style=\"font-weight: 400;\"><span class=\"dropcap \" style=\"background-color: #ffffff; color: #dd9933; border-color: #ffffff;\">\u201c<\/span>As\u00ed no se puede seguir viviendo&#8221; es una expresi\u00f3n cada vez m\u00e1s recurrente para expresar el hartazgo ante las precarias condiciones de vida actuales.<\/span><\/p>\n<p><span style=\"font-weight: 400;\">A esta altura sobran las estad\u00edsticas para graficar la situaci\u00f3n que vive el pueblo con salarios pisados ante un d\u00f3lar que nunca dej\u00f3 de subir.<\/span><\/p>\n<p><span style=\"font-weight: 400;\">El ministro Caputo sostuvo que van a quemar \u201chasta el \u00faltimo d\u00f3lar\u201d para defender la banda cuando previamente ya estuvieron vendiendo d\u00f3lares del Tesoro, surgidos del ajuste p\u00fablico, para jugar en el mercado y favorecer la rentabilidad del <\/span><i><span style=\"font-weight: 400;\">carry trade.<\/span><\/i><\/p>\n<p><span style=\"font-weight: 400;\">Aunque las condiciones de vida no se pueden postergar, la pol\u00edtica s\u00f3lo promete que llegar\u00e1n tiempos mejores. As\u00ed, ganan margen de acci\u00f3n para acomodar la salida negociada a esta crisis.<\/span><\/p>\n<p><span style=\"font-weight: 400;\">Sin ir m\u00e1s lejos, luego de las movilizaciones de las \u00faltimas semanas respaldadas con votaciones parlamentarias buscan desacelerar la protesta. Por su parte, Milei le pide al pueblo que se comprometa con su propio sacrificio asegurando que \u201clo peor ya pas\u00f3\u201d.<\/span><\/p>\n<p><span style=\"font-weight: 400;\">Pero el contexto global marca que los recursos se achican y la pelea por ellos se intensifica.<\/span><\/p>\n<p><span style=\"font-weight: 400;\">Los franceses salieron a la calle con la consigna de bloquear todo luego que el gobierno present\u00f3 un presupuesto desfinanciando salud, educaci\u00f3n y otorgando recursos a la guerra. <\/span><\/p>\n<p><span style=\"font-weight: 400;\">Tambi\u00e9n los ecuatorianos se movilizaron contra el alza del combustible que fue un pedido del FMI para canalizar recursos hacia el pago de la deuda.<\/span><\/p>\n<p><span style=\"font-weight: 400;\">Condicionan la reacci\u00f3n popular acomodando sus batallas parlamentarias para gestionar la crisis. Mientras piden paciencia al pueblo, este da respuestas gritando que as\u00ed no se puede vivir m\u00e1s.<\/span><\/p>\n<\/div>\n<\/div>\n","protected":false},"excerpt":{"rendered":"<p>&#8220;As\u00ed no se puede seguir viviendo&#8221; es una expresi\u00f3n cada vez m\u00e1s recurrente para expresar el hartazgo ante las precarias condiciones de vida actuales.<\/p>\n","protected":false},"author":2,"featured_media":3378,"comment_status":"open","ping_status":"open","sticky":false,"template":"","format":"standard","meta":{"_exactmetrics_skip_tracking":false,"_exactmetrics_sitenote_active":false,"_exactmetrics_sitenote_note":"","_exactmetrics_sitenote_category":0,"jnews-multi-image_gallery":[],"jnews_single_post":[],"jnews_primary_category":[],"jnews_social_meta":[],"jnews_override_counter":[],"_joinchat":[],"footnotes":""},"categories":[26],"tags":[585],"class_list":["post-13982","post","type-post","status-publish","format-standard","has-post-thumbnail","hentry","category-editorial","tag-edicion-162"],"_links":{"self":[{"href":"https:\/\/tribunavm.com.ar\/index.php\/wp-json\/wp\/v2\/posts\/13982"}],"collection":[{"href":"https:\/\/tribunavm.com.ar\/index.php\/wp-json\/wp\/v2\/posts"}],"about":[{"href":"https:\/\/tribunavm.com.ar\/index.php\/wp-json\/wp\/v2\/types\/post"}],"author":[{"embeddable":true,"href":"https:\/\/tribunavm.com.ar\/index.php\/wp-json\/wp\/v2\/users\/2"}],"replies":[{"embeddable":true,"href":"https:\/\/tribunavm.com.ar\/index.php\/wp-json\/wp\/v2\/comments?post=13982"}],"version-history":[{"count":1,"href":"https:\/\/tribunavm.com.ar\/index.php\/wp-json\/wp\/v2\/posts\/13982\/revisions"}],"predecessor-version":[{"id":13983,"href":"https:\/\/tribunavm.com.ar\/index.php\/wp-json\/wp\/v2\/posts\/13982\/revisions\/13983"}],"wp:featuredmedia":[{"embeddable":true,"href":"https:\/\/tribunavm.com.ar\/index.php\/wp-json\/wp\/v2\/media\/3378"}],"wp:attachment":[{"href":"https:\/\/tribunavm.com.ar\/index.php\/wp-json\/wp\/v2\/media?parent=13982"}],"wp:term":[{"taxonomy":"category","embeddable":true,"href":"https:\/\/tribunavm.com.ar\/index.php\/wp-json\/wp\/v2\/categories?post=13982"},{"taxonomy":"post_tag","embeddable":true,"href":"https:\/\/tribunavm.com.ar\/index.php\/wp-json\/wp\/v2\/tags?post=13982"}],"curies":[{"name":"wp","href":"https:\/\/api.w.org\/{rel}","templated":true}]}}