{"id":14051,"date":"2025-10-06T13:09:48","date_gmt":"2025-10-06T13:09:48","guid":{"rendered":"https:\/\/tribunavm.com.ar\/?p=14051"},"modified":"2025-10-06T13:09:48","modified_gmt":"2025-10-06T13:09:48","slug":"cordoba-en-venta-a-la-city-financiera","status":"publish","type":"post","link":"https:\/\/tribunavm.com.ar\/index.php\/2025\/10\/06\/cordoba-en-venta-a-la-city-financiera\/","title":{"rendered":"C\u00f3rdoba en venta a la city financiera"},"content":{"rendered":"<div class=\"row clearfix\">\n<div class=\"col-md-8\">\n<p><span style=\"color: #212121; font-size: 1.5em; letter-spacing: -0.01em;\">Martin Llaryora se reuni\u00f3 con empresarios, fondos y representantes del sector financiero en Europa en busca de inversiones.<\/span><\/p>\n<p><span style=\"font-weight: 400;\"><span class=\"dropcap \" style=\"background-color: #ffffff; color: #dd9933; border-color: #ffffff;\">J<\/span>unto a la <\/span><b>embajada argentina en el Reino Unido y la C\u00e1mara de Comercio Argentina Brit\u00e1nica (BACC),<\/b><span style=\"font-weight: 400;\"> el gobernador de C\u00f3rdoba, <\/span><b>Mart\u00edn Llaryora, abri\u00f3 en Londres una gira internacional destinada a atraer inversiones<\/b><span style=\"font-weight: 400;\">.<\/span><\/p>\n<p><span style=\"font-weight: 400;\">All\u00ed, el funcionario <\/span><b>present\u00f3 \u201cel Modelo C\u00f3rdoba\u201d de Inversi\u00f3n e Innovaci\u00f3n ante empresarios, fondos y representantes del sector financiero<\/b><span style=\"font-weight: 400;\">.<\/span><\/p>\n<p><span style=\"font-weight: 400;\">En la misma destac\u00f3 que destina m\u00e1s del 15% del presupuesto a obras viales, gasoductos, redes el\u00e9ctricas y agua potable. Adem\u00e1s, motiv\u00f3 a los inversores declarando que \u201c<\/span><b>C\u00f3rdoba tiene las condiciones para ser un socio confiable de los inversores internacionales\u201d.<\/b><\/p>\n<p><span style=\"font-weight: 400;\">Tras la reuni\u00f3n sostuvo que \u201chay un reconocimiento hacia C\u00f3rdoba, no s\u00f3lo por los bonos adquiridos, sino tambi\u00e9n por el inter\u00e9s de seguir financiando obras y proyectos productivos\u201d y destac\u00f3 que <\/span><b>los t\u00edtulos provinciales \u201cse depreciaron menos que los nacionales, algo totalmente at\u00edpico en cualquier parte del mundo\u201d<\/b><span style=\"font-weight: 400;\">.<\/span><\/p>\n<figure id=\"attachment_14052\" aria-describedby=\"caption-attachment-14052\" style=\"width: 1024px\" class=\"wp-caption alignnone\"><img loading=\"lazy\" decoding=\"async\" class=\"size-full wp-image-14052\" src=\"https:\/\/tribunavm.com.ar\/wp-content\/uploads\/2025\/10\/interior.png\" alt=\"\" width=\"1024\" height=\"768\" srcset=\"https:\/\/tribunavm.com.ar\/wp-content\/uploads\/2025\/10\/interior.png 1024w, https:\/\/tribunavm.com.ar\/wp-content\/uploads\/2025\/10\/interior-300x225.png 300w, https:\/\/tribunavm.com.ar\/wp-content\/uploads\/2025\/10\/interior-768x576.png 768w, https:\/\/tribunavm.com.ar\/wp-content\/uploads\/2025\/10\/interior-750x563.png 750w\" sizes=\"(max-width: 1024px) 100vw, 1024px\" \/><figcaption id=\"caption-attachment-14052\" class=\"wp-caption-text\">El gobernador con representantes del Banco Europeo de Inversiones en Bruselas.<\/figcaption><\/figure>\n<p><span style=\"font-weight: 400;\">Anteriormente <\/span><b>la provincia ya hab\u00eda realizado una emisi\u00f3n de deuda por 800 millones de d\u00f3lares<\/b><span style=\"font-weight: 400;\">, de los cuales se financiaron 725 millones seg\u00fan lo expuesto por la gesti\u00f3n.<\/span><\/p>\n<p><span style=\"font-weight: 400;\">\u201cEl respaldo internacional ya tuvo un reflejo concreto: en junio, de los 725 millones de d\u00f3lares colocados por C\u00f3rdoba, m\u00e1s de 100 millones fueron adquiridos por inversores con sede en Londres\u201d, indic\u00f3 en un comunicado oficial el Gobierno de la provincia.<\/span><\/p>\n<p><span style=\"font-weight: 400;\">Una de las inversiones es la finalizaci\u00f3n de la Autopista 19 que unir\u00e1 C\u00f3rdoba capital con San Francisco por 196 mil millones de pesos (135 millones de d\u00f3lares).<\/span><\/p>\n<p><b>\u201cLa mitad de los fondos de la \u00faltima colocaci\u00f3n va a pagar deuda<\/b><span style=\"font-weight: 400;\">, y la otra a obras\u201d, explican desde el Centro C\u00edvico, donde subrayan que el financiamiento est\u00e1 \u201cgarantizado\u201d para no dejar en el limbo estas iniciativas para el desarrollo econ\u00f3mico.<\/span><\/p>\n<blockquote class=\"pullquote align-right\"><p><span style=\"color: #ff9900;\"><b>\u201cLa mitad de los fondos de la \u00faltima colocaci\u00f3n va a pagar deuda pasada explic\u00f3 la Provincia\u201d.<\/b><\/span><\/p><\/blockquote>\n<p><span style=\"font-weight: 400;\">Desde Londres, el gobernador parti\u00f3 a Bruselas d\u00f3nde <\/span><b>se reuni\u00f3 con autoridades del Banco Europeo de Inversiones (BEI)<\/b><span style=\"font-weight: 400;\"> y, posteriormente, con el <\/span><b>ministro de Finanzas y presidente de la Bolsa de Luxemburgo, Gilles Roth<\/b><span style=\"font-weight: 400;\">.\u00a0<\/span><\/p>\n<p><span style=\"font-weight: 400;\">Seg\u00fan inform\u00f3 la provincia, el BEI le manifest\u00f3 su <\/span><b>inter\u00e9s en profundizar su presencia en la regi\u00f3n <\/b><span style=\"font-weight: 400;\">y avanzar en una agenda conjunta, con especial foco en proyectos de infraestructura social y de acceso a agua potable.<\/span><\/p>\n<p><span style=\"font-weight: 400;\">Esta no es la primera salida internacional de Llaryora. En julio de 2024, recorri\u00f3 Asia y Londres para promocionar la provincia como destino de inversiones, con \u00e9nfasis en la industria automotriz y tecnol\u00f3gica.<\/span><\/p>\n<p><span style=\"font-weight: 400;\">\n    <style>\n        .bloque-nota-relacionada {\n            display: flex;\n            flex-wrap: wrap;\n            gap: 20px;\n            padding: 24px;\n            background: #ffffff;\n            border-radius: 12px;\n            box-shadow: 0 12px 28px rgba(0,0,0,0.15);\n            margin: 40px 0;\n            align-items: flex-start;\n        }\n        .bloque-nota-img {\n            flex: 0 0 260px;\n            max-width: 100%;\n        }\n        .bloque-nota-img img {\n            width: 100%;\n            height: auto;\n            border-radius: 10px;\n            object-fit: cover;\n        }\n        .bloque-nota-contenido {\n            flex: 1 1 300px;\n        }\n        .bloque-nota-contenido a {\n            font-size: 21px;\n            font-weight: 600;\n            color: #111;\n            text-decoration: none;\n            line-height: 1.4;\n            display: block;\n            margin-bottom: 10px;\n        }\n        .bloque-nota-contenido p {\n            font-size: 15px;\n            color: #555;\n            line-height: 1.6;\n            margin: 0;\n        }\n        @media (max-width: 600px) {\n            .bloque-nota-relacionada {\n                flex-direction: column;\n                padding: 20px;\n            }\n            .bloque-nota-img {\n                flex: none;\n                width: 100%;\n            }\n            .bloque-nota-contenido {\n                flex: none;\n                width: 100%;\n            }\n        }\n    <\/style>\n\n    <div class=\"bloque-nota-relacionada\">\n        <div class=\"bloque-nota-img\">\n            <img decoding=\"async\" src=\"https:\/\/tribunavm.com.ar\/wp-content\/uploads\/2025\/09\/portada-gobernadores-1024x683.jpg\" alt=\"Las internas pol\u00edticas marcan las fracturas entre sectores econ\u00f3micos\">\n        <\/div>\n        <div class=\"bloque-nota-contenido\">\n            <a href=\"https:\/\/tribunavm.com.ar\/index.php\/2025\/09\/22\/las-internas-politicas-marcan-las-fracturas-entre-sectores-economicos\/\">Las internas pol\u00edticas marcan las fracturas entre sectores econ\u00f3micos<\/a>\n            <p>Gobernadores se articulan a los sectores agroexportadores mientras el gobierno defiende la \u201ccaja\u201d para asegurar rentabilidad a los acreedores financieros.<\/p>\n        <\/div>\n    <\/div><\/span><\/p>\n<\/div>\n<\/div>\n","protected":false},"excerpt":{"rendered":"<p>Martin Llaryora se reuni\u00f3 con empresarios, fondos y representantes del sector financiero en Europa en busca de inversiones.<\/p>\n","protected":false},"author":2,"featured_media":14053,"comment_status":"open","ping_status":"open","sticky":false,"template":"","format":"standard","meta":{"_exactmetrics_skip_tracking":false,"_exactmetrics_sitenote_active":false,"_exactmetrics_sitenote_note":"","_exactmetrics_sitenote_category":0,"jnews-multi-image_gallery":[],"jnews_single_post":[],"jnews_primary_category":[],"jnews_social_meta":[],"jnews_override_counter":[],"_joinchat":[],"footnotes":""},"categories":[279],"tags":[52],"class_list":["post-14051","post","type-post","status-publish","format-standard","has-post-thumbnail","hentry","category-gobierno","tag-finanzas"],"_links":{"self":[{"href":"https:\/\/tribunavm.com.ar\/index.php\/wp-json\/wp\/v2\/posts\/14051"}],"collection":[{"href":"https:\/\/tribunavm.com.ar\/index.php\/wp-json\/wp\/v2\/posts"}],"about":[{"href":"https:\/\/tribunavm.com.ar\/index.php\/wp-json\/wp\/v2\/types\/post"}],"author":[{"embeddable":true,"href":"https:\/\/tribunavm.com.ar\/index.php\/wp-json\/wp\/v2\/users\/2"}],"replies":[{"embeddable":true,"href":"https:\/\/tribunavm.com.ar\/index.php\/wp-json\/wp\/v2\/comments?post=14051"}],"version-history":[{"count":1,"href":"https:\/\/tribunavm.com.ar\/index.php\/wp-json\/wp\/v2\/posts\/14051\/revisions"}],"predecessor-version":[{"id":14054,"href":"https:\/\/tribunavm.com.ar\/index.php\/wp-json\/wp\/v2\/posts\/14051\/revisions\/14054"}],"wp:featuredmedia":[{"embeddable":true,"href":"https:\/\/tribunavm.com.ar\/index.php\/wp-json\/wp\/v2\/media\/14053"}],"wp:attachment":[{"href":"https:\/\/tribunavm.com.ar\/index.php\/wp-json\/wp\/v2\/media?parent=14051"}],"wp:term":[{"taxonomy":"category","embeddable":true,"href":"https:\/\/tribunavm.com.ar\/index.php\/wp-json\/wp\/v2\/categories?post=14051"},{"taxonomy":"post_tag","embeddable":true,"href":"https:\/\/tribunavm.com.ar\/index.php\/wp-json\/wp\/v2\/tags?post=14051"}],"curies":[{"name":"wp","href":"https:\/\/api.w.org\/{rel}","templated":true}]}}