{"id":1416,"date":"2020-08-06T12:55:37","date_gmt":"2020-08-06T12:55:37","guid":{"rendered":"https:\/\/tribunavm.com.ar\/?p=1416"},"modified":"2020-08-06T12:56:37","modified_gmt":"2020-08-06T12:56:37","slug":"la-utt-impulsa-el-debate-por-la-exportacion-de-cerdos","status":"publish","type":"post","link":"https:\/\/tribunavm.com.ar\/index.php\/2020\/08\/06\/la-utt-impulsa-el-debate-por-la-exportacion-de-cerdos\/","title":{"rendered":"La UTT impulsa el debate por la exportaci\u00f3n de cerdos"},"content":{"rendered":"<div class=\"row clearfix\">\n<div class=\"col-md-8\">\n<div class=\"intro-text\">\n<p><span style=\"font-weight: 400;\">En entrevista, <\/span><span style=\"color: #ff6600;\"><b>conversamos con Lucas Tedesco de la Uni\u00f3n de Trabajadores de la Tierra (UTT)<\/b><\/span><span style=\"font-weight: 400;\">, qui\u00e9n acerc\u00f3 una mirada sobre el acuerdo comercial entre Argentina y China para la exportaci\u00f3n de carne porcina. La organizaci\u00f3n representa a los peque\u00f1os y medianos productores de alimentos del pa\u00eds.<\/span><\/p>\n<figure id=\"attachment_1418\" aria-describedby=\"caption-attachment-1418\" style=\"width: 536px\" class=\"wp-caption aligncenter\"><img loading=\"lazy\" decoding=\"async\" class=\"wp-image-1418 \" src=\"https:\/\/tribunavm.com.ar\/wp-content\/uploads\/2020\/08\/Lucas-Tedesco.jpg\" alt=\"\" width=\"536\" height=\"348\" \/><figcaption id=\"caption-attachment-1418\" class=\"wp-caption-text\">Lucas Tedesco. Foto: Huerquen<\/figcaption><\/figure>\n<\/div>\n<ul>\n<li><strong>Contanos Lucas, \u00bfDe que se trata el acuerdo de cooperaci\u00f3n que promueven desde la Canciller\u00eda argentina para la exportaci\u00f3n de cerdos a China?<\/strong><\/li>\n<\/ul>\n<p><span style=\"font-weight: 400;\">No es un acuerdo de cooperaci\u00f3n, es un acuerdo comercial. El acuerdo fue iniciado de espaldas a las organizaciones que representamos a los peque\u00f1os productores de la Argentina, y de repente nos enteramos por los diarios que el Canciller cierra el mega-acuerdo con China para producir miles de kilos de cerdo. Multiplicando la producci\u00f3n de nuestro pa\u00eds, teniendo en cuenta que el cerdo come soja y que nuestro pa\u00eds est\u00e1 sembrado en un 55% con soja, la ecuaci\u00f3n es inviable. No es sustentable.<\/span><\/p>\n<blockquote>\n<h4><span style=\"color: #808080;\">Ver:<\/span> <a href=\"https:\/\/tribunavm.com.ar\/index.php\/2020\/08\/05\/exportacion-de-carne-de-cerdo-a-china\/\"><span style=\"color: #ff6600;\">Exportaci\u00f3n de carne de cerdo a China<\/span><\/a><\/h4>\n<\/blockquote>\n<ul>\n<li><strong>Es decir, que no est\u00e1n de acuerdo con el acuerdo para la exportaci\u00f3n<\/strong><\/li>\n<\/ul>\n<p><span style=\"font-weight: 400;\">Nosotros no estamos en contra de generar valor agregado. Pero el cerdo se alimenta b\u00e1sicamente con soja, y se pone en riesgo obviamente la diversidad, la salud de los argentinos. Primero, porque el modelo del agronegocio y el monocultivo viene generando la contaminaci\u00f3n del agua, la tierra y el aire. Sin ir m\u00e1s lejos, hemos visto avionetas fumigando campos cercano a escuelas a la que asisten chicos. Un modelo donde no importa la vida, y este acuerdo va de la mano con esa mirada.<\/span><\/p>\n<p><span style=\"font-weight: 400;\">Ya pas\u00f3 en \u00c1frica, pas\u00f3 en China, donde este modelo de mega factor\u00edas de carne de cerdo gener\u00f3 la gripe porcina. Ese es un modelo que no respeta la vida, y genera las pandemias. Estamos hablando de salud, ambiente. Las factor\u00edas de cerdo contaminan las napas de aguas por los desechos del chancho.<\/span><\/p>\n<p><span style=\"font-weight: 400;\">Si el d\u00eda de ma\u00f1ana te ofrecen un acuerdo, millonario, pero a costa de la vida, hay que decir que no. Esta gente no est\u00e1 pensando en todos. Est\u00e1n pensando en otros intereses, como el canciller Sol\u00e1 que en el a\u00f1o 90\u00b4 plante\u00f3 el tema de la soja y la riqueza, y lo que creci\u00f3 desde esa \u00e9poca para ac\u00e1, es la pobreza.\u00a0<\/span><\/p>\n<blockquote class=\"pullquote align-center\"><p><span style=\"font-weight: 400; color: #ff6600;\">Ya pas\u00f3 en \u00c1frica, pas\u00f3 en China, donde este modelo de mega factor\u00edas de carne de cerdo gener\u00f3 la gripe porcina. <strong>Ese es un modelo que no respeta la vida, y genera las pandemias.<\/strong><\/span><\/p><\/blockquote>\n<ul>\n<li><strong>\u00bfCuando decis \u201cla gente\u201d, a quienes te refer\u00eds?<\/strong><\/li>\n<\/ul>\n<p><span style=\"font-weight: 400;\">Quienes hacen los acuerdos. No s\u00e9 si el Gobierno en su totalidad, pero <strong>Felipe Sol\u00e1<\/strong> <strong>fue ministro de Menem, y fue quien abri\u00f3 las puertas al modelo sojero que hoy lo estamos padeciendo.<\/strong> El 55% de la tierra de nuestro pa\u00eds est\u00e1 sembrada de soja, y es inviable. Ellos no est\u00e1n pensando en el campo, en las econom\u00edas, y hablo de los intereses de las corporaciones.<\/span><\/p>\n<p><span style=\"font-weight: 400;\">Nosotros somos una organizaci\u00f3n independiente de los partidos pol\u00edticos. Decimos las cosas con Cristina, con Macri o Fern\u00e1ndez. Lo que pensamos no es en rentabilidad, sino de forma solidaria para la producci\u00f3n de alimentos. No el campo que exporta soja, y especula con el d\u00f3lar.<\/span><\/p>\n<p><span style=\"font-weight: 400;\">En Argentina, el 70% de lo que vos comes, cada vez que te sentas a la mesa, lo producimos los peque\u00f1os productores. En un momento que el pa\u00eds est\u00e1 en crisis, despu\u00e9s de 4 a\u00f1os de un gobierno neoliberal que nos endeudo por 100 a\u00f1os, el campo que se enriquece no est\u00e1 pensando en alimentar a la poblaci\u00f3n.\u00a0<\/span><\/p>\n<p><span style=\"font-weight: 400;\">Hoy (por el d\u00eda Viernes) estuvimos frente a la Canciller\u00eda haciendo una olla popular, y con un verduraz\u00f3 mientras al mismo tiempo estuvimos armando bolsones para m\u00e1s de 190 organizaciones integradas en la Red de Comedores por la Soberan\u00eda Alimentaria, en donde articulamos todas las organizaciones de ciudad de Buenos Aires y los productores.<\/span><\/p>\n<figure id=\"attachment_1419\" aria-describedby=\"caption-attachment-1419\" style=\"width: 1280px\" class=\"wp-caption alignnone\"><img loading=\"lazy\" decoding=\"async\" class=\"wp-image-1419 size-full\" src=\"https:\/\/tribunavm.com.ar\/wp-content\/uploads\/2020\/08\/WhatsApp-Image-2020-07-31-at-5.49.22-PM.jpeg\" alt=\"\" width=\"1280\" height=\"720\" srcset=\"https:\/\/tribunavm.com.ar\/wp-content\/uploads\/2020\/08\/WhatsApp-Image-2020-07-31-at-5.49.22-PM.jpeg 1280w, https:\/\/tribunavm.com.ar\/wp-content\/uploads\/2020\/08\/WhatsApp-Image-2020-07-31-at-5.49.22-PM-300x169.jpeg 300w, https:\/\/tribunavm.com.ar\/wp-content\/uploads\/2020\/08\/WhatsApp-Image-2020-07-31-at-5.49.22-PM-1024x576.jpeg 1024w, https:\/\/tribunavm.com.ar\/wp-content\/uploads\/2020\/08\/WhatsApp-Image-2020-07-31-at-5.49.22-PM-768x432.jpeg 768w, https:\/\/tribunavm.com.ar\/wp-content\/uploads\/2020\/08\/WhatsApp-Image-2020-07-31-at-5.49.22-PM-750x422.jpeg 750w, https:\/\/tribunavm.com.ar\/wp-content\/uploads\/2020\/08\/WhatsApp-Image-2020-07-31-at-5.49.22-PM-1140x641.jpeg 1140w\" sizes=\"(max-width: 1280px) 100vw, 1280px\" \/><figcaption id=\"caption-attachment-1419\" class=\"wp-caption-text\">El viernes pasado la UTT realiz\u00f3 un Verdurazo frente a la sede de Cancilleria Argentina.<\/figcaption><\/figure>\n<ul>\n<li style=\"font-weight: 400;\"><strong>\u00bfCu\u00e1l es el an\u00e1lisis de por qu\u00e9 se busca avanzar en el acuerdo en este momento?<\/strong><\/li>\n<\/ul>\n<p><span style=\"font-weight: 400;\">Los chinos <strong>criaron cerdos y tuvieron que sacrificar 8 millones en una fosa com\u00fan por la peste porcina. Adem\u00e1s Argentina es un gran productor de soja<\/strong>, entonces tenes el alimento ac\u00e1, a ellos les interesa la carne. En un momento nos compraban millones de millones de kilos de soja, para engordar a los cerdos, y ahora nos usan a nosotros para multiplicar. <strong>Adem\u00e1s el Covid-19 ha pegado en la econom\u00eda china, que obviamente est\u00e1 buscando disputar territorio a nivel mundial, para poner sus empresas y sus factor\u00edas. No es ac\u00e1 solamente.<\/strong><\/span><\/p>\n<blockquote class=\"pullquote align-center\"><p><span style=\"color: #ff6600;\"><strong>China est\u00e1 buscando disputar territorios a nivel mundial, poner sus empresas y sus factor\u00edas<\/strong><\/span><\/p><\/blockquote>\n<ul>\n<li><strong>Los establecimientos que est\u00e1n actualmente en Argentina, \u00bfDe quienes son?<\/strong><\/li>\n<\/ul>\n<p><span style=\"font-weight: 400;\">Tenes establecimientos nacionales: chicos, medianos, grandes y extranjeros. Nosotros representamos a m\u00e1s de 20 mil productores en Argentina. Y te puedo hablar de los productores diversificados en el territorio nacional, que producimos carne de cerdo, que es para consumo interno. Qu\u00e9 es lo primero que tenemos que asegurar. Despu\u00e9s tenes empresas que entraron con el gobierno de Macri, como Fast Food de Brasil, empresas de Canad\u00e1, que exportan, y otras.<\/span><\/p>\n<p><span style=\"font-weight: 400;\">Y econ\u00f3micamente me preocupa que si va a haber una demanda tan grande de la soja en Argentina, se va a disparar por las nubes. Los peque\u00f1os productores que le damos de comer alimentos balanceados, y tenemos que pagar una soja mucho m\u00e1s cara, vamos a desaparecer.<\/span><\/p>\n<p><span style=\"font-weight: 400;\">El problema es que tenemos una cuesti\u00f3n de concentraci\u00f3n. No hay diversificaci\u00f3n.\u00a0 Entonces, cuando digo gente, me estoy refiriendo a estos intereses que no est\u00e1n pensando en los trabajadores, que nos cuesta llegar a fin de mes, e ir a comprar el morfi para la semana o el mes. Est\u00e1n pensando en hacer negocios, y fugarla. Ahora escuch\u00e9, que el chancho es el nuevo petr\u00f3leo de la Argentina. Una locura total.<\/span><\/p>\n<p><strong>No estamos diciendo que no queremos producir cerdo, exportar y generar divisas. Pero tenemos que pensar como pa\u00eds de forma independiente. Porque hoy bajo estas condiciones estamos dependiendo de China, y ma\u00f1ana de la Bolsa de Seattle de Cereales, que nos va a decir si vamos a tener super\u00e1vit, y con un modelo de super-explotaci\u00f3n.\u00a0 <\/strong><strong>Entonces, el eje de la pol\u00edtica p\u00fablica de esta forma se asienta en un modelo de productividad para los intereses concentrados. Y si vamos a generar divisas, a d\u00f3nde van a ir? se pregunta, \u00bfal pago de la deuda?.<\/strong><\/p>\n<p>&nbsp;<\/p>\n<ul>\n<li><strong>\u00bfC\u00f3mo se est\u00e1n planteando en avanzar como UTT en propuestas concretas?<\/strong><\/li>\n<\/ul>\n<p><span style=\"font-weight: 400;\">Nosotros pensamos que todos los actores que tienen una mirada integral tienen que estar en el debate. Hay cuestiones de soberan\u00eda, que no se tienen que poner sobre la mesa, son l\u00edmites que no podemos permitir. No podemos estar a merced de necesidades de otro. Hay que cuidar lo nuestro.<\/span><\/p>\n<p><span style=\"font-weight: 400;\">La verdad que la \u00fanica manera de poder pensar en que un pa\u00eds pueda salir adelante, es que el Gobierno sea coherente y convoque a una mesa en donde estemos los productores y las organizaciones que representamos a los peque\u00f1os productores de Argentina, junto con otras organizaciones comerciales, que representan otros \u00e1mbitos. Pero que se llegue a t\u00e9rminos medios.<\/span><\/p>\n<p><strong>El gobierno tiene que ser coherente, porque se inaugur\u00f3 el discurso hablando de soberan\u00eda alimentaria y agroecolog\u00eda. Y despu\u00e9s quiso avanzar sobre la expropiaci\u00f3n de Vicentin, y entonces tiene que haber coherencia de lo que se dice y lo que se hace.<\/strong><\/p>\n<\/div>\n<\/div>\n","protected":false},"excerpt":{"rendered":"<p>En entrevista, conversamos con Lucas Tedesco de la Uni\u00f3n de Trabajadores de la Tierra (UTT), qui\u00e9n acerc\u00f3 una mirada sobre el acuerdo comercial entre Argentina y China para la exportaci\u00f3n de carne porcina. La organizaci\u00f3n representa a los peque\u00f1os y medianos productores de alimentos del pa\u00eds. Contanos Lucas, \u00bfDe que se trata el acuerdo de [&hellip;]<\/p>\n","protected":false},"author":2,"featured_media":1417,"comment_status":"open","ping_status":"open","sticky":false,"template":"","format":"standard","meta":{"_exactmetrics_skip_tracking":false,"_exactmetrics_sitenote_active":false,"_exactmetrics_sitenote_note":"","_exactmetrics_sitenote_category":0,"jnews-multi-image_gallery":[],"jnews_single_post":{"source_name":"","source_url":"","via_name":"","via_url":"","override_template":"0","override":[{"template":"1","single_blog_custom":"","parallax":"1","fullscreen":"0","layout":"right-sidebar","sidebar":"default-sidebar","second_sidebar":"default-sidebar","sticky_sidebar":"1","share_position":"top","share_float_style":"share-monocrhome","show_share_counter":"1","show_view_counter":"1","show_featured":"1","show_post_meta":"1","show_post_author":"1","show_post_author_image":"1","show_post_date":"1","post_date_format":"default","post_date_format_custom":"Y\/m\/d","show_post_category":"1","show_post_reading_time":"0","post_reading_time_wpm":"300","show_zoom_button":"0","zoom_button_out_step":"2","zoom_button_in_step":"3","show_post_tag":"1","show_prev_next_post":"1","show_popup_post":"1","number_popup_post":"1","show_author_box":"0","show_post_related":"0","show_inline_post_related":"0"}],"override_image_size":"0","image_override":[{"single_post_thumbnail_size":"crop-500","single_post_gallery_size":"crop-500"}],"trending_post":"0","trending_post_position":"meta","trending_post_label":"Trending","sponsored_post":"0","sponsored_post_label":"Sponsored by","sponsored_post_name":"","sponsored_post_url":"","sponsored_post_logo_enable":"0","sponsored_post_logo":"","sponsored_post_desc":""},"jnews_primary_category":{"id":"24"},"jnews_social_meta":{"fb_title":"","fb_description":"","fb_image":"","twitter_title":"","twitter_description":"","twitter_image":""},"jnews_override_counter":{"override_view_counter":"0","view_counter_number":"0","override_share_counter":"0","share_counter_number":"0","override_like_counter":"0","like_counter_number":"0","override_dislike_counter":"0","dislike_counter_number":"0"},"_joinchat":[],"footnotes":""},"categories":[24],"tags":[41,72,67,39],"class_list":["post-1416","post","type-post","status-publish","format-standard","has-post-thumbnail","hentry","category-opinion","tag-agro","tag-edicion-digital","tag-entrevista","tag-gobierno"],"_links":{"self":[{"href":"https:\/\/tribunavm.com.ar\/index.php\/wp-json\/wp\/v2\/posts\/1416"}],"collection":[{"href":"https:\/\/tribunavm.com.ar\/index.php\/wp-json\/wp\/v2\/posts"}],"about":[{"href":"https:\/\/tribunavm.com.ar\/index.php\/wp-json\/wp\/v2\/types\/post"}],"author":[{"embeddable":true,"href":"https:\/\/tribunavm.com.ar\/index.php\/wp-json\/wp\/v2\/users\/2"}],"replies":[{"embeddable":true,"href":"https:\/\/tribunavm.com.ar\/index.php\/wp-json\/wp\/v2\/comments?post=1416"}],"version-history":[{"count":5,"href":"https:\/\/tribunavm.com.ar\/index.php\/wp-json\/wp\/v2\/posts\/1416\/revisions"}],"predecessor-version":[{"id":1424,"href":"https:\/\/tribunavm.com.ar\/index.php\/wp-json\/wp\/v2\/posts\/1416\/revisions\/1424"}],"wp:featuredmedia":[{"embeddable":true,"href":"https:\/\/tribunavm.com.ar\/index.php\/wp-json\/wp\/v2\/media\/1417"}],"wp:attachment":[{"href":"https:\/\/tribunavm.com.ar\/index.php\/wp-json\/wp\/v2\/media?parent=1416"}],"wp:term":[{"taxonomy":"category","embeddable":true,"href":"https:\/\/tribunavm.com.ar\/index.php\/wp-json\/wp\/v2\/categories?post=1416"},{"taxonomy":"post_tag","embeddable":true,"href":"https:\/\/tribunavm.com.ar\/index.php\/wp-json\/wp\/v2\/tags?post=1416"}],"curies":[{"name":"wp","href":"https:\/\/api.w.org\/{rel}","templated":true}]}}