{"id":14213,"date":"2025-11-03T01:07:51","date_gmt":"2025-11-03T01:07:51","guid":{"rendered":"https:\/\/tribunavm.com.ar\/?p=14213"},"modified":"2025-11-29T14:57:33","modified_gmt":"2025-11-29T14:57:33","slug":"el-movimiento-obrero-se-pronuncia-contra-la-reforma-laboral","status":"publish","type":"post","link":"https:\/\/tribunavm.com.ar\/index.php\/2025\/11\/03\/el-movimiento-obrero-se-pronuncia-contra-la-reforma-laboral\/","title":{"rendered":"El movimiento obrero se pronuncia contra la reforma laboral"},"content":{"rendered":"<div class=\"row clearfix\">\n<div class=\"col-md-8\">\n<p><span style=\"color: #212121; font-size: 1.5em; letter-spacing: -0.01em;\">Dirigentes sindicales expresaron su desacuerdo con la propuesta de reforma laboral impulsada por el gobierno y las c\u00e1maras empresariales.<\/span><\/p>\n<p><span style=\"font-weight: 400;\"><span class=\"dropcap \" style=\"background-color: #ffffff; color: #dd9933; border-color: #ffffff;\">E<\/span>l jueves pasado<\/span><b> se reuni\u00f3 el Consejo Directivo de la Confederaci\u00f3n General del Trabajo (CGT) en la sede de la UOCRA <\/b><span style=\"font-weight: 400;\">de Buenos Aires donde participaron los miembros del triunvirato H\u00e9ctor Daer (Sanidad) y Octavio Arg\u00fcello (Camioneros)<\/span><span style=\"font-weight: 400;\">.<\/span><\/p>\n<p><span style=\"font-weight: 400;\">Adem\u00e1s estuvieron presentes el anfitri\u00f3n Gerardo Martinez, Hugo Moyano (Camioneros), Armando Cavalieri (Comercio), Jos\u00e9 Luis Lingieri (AYSA), Jorge Sol\u00e1 (Seguros), Cristian Jer\u00f3nimo (vidrios), Maia Volcovinsky (Judiciales)<\/span><span style=\"font-weight: 400;\"> y representantes de otros 40 sindicatos aproximadamente.<\/span><\/p>\n<p><span style=\"font-weight: 400;\">Previo al encuentro, Daer hab\u00eda comentado a los medios que el eje central iba a girar en torno a la reforma laboral impulsada por el gobierno. \u201cNosotros tenemos un concepto de progresi\u00f3n de derechos, pero<\/span><b> si es para retroceder no va a haber ninguna negociaci\u00f3n, de ning\u00fan tipo\u201d<\/b><span style=\"font-weight: 400;\">, declar\u00f3 el dirigente.<\/span><\/p>\n<p><span style=\"font-weight: 400;\"> <\/span><\/p>\n<p><span style=\"font-weight: 400;\">Martinez, a trav\u00e9s de un comunicado, aclar\u00f3 que \u201cen las reuniones del Consejo de Mayo,<\/span><b> la CGT, con argumentos y definiciones, expres\u00f3 un contundente y categ\u00f3rico rechazo a cualquier intento de reforma laboral, <\/b><span style=\"font-weight: 400;\">mucho menos aquellos inspirados en el decreto 70\/23\u2033<\/span><span style=\"font-weight: 400;\">.<\/span><\/p>\n<p><span style=\"font-weight: 400;\">Al finalizar la reuni\u00f3n del Consejo Directivo, en una conferencia de prensa, el secretario de Comunicaci\u00f3n de la CGT, Jorge Sol\u00e1, desminti\u00f3 las versiones de que la reforma tiene el apoyo de la CGT ya que <\/span><b>\u201cno tenemos ning\u00fan proyecto que venga del Poder Ejecutivo\u201d y tampoco \u201cnos han invitado a discutir\u201d<\/b><span style=\"font-weight: 400;\">.<\/span><\/p>\n<p><span style=\"font-weight: 400;\">\u201cEst\u00e1n envalentonados porque tuvieron un triunfo pol\u00edtico,<\/span><b> la tarea nuestra ser\u00e1 oponernos y ayudar a construir una alternativa<\/b><span style=\"font-weight: 400;\">\u201d, exclam\u00f3.<\/span><\/p>\n<p><span style=\"color: #ff9900;\"><b>Otras posiciones<\/b><\/span><\/p>\n<p><span style=\"font-weight: 400;\">Por otro lado, varias organizaciones y dirigentes gremiales se posicionaron al respecto. <\/span><b>Daniel Yofra, de la Federaci\u00f3n de Aceiteros<\/b><span style=\"font-weight: 400;\">, dijo en una entrevista radial que <\/span><b>desde el Gobierno Nacional \u201ctienen un objetivo y lo van a tratar de cumplir: hacerle la guerra a la clase trabajadora\u201d<\/b><span style=\"font-weight: 400;\">.<\/span><\/p>\n<figure id=\"attachment_14214\" aria-describedby=\"caption-attachment-14214\" style=\"width: 1024px\" class=\"wp-caption alignnone\"><img loading=\"lazy\" decoding=\"async\" class=\"size-large wp-image-14214\" src=\"https:\/\/tribunavm.com.ar\/wp-content\/uploads\/2025\/11\/2-1024x683.jpeg\" alt=\"\" width=\"1024\" height=\"683\" srcset=\"https:\/\/tribunavm.com.ar\/wp-content\/uploads\/2025\/11\/2-1024x683.jpeg 1024w, https:\/\/tribunavm.com.ar\/wp-content\/uploads\/2025\/11\/2-300x200.jpeg 300w, https:\/\/tribunavm.com.ar\/wp-content\/uploads\/2025\/11\/2-768x512.jpeg 768w, https:\/\/tribunavm.com.ar\/wp-content\/uploads\/2025\/11\/2-750x500.jpeg 750w, https:\/\/tribunavm.com.ar\/wp-content\/uploads\/2025\/11\/2-1140x760.jpeg 1140w, https:\/\/tribunavm.com.ar\/wp-content\/uploads\/2025\/11\/2.jpeg 1200w\" sizes=\"(max-width: 1024px) 100vw, 1024px\" \/><figcaption id=\"caption-attachment-14214\" class=\"wp-caption-text\">Daniel Yofra, secretario general de la Federaci\u00f3n de Trabajadores del Complejo Industrial Oleaginoso, Desmotadores de Algod\u00f3n y Afines (F.T.C.I.O.D y A.R.A.).<\/figcaption><\/figure>\n<p><span style=\"font-weight: 400;\">A su vez, critic\u00f3 a la CGT por formar parte del Consejo de Mayo: \u201cni siquiera tienen en la discusi\u00f3n el Salario M\u00ednimo, que est\u00e1 por debajo de la indigencia\u201d.<\/span><b> \u201cCreo que hay que ir a un plan de lucha\u201d armando \u201cun frente sindical\u201d,<\/b><span style=\"font-weight: 400;\"> sentenci\u00f3.<\/span><\/p>\n<p><b>Mercedes Cabezas, secretaria general adjunta de ATE Nacional,<\/b><span style=\"font-weight: 400;\"> dijo que <\/span><b>desde el gobierno est\u00e1n haciendo circular tres proyectos \u201cnefastos en todo su esplendor\u201d<\/b><span style=\"font-weight: 400;\">. Todos ellos \u201chablan de bancos de horas, de 12 horas laborales, de la quita de indemnizaciones, de extensi\u00f3n de per\u00edodos de prueba y situaciones de p\u00e9rdida de derechos\u201d.<\/span><\/p>\n<p><span style=\"font-weight: 400;\">Adem\u00e1s, expres\u00f3 que \u201c<\/span><b>los trabajadores que no pueden llegar a fin de mes y quieren recuperar sus derechos van a ir a una resistencia<\/b><span style=\"font-weight: 400;\">\u201d.<\/span><\/p>\n<p><span style=\"font-weight: 400;\">Tambi\u00e9n la <\/span><b>Uni\u00f3n General de Asociaciones de Trabajadores del Transporte (UGATT), que lidera Omar Maturano<\/b><span style=\"font-weight: 400;\">, emiti\u00f3 un comunicado titulado \u201cTrabajadores a despertar\u201d. All\u00ed denuncian que<\/span><b> la reforma \u201cs\u00f3lo busca volver a una flexibilizaci\u00f3n laboral encubierta\u201d<\/b><span style=\"font-weight: 400;\">.<\/span><\/p>\n<p><span style=\"font-weight: 400;\">\u201c<\/span><b>El sindicalismo del transporte no se opone al progreso, sino a la destrucci\u00f3n del trabajo digno<\/b><span style=\"font-weight: 400;\">. Ning\u00fan pa\u00eds se desarroll\u00f3 empobreciendo a sus trabajadores\u201d, concluye el documento.<\/span><\/p>\n<p>&nbsp;<\/p>\n<\/div>\n<\/div>\n","protected":false},"excerpt":{"rendered":"<p>Dirigentes sindicales expresaron su desacuerdo con la propuesta de reforma laboral impulsada por el gobierno y las c\u00e1maras empresariales.<\/p>\n","protected":false},"author":2,"featured_media":14216,"comment_status":"open","ping_status":"open","sticky":false,"template":"","format":"standard","meta":{"_exactmetrics_skip_tracking":false,"_exactmetrics_sitenote_active":false,"_exactmetrics_sitenote_note":"","_exactmetrics_sitenote_category":0,"jnews-multi-image_gallery":[],"jnews_single_post":{"format":"standard","override":[{"template":"5","parallax":"1","fullscreen":"1","layout":"right-sidebar","sidebar":"default-sidebar","second_sidebar":"default-sidebar","sticky_sidebar":"1","share_position":"hide","share_float_style":"share-monocrhome","show_featured":"1","show_post_meta":"1","show_post_author_image":"1","show_post_date":"1","post_date_format":"custom","post_date_format_custom":"d-m-Y","show_post_category":"1","post_reading_time_wpm":"300","post_calculate_word_method":"count_blank","show_zoom_button":"0","zoom_button_out_step":"2","zoom_button_in_step":"3","show_post_tag":"1","number_popup_post":"1","show_author_box":"0","show_post_related":"1"}],"image_override":[{"single_post_thumbnail_size":"crop-500","single_post_gallery_size":"crop-500"}],"trending_post_position":"meta","trending_post_label":"Trending","sponsored_post_label":"Sponsored by","disable_ad":"0"},"jnews_primary_category":[],"jnews_social_meta":[],"jnews_override_counter":{"view_counter_number":"0","share_counter_number":"0","like_counter_number":"0","dislike_counter_number":"0"},"_joinchat":[],"footnotes":""},"categories":[22],"tags":[190],"class_list":["post-14213","post","type-post","status-publish","format-standard","has-post-thumbnail","hentry","category-actualidad","tag-cgt"],"_links":{"self":[{"href":"https:\/\/tribunavm.com.ar\/index.php\/wp-json\/wp\/v2\/posts\/14213"}],"collection":[{"href":"https:\/\/tribunavm.com.ar\/index.php\/wp-json\/wp\/v2\/posts"}],"about":[{"href":"https:\/\/tribunavm.com.ar\/index.php\/wp-json\/wp\/v2\/types\/post"}],"author":[{"embeddable":true,"href":"https:\/\/tribunavm.com.ar\/index.php\/wp-json\/wp\/v2\/users\/2"}],"replies":[{"embeddable":true,"href":"https:\/\/tribunavm.com.ar\/index.php\/wp-json\/wp\/v2\/comments?post=14213"}],"version-history":[{"count":3,"href":"https:\/\/tribunavm.com.ar\/index.php\/wp-json\/wp\/v2\/posts\/14213\/revisions"}],"predecessor-version":[{"id":14220,"href":"https:\/\/tribunavm.com.ar\/index.php\/wp-json\/wp\/v2\/posts\/14213\/revisions\/14220"}],"wp:featuredmedia":[{"embeddable":true,"href":"https:\/\/tribunavm.com.ar\/index.php\/wp-json\/wp\/v2\/media\/14216"}],"wp:attachment":[{"href":"https:\/\/tribunavm.com.ar\/index.php\/wp-json\/wp\/v2\/media?parent=14213"}],"wp:term":[{"taxonomy":"category","embeddable":true,"href":"https:\/\/tribunavm.com.ar\/index.php\/wp-json\/wp\/v2\/categories?post=14213"},{"taxonomy":"post_tag","embeddable":true,"href":"https:\/\/tribunavm.com.ar\/index.php\/wp-json\/wp\/v2\/tags?post=14213"}],"curies":[{"name":"wp","href":"https:\/\/api.w.org\/{rel}","templated":true}]}}