{"id":14305,"date":"2025-11-17T01:15:50","date_gmt":"2025-11-17T01:15:50","guid":{"rendered":"https:\/\/tribunavm.com.ar\/?p=14305"},"modified":"2025-11-15T17:19:59","modified_gmt":"2025-11-15T17:19:59","slug":"la-libertad-avanza-para-los-fondos-financieros","status":"publish","type":"post","link":"https:\/\/tribunavm.com.ar\/index.php\/2025\/11\/17\/la-libertad-avanza-para-los-fondos-financieros\/","title":{"rendered":"La libertad avanza para los fondos financieros"},"content":{"rendered":"<div class=\"row clearfix\">\n<div class=\"col-md-8\">\n<div class=\"intro-text\">\n<p><span style=\"font-weight: 400;\">El Gobierno anunci\u00f3 modificaciones de normativas en beneficio de los Fondos Comunes de Inversi\u00f3n. Sin embargo, estos le responden exigiendo la flotaci\u00f3n del peso.<\/span><\/p>\n<\/div>\n<p><span style=\"font-weight: 400;\"><span class=\"dropcap \" style=\"background-color: #ffffff; color: #dd9933; border-color: #ffffff;\">L<\/span>a <\/span><b>Comisi\u00f3n Nacional de Valores (CNV)<\/b><span style=\"font-weight: 400;\">, organismo p\u00fablico que regula el mercado financiero en el pa\u00eds, <\/span><b>puso en marcha una reforma normativa que simplifica las regulaciones a los Fondos Comunes de Inversi\u00f3n (FCI)<\/b><span style=\"font-weight: 400;\">, con el objetivo de agilizar procesos y reducir cargas administrativas a los actores del mercado de capitales.<\/span><\/p>\n<p><span style=\"font-weight: 400;\">La medida fue oficializada mediante la <\/span><span style=\"color: #ff9900;\"><a style=\"color: #ff9900;\" href=\"https:\/\/www.boletinoficial.gob.ar\/detalleAviso\/primera\/333774\/20251031\"><span style=\"font-weight: 400;\">Resoluci\u00f3n General 1089\/2025<\/span><\/a><\/span><span style=\"font-weight: 400;\">, publicada el 31 de octubre en el Bolet\u00edn Oficial y vigente desde el 1 de noviembre. La reforma alcanza tanto a los FCI, as\u00ed como a los agentes que intervienen en su operatoria.<\/span><\/p>\n<p><span style=\"font-weight: 400;\">La nueva normativa reestructura integralmente el r\u00e9gimen de los FCI <\/span><b>acelerando procedimientos como la autorizaci\u00f3n inicial de nuevos fondos, la aprobaci\u00f3n de pol\u00edticas de inversi\u00f3n espec\u00edficas y la sustituci\u00f3n de \u00f3rganos de administraci\u00f3n y custodia.<\/b><\/p>\n<p><span style=\"font-weight: 400;\">\n    <style>\n        .bloque-nota-relacionada {\n            display: flex;\n            flex-wrap: wrap;\n            gap: 20px;\n            padding: 24px;\n            background: #ffffff;\n            border-radius: 12px;\n            box-shadow: 0 12px 28px rgba(0,0,0,0.15);\n            margin: 40px 0;\n            align-items: flex-start;\n        }\n        .bloque-nota-img {\n            flex: 0 0 260px;\n            max-width: 100%;\n        }\n        .bloque-nota-img img {\n            width: 100%;\n            height: auto;\n            border-radius: 10px;\n            object-fit: cover;\n        }\n        .bloque-nota-contenido {\n            flex: 1 1 300px;\n        }\n        .bloque-nota-contenido a {\n            font-size: 21px;\n            font-weight: 600;\n            color: #111;\n            text-decoration: none;\n            line-height: 1.4;\n            display: block;\n            margin-bottom: 10px;\n        }\n        .bloque-nota-contenido p {\n            font-size: 15px;\n            color: #555;\n            line-height: 1.6;\n            margin: 0;\n        }\n        @media (max-width: 600px) {\n            .bloque-nota-relacionada {\n                flex-direction: column;\n                padding: 20px;\n            }\n            .bloque-nota-img {\n                flex: none;\n                width: 100%;\n            }\n            .bloque-nota-contenido {\n                flex: none;\n                width: 100%;\n            }\n        }\n    <\/style>\n\n    <div class=\"bloque-nota-relacionada\">\n        <div class=\"bloque-nota-img\">\n            <img decoding=\"async\" src=\"https:\/\/tribunavm.com.ar\/wp-content\/uploads\/2025\/06\/PORTADA-5-1024x683.png\" alt=\"La pol\u00edtica de los fondos de inversi\u00f3n en el pa\u00eds\">\n        <\/div>\n        <div class=\"bloque-nota-contenido\">\n            <a href=\"https:\/\/tribunavm.com.ar\/index.php\/2025\/06\/30\/la-politica-de-los-fondos-de-inversion-en-el-pais\/\">La pol\u00edtica de los fondos de inversi\u00f3n en el pa\u00eds<\/a>\n            <p>Desde la Comisi\u00f3n Nacional de Valores, el Ministerio de Econom\u00eda y el Banco Central se impulsan reformas para fortalecer el mercado de capitales en Argentina.<\/p>\n        <\/div>\n    <\/div><\/span><\/p>\n<p><b>La CNV destac\u00f3 que estos cambios buscan adaptar el marco regulatorio argentino a est\u00e1ndares internacionales de<\/b> <b>\u201ctransparencia\u201d y \u201cprotecci\u00f3n al inversor\u201d<\/b><span style=\"font-weight: 400;\">.<\/span><\/p>\n<p><span style=\"font-weight: 400;\">El presidente de la CNV, Roberto Silva, present\u00f3 estas medidas el mi\u00e9rcoles pasado durante la apertura del Simposio de Mercado de Capitales y Finanzas Corporativas del Instituto Argentino de Ejecutivos en Finanzas (IAEF).<\/span><\/p>\n<p><span style=\"font-weight: 400;\">All\u00ed record\u00f3 que, desde 2024, el organismo se propuso normalizar y desarrollar el mercado de capitales en coordinaci\u00f3n con el Ministerio de Econom\u00eda y el Banco Central.<\/span><\/p>\n<figure id=\"attachment_14306\" aria-describedby=\"caption-attachment-14306\" style=\"width: 1024px\" class=\"wp-caption alignnone\"><img loading=\"lazy\" decoding=\"async\" class=\"size-large wp-image-14306\" src=\"https:\/\/tribunavm.com.ar\/wp-content\/uploads\/2025\/11\/interior-SILVA-CNV-1024x572.png\" alt=\"\" width=\"1024\" height=\"572\" srcset=\"https:\/\/tribunavm.com.ar\/wp-content\/uploads\/2025\/11\/interior-SILVA-CNV-1024x572.png 1024w, https:\/\/tribunavm.com.ar\/wp-content\/uploads\/2025\/11\/interior-SILVA-CNV-300x168.png 300w, https:\/\/tribunavm.com.ar\/wp-content\/uploads\/2025\/11\/interior-SILVA-CNV-768x429.png 768w, https:\/\/tribunavm.com.ar\/wp-content\/uploads\/2025\/11\/interior-SILVA-CNV-750x419.png 750w, https:\/\/tribunavm.com.ar\/wp-content\/uploads\/2025\/11\/interior-SILVA-CNV-1140x637.png 1140w, https:\/\/tribunavm.com.ar\/wp-content\/uploads\/2025\/11\/interior-SILVA-CNV.png 1359w\" sizes=\"(max-width: 1024px) 100vw, 1024px\" \/><figcaption id=\"caption-attachment-14306\" class=\"wp-caption-text\">Roberto Silva (CNV), en el simposio de la IAEF.<\/figcaption><\/figure>\n<p><span style=\"font-weight: 400;\">\u201cHemos cumplido varios de estos objetivos <\/span><b>sancionando las 100 primeras regulaciones de esta gesti\u00f3n<\/b><span style=\"font-weight: 400;\">, que representan un salto hist\u00f3rico hacia la modernizaci\u00f3n, desregulaci\u00f3n y simplificaci\u00f3n del mercado\u201d, afirm\u00f3 Silva.<\/span><\/p>\n<p><span style=\"font-weight: 400;\">Tambi\u00e9n destac\u00f3 que normativas recientes \u2014como las de tokenizaci\u00f3n y PSAVs (&#8220;Proveedor de Servicios de Activos Virtuales&#8221;)\u2014 posicionaron a la Argentina \u201ca la vanguardia de la regi\u00f3n y del mundo\u201d.<\/span><\/p>\n<p><span style=\"font-weight: 400;\">El d\u00eda anterior, durante su paso por el foro organizado por la C\u00e1mara Argentina Fintech, Silva tambi\u00e9n resalt\u00f3 las regulaciones que representan \u201cun salto hacia la modernidad y la desregulaci\u00f3n en el mercado de capitales, con el objetivo de impulsar su desarrollo\u201d.<\/span><\/p>\n<p><span style=\"font-weight: 400;\">\n    <style>\n        .bloque-nota-relacionada {\n            display: flex;\n            flex-wrap: wrap;\n            gap: 20px;\n            padding: 24px;\n            background: #ffffff;\n            border-radius: 12px;\n            box-shadow: 0 12px 28px rgba(0,0,0,0.15);\n            margin: 40px 0;\n            align-items: flex-start;\n        }\n        .bloque-nota-img {\n            flex: 0 0 260px;\n            max-width: 100%;\n        }\n        .bloque-nota-img img {\n            width: 100%;\n            height: auto;\n            border-radius: 10px;\n            object-fit: cover;\n        }\n        .bloque-nota-contenido {\n            flex: 1 1 300px;\n        }\n        .bloque-nota-contenido a {\n            font-size: 21px;\n            font-weight: 600;\n            color: #111;\n            text-decoration: none;\n            line-height: 1.4;\n            display: block;\n            margin-bottom: 10px;\n        }\n        .bloque-nota-contenido p {\n            font-size: 15px;\n            color: #555;\n            line-height: 1.6;\n            margin: 0;\n        }\n        @media (max-width: 600px) {\n            .bloque-nota-relacionada {\n                flex-direction: column;\n                padding: 20px;\n            }\n            .bloque-nota-img {\n                flex: none;\n                width: 100%;\n            }\n            .bloque-nota-contenido {\n                flex: none;\n                width: 100%;\n            }\n        }\n    <\/style>\n\n    <div class=\"bloque-nota-relacionada\">\n        <div class=\"bloque-nota-img\">\n            <img decoding=\"async\" src=\"https:\/\/tribunavm.com.ar\/wp-content\/uploads\/2025\/11\/Portada-1024x682.jpeg\" alt=\"El bloque financiero avanza\">\n        <\/div>\n        <div class=\"bloque-nota-contenido\">\n            <a href=\"https:\/\/tribunavm.com.ar\/index.php\/2025\/11\/03\/el-bloque-financiero-avanza\/\">El bloque financiero avanza<\/a>\n            <p>El Tesoro estadounidense junto al JP Morgan y los organismos internacionales de cr\u00e9dito tomaron posiciones en la deuda y el gabinete del Gobierno para fortalecer su pol\u00edtica de ocupaci\u00f3n.<\/p>\n        <\/div>\n    <\/div><\/span><\/p>\n<p><b>Sin embargo, los fondos demandan la liberaci\u00f3n del esquema cambiario.<\/b><span style=\"font-weight: 400;\">\u00a0<\/span><\/p>\n<p><span style=\"font-weight: 400;\">&#8220;Recomiendo dejar flotar el peso si quieren romper el ciclo de auge y ca\u00edda. <\/span><b>Los inversores extranjeros no invertiremos en activos locales a estos niveles de tipo de cambio<\/b><span style=\"font-weight: 400;\">. Punto final&#8221;, sentenci\u00f3 en declaraciones a la prensa Pramol Dhawan, director de gesti\u00f3n de cartera de mercados emergentes de <\/span><b>Pimco<\/b><span style=\"font-weight: 400;\">, uno de los fondos de inversi\u00f3n m\u00e1s grandes del mundo.<\/span><\/p>\n<p><span style=\"font-weight: 400;\">Estas declaraciones se dieron en el marco previo a un encuentro que el presidente Javier Milei sostuvo con inversores internacionales en el Council of the Americas, en Nueva York, en su \u00faltima visita al pa\u00eds norteamericano.<\/span><\/p>\n<p><span style=\"font-weight: 400;\">\u201cSi alguien realmente cree que se puede flotar libremente en un mercado que opera 90, 100, 200 millones por d\u00eda, me parece que no operaron nunca un mercado. <\/span><b>No pidamos cosas que no se pueden hacer<\/b><span style=\"font-weight: 400;\">\u201d, respondi\u00f3 el ministro Caputo, el pasado viernes en la 31\u00aa Conferencia organizada por la Uni\u00f3n Industrial Argentina (UIA).<\/span><\/p>\n<p><span style=\"font-weight: 400;\">\n    <style>\n        .bloque-nota-relacionada {\n            display: flex;\n            flex-wrap: wrap;\n            gap: 20px;\n            padding: 24px;\n            background: #ffffff;\n            border-radius: 12px;\n            box-shadow: 0 12px 28px rgba(0,0,0,0.15);\n            margin: 40px 0;\n            align-items: flex-start;\n        }\n        .bloque-nota-img {\n            flex: 0 0 260px;\n            max-width: 100%;\n        }\n        .bloque-nota-img img {\n            width: 100%;\n            height: auto;\n            border-radius: 10px;\n            object-fit: cover;\n        }\n        .bloque-nota-contenido {\n            flex: 1 1 300px;\n        }\n        .bloque-nota-contenido a {\n            font-size: 21px;\n            font-weight: 600;\n            color: #111;\n            text-decoration: none;\n            line-height: 1.4;\n            display: block;\n            margin-bottom: 10px;\n        }\n        .bloque-nota-contenido p {\n            font-size: 15px;\n            color: #555;\n            line-height: 1.6;\n            margin: 0;\n        }\n        @media (max-width: 600px) {\n            .bloque-nota-relacionada {\n                flex-direction: column;\n                padding: 20px;\n            }\n            .bloque-nota-img {\n                flex: none;\n                width: 100%;\n            }\n            .bloque-nota-contenido {\n                flex: none;\n                width: 100%;\n            }\n        }\n    <\/style>\n\n    <div class=\"bloque-nota-relacionada\">\n        <div class=\"bloque-nota-img\">\n            <img decoding=\"async\" src=\"https:\/\/tribunavm.com.ar\/wp-content\/uploads\/2025\/05\/ChatGPT-Image-17-may-2025-11_47_42-a.m-1024x683.png\" alt=\"Reformas a medida de los inversores\">\n        <\/div>\n        <div class=\"bloque-nota-contenido\">\n            <a href=\"https:\/\/tribunavm.com.ar\/index.php\/2025\/05\/19\/reformas-a-medida-de-los-inversores\/\">Reformas a medida de los inversores<\/a>\n            <p>La Comisi\u00f3n Nacional de Valores promueve un nuevo sistema de indemnizaci\u00f3n por despidos como negocio para los Fondos de Inversi\u00f3n. Se profundiza la reforma laboral y previsional contra los trabajadores.<\/p>\n        <\/div>\n    <\/div><\/span><\/p>\n<\/div>\n<\/div>\n","protected":false},"excerpt":{"rendered":"<p>El Gobierno anunci\u00f3 modificaciones de normativas en beneficio de los Fondos Comunes de Inversi\u00f3n. Sin embargo, estos le responden exigiendo la flotaci\u00f3n del peso.<\/p>\n","protected":false},"author":2,"featured_media":14307,"comment_status":"open","ping_status":"open","sticky":false,"template":"","format":"standard","meta":{"_exactmetrics_skip_tracking":false,"_exactmetrics_sitenote_active":false,"_exactmetrics_sitenote_note":"","_exactmetrics_sitenote_category":0,"jnews-multi-image_gallery":[],"jnews_single_post":[],"jnews_primary_category":[],"jnews_social_meta":[],"jnews_override_counter":[],"_joinchat":[],"footnotes":""},"categories":[278],"tags":[52],"class_list":["post-14305","post","type-post","status-publish","format-standard","has-post-thumbnail","hentry","category-economia","tag-finanzas"],"_links":{"self":[{"href":"https:\/\/tribunavm.com.ar\/index.php\/wp-json\/wp\/v2\/posts\/14305"}],"collection":[{"href":"https:\/\/tribunavm.com.ar\/index.php\/wp-json\/wp\/v2\/posts"}],"about":[{"href":"https:\/\/tribunavm.com.ar\/index.php\/wp-json\/wp\/v2\/types\/post"}],"author":[{"embeddable":true,"href":"https:\/\/tribunavm.com.ar\/index.php\/wp-json\/wp\/v2\/users\/2"}],"replies":[{"embeddable":true,"href":"https:\/\/tribunavm.com.ar\/index.php\/wp-json\/wp\/v2\/comments?post=14305"}],"version-history":[{"count":1,"href":"https:\/\/tribunavm.com.ar\/index.php\/wp-json\/wp\/v2\/posts\/14305\/revisions"}],"predecessor-version":[{"id":14308,"href":"https:\/\/tribunavm.com.ar\/index.php\/wp-json\/wp\/v2\/posts\/14305\/revisions\/14308"}],"wp:featuredmedia":[{"embeddable":true,"href":"https:\/\/tribunavm.com.ar\/index.php\/wp-json\/wp\/v2\/media\/14307"}],"wp:attachment":[{"href":"https:\/\/tribunavm.com.ar\/index.php\/wp-json\/wp\/v2\/media?parent=14305"}],"wp:term":[{"taxonomy":"category","embeddable":true,"href":"https:\/\/tribunavm.com.ar\/index.php\/wp-json\/wp\/v2\/categories?post=14305"},{"taxonomy":"post_tag","embeddable":true,"href":"https:\/\/tribunavm.com.ar\/index.php\/wp-json\/wp\/v2\/tags?post=14305"}],"curies":[{"name":"wp","href":"https:\/\/api.w.org\/{rel}","templated":true}]}}