{"id":14317,"date":"2025-11-17T01:54:57","date_gmt":"2025-11-17T01:54:57","guid":{"rendered":"https:\/\/tribunavm.com.ar\/?p=14317"},"modified":"2025-11-15T18:14:05","modified_gmt":"2025-11-15T18:14:05","slug":"locos-de-remate","status":"publish","type":"post","link":"https:\/\/tribunavm.com.ar\/index.php\/2025\/11\/17\/locos-de-remate\/","title":{"rendered":"Locos de remate"},"content":{"rendered":"<div class=\"row clearfix\">\n<div class=\"col-md-8\">\n<div class=\"intro-text\">\n<p><span style=\"font-weight: 400;\">El JP Morgan gana posiciones en el gobierno abriendo el juego a las inversiones privadas con la venta de empresas p\u00fablicas, mientras busca acordar con otros actores cambios en la legislaci\u00f3n laboral y fiscal.\u00a0<\/span><\/p>\n<\/div>\n<p><span style=\"font-weight: 400;\"><span class=\"dropcap \" style=\"background-color: #ffffff; color: #dd9933; border-color: #ffffff;\">L<\/span>uego del resultado triunfal de las elecciones, <\/span><b>el bloque comandado por el JP Morgan fortaleci\u00f3 sus posiciones en el pa\u00eds reubicando y colocando a m\u00e1s funcionarios dentro del Gobierno Nacional.<\/b><span style=\"font-weight: 400;\">\u00a0<\/span><\/p>\n<p><span style=\"font-weight: 400;\">Sumado a los designados anteriormente, asumi\u00f3 como secretario de Finanzas <\/span><b>Alejandro Lew<\/b><span style=\"font-weight: 400;\">, quien trabaj\u00f3 durante m\u00e1s de una d\u00e9cada en la sede de la entidad en Nueva York enfocado en mercados emergentes.<\/span><\/p>\n<p><span style=\"font-weight: 400;\">A la cabeza del equipo se encuentra <\/span><b>Luis Caputo, Ministro de Econom\u00eda<\/b><span style=\"font-weight: 400;\">, un reconocido funcionario del banco, quien se encuentra acompa\u00f1ado por <\/span><b>Jos\u00e9 Luis Daza como secretario de Pol\u00edtica Econ\u00f3mica<\/b><span style=\"font-weight: 400;\">, exdirector gerente y jefe de investigaci\u00f3n de mercados emergentes en Nueva York.\u00a0<\/span><\/p>\n<p><span style=\"font-weight: 400;\">\n    <style>\n        .bloque-nota-relacionada {\n            display: flex;\n            flex-wrap: wrap;\n            gap: 20px;\n            padding: 24px;\n            background: #ffffff;\n            border-radius: 12px;\n            box-shadow: 0 12px 28px rgba(0,0,0,0.15);\n            margin: 40px 0;\n            align-items: flex-start;\n        }\n        .bloque-nota-img {\n            flex: 0 0 260px;\n            max-width: 100%;\n        }\n        .bloque-nota-img img {\n            width: 100%;\n            height: auto;\n            border-radius: 10px;\n            object-fit: cover;\n        }\n        .bloque-nota-contenido {\n            flex: 1 1 300px;\n        }\n        .bloque-nota-contenido a {\n            font-size: 21px;\n            font-weight: 600;\n            color: #111;\n            text-decoration: none;\n            line-height: 1.4;\n            display: block;\n            margin-bottom: 10px;\n        }\n        .bloque-nota-contenido p {\n            font-size: 15px;\n            color: #555;\n            line-height: 1.6;\n            margin: 0;\n        }\n        @media (max-width: 600px) {\n            .bloque-nota-relacionada {\n                flex-direction: column;\n                padding: 20px;\n            }\n            .bloque-nota-img {\n                flex: none;\n                width: 100%;\n            }\n            .bloque-nota-contenido {\n                flex: none;\n                width: 100%;\n            }\n        }\n    <\/style>\n\n    <div class=\"bloque-nota-relacionada\">\n        <div class=\"bloque-nota-img\">\n            <img decoding=\"async\" src=\"https:\/\/tribunavm.com.ar\/wp-content\/uploads\/2024\/02\/1-tapa-1024x576.jpg\" alt=\"La sentencia estaba escrita\">\n        <\/div>\n        <div class=\"bloque-nota-contenido\">\n            <a href=\"https:\/\/tribunavm.com.ar\/index.php\/2024\/02\/19\/la-sentencia-estaba-escrita\/\">La sentencia estaba escrita<\/a>\n            <p>El recorte de los fondos del transporte al interior del pa\u00eds del Gobierno, antes que una declaraci\u00f3n de guerra a los gobernadores, fue una \u201csugerencia\u201d del banco JP Morgan.<\/p>\n        <\/div>\n    <\/div><\/span><\/p>\n<p><span style=\"font-weight: 400;\">El Banco Central (BCRA) tambi\u00e9n est\u00e1 tomado: <\/span><b>Santiago Bausili<\/b><span style=\"font-weight: 400;\">, su actual presidente, fue director para Latinoam\u00e9rica del JP Morgan, mientras que <\/span><b>Vladimir Werning<\/b><span style=\"font-weight: 400;\">, su vicepresidente, lleg\u00f3 a ser director ejecutivo y economista jefe para la regi\u00f3n. Sumado a otros cuantos miembros del directorio tambi\u00e9n provenientes de la misma entidad.<\/span><\/p>\n<p><span style=\"font-weight: 400;\">Otro agente del grupo es <\/span><b>Pablo Quirno<\/b><span style=\"font-weight: 400;\">, quien se desempe\u00f1\u00f3 como secretario de Finanzas hasta el 28 de octubre cuando asumi\u00f3 como ministro de Relaciones Exteriores. Tambi\u00e9n trabaj\u00f3 en el JP Morgan como director para Latinoam\u00e9rica desde Nueva York.<\/span><\/p>\n<p><span style=\"color: #ff9900;\"><b>Programa\u00a0<\/b><\/span><\/p>\n<p><span style=\"font-weight: 400;\">De esta manera se acent\u00faa su programa econ\u00f3mico que tiene el objetivo de garantizar las jugosas tasas de inter\u00e9s en el sistema financiero local. Para ello, <\/span><b>debe acompa\u00f1arlo de una pol\u00edtica de ajuste fiscal e incremento de la deuda p\u00fablica, fortaleciendo en paralelo el esquema de reprimarizaci\u00f3n de la econom\u00eda<\/b><span style=\"font-weight: 400;\">.\u00a0<\/span><\/p>\n<p><span style=\"font-weight: 400;\">En el an\u00e1lisis de la edici\u00f3n anterior describimos la lucha de este bloque financiero por el control de las variables econ\u00f3micas y los grupos subordinados, aunque<\/span><b> las medidas implementadas a tal fin no son suficientes hasta el momento.<\/b><\/p>\n<p><span style=\"font-weight: 400;\">\n    <style>\n        .bloque-nota-relacionada {\n            display: flex;\n            flex-wrap: wrap;\n            gap: 20px;\n            padding: 24px;\n            background: #ffffff;\n            border-radius: 12px;\n            box-shadow: 0 12px 28px rgba(0,0,0,0.15);\n            margin: 40px 0;\n            align-items: flex-start;\n        }\n        .bloque-nota-img {\n            flex: 0 0 260px;\n            max-width: 100%;\n        }\n        .bloque-nota-img img {\n            width: 100%;\n            height: auto;\n            border-radius: 10px;\n            object-fit: cover;\n        }\n        .bloque-nota-contenido {\n            flex: 1 1 300px;\n        }\n        .bloque-nota-contenido a {\n            font-size: 21px;\n            font-weight: 600;\n            color: #111;\n            text-decoration: none;\n            line-height: 1.4;\n            display: block;\n            margin-bottom: 10px;\n        }\n        .bloque-nota-contenido p {\n            font-size: 15px;\n            color: #555;\n            line-height: 1.6;\n            margin: 0;\n        }\n        @media (max-width: 600px) {\n            .bloque-nota-relacionada {\n                flex-direction: column;\n                padding: 20px;\n            }\n            .bloque-nota-img {\n                flex: none;\n                width: 100%;\n            }\n            .bloque-nota-contenido {\n                flex: none;\n                width: 100%;\n            }\n        }\n    <\/style>\n\n    <div class=\"bloque-nota-relacionada\">\n        <div class=\"bloque-nota-img\">\n            <img decoding=\"async\" src=\"https:\/\/tribunavm.com.ar\/wp-content\/uploads\/2025\/11\/Portada-1024x682.jpeg\" alt=\"El bloque financiero avanza\">\n        <\/div>\n        <div class=\"bloque-nota-contenido\">\n            <a href=\"https:\/\/tribunavm.com.ar\/index.php\/2025\/11\/03\/el-bloque-financiero-avanza\/\">El bloque financiero avanza<\/a>\n            <p>El Tesoro estadounidense junto al JP Morgan y los organismos internacionales de cr\u00e9dito tomaron posiciones en la deuda y el gabinete del Gobierno para fortalecer su pol\u00edtica de ocupaci\u00f3n.<\/p>\n        <\/div>\n    <\/div><\/span><\/p>\n<p><span style=\"font-weight: 400;\">Al pr\u00e9stamo y apoyo pol\u00edtico de EE.UU. previo a las elecciones se suma un <\/span><b>nuevo acuerdo comercial<\/b><span style=\"font-weight: 400;\"> realizado la semana pasada luego de varias instancias de negociaci\u00f3n<\/span><b> que busca acentuar la apertura de los mercados a trav\u00e9s de compromisos arancelarios concernientes a lo tecnol\u00f3gico, ambiental y laboral<\/b><span style=\"font-weight: 400;\">, entre otros.<\/span><\/p>\n<p><span style=\"font-weight: 400;\">Por su parte, <\/span><b>Alejandro D\u00edaz, CEO de la C\u00e1mara de Comercio de los Estados Unidos en la Argentina (AmCham)<\/b><span style=\"font-weight: 400;\">, en una conferencia la semana pasada, hab\u00eda adelantado las medidas que <\/span><b>las principales empresas estadounidenses consideran prioritarias para destrabar inversiones<\/b><span style=\"font-weight: 400;\">.<\/span><\/p>\n<p><span style=\"font-weight: 400;\">\n    <style>\n        .bloque-nota-relacionada {\n            display: flex;\n            flex-wrap: wrap;\n            gap: 20px;\n            padding: 24px;\n            background: #ffffff;\n            border-radius: 12px;\n            box-shadow: 0 12px 28px rgba(0,0,0,0.15);\n            margin: 40px 0;\n            align-items: flex-start;\n        }\n        .bloque-nota-img {\n            flex: 0 0 260px;\n            max-width: 100%;\n        }\n        .bloque-nota-img img {\n            width: 100%;\n            height: auto;\n            border-radius: 10px;\n            object-fit: cover;\n        }\n        .bloque-nota-contenido {\n            flex: 1 1 300px;\n        }\n        .bloque-nota-contenido a {\n            font-size: 21px;\n            font-weight: 600;\n            color: #111;\n            text-decoration: none;\n            line-height: 1.4;\n            display: block;\n            margin-bottom: 10px;\n        }\n        .bloque-nota-contenido p {\n            font-size: 15px;\n            color: #555;\n            line-height: 1.6;\n            margin: 0;\n        }\n        @media (max-width: 600px) {\n            .bloque-nota-relacionada {\n                flex-direction: column;\n                padding: 20px;\n            }\n            .bloque-nota-img {\n                flex: none;\n                width: 100%;\n            }\n            .bloque-nota-contenido {\n                flex: none;\n                width: 100%;\n            }\n        }\n    <\/style>\n\n    <div class=\"bloque-nota-relacionada\">\n        <div class=\"bloque-nota-img\">\n            <img decoding=\"async\" src=\"https:\/\/tribunavm.com.ar\/wp-content\/uploads\/2025\/05\/portada-milei-1-1024x576.jpg\" alt=\"Asunto de costos\">\n        <\/div>\n        <div class=\"bloque-nota-contenido\">\n            <a href=\"https:\/\/tribunavm.com.ar\/index.php\/2025\/06\/02\/asunto-de-costos\/\">Asunto de costos<\/a>\n            <p>El encuentro anual de la C\u00e1mara de Comercio de Estados Unidos (Amcham) puso el foco en la competitividad a trav\u00e9s de la reforma laboral.\r\nLa s\u00e9ptima edici\u00f3n del AmCham Summit 2025 tuvo lugar en el Centro de Convenciones de Buenos Aires, el pasado 20 de mayo bajo el lema \u201cUna Argentina competitiva\u201d.\r\nEn ese marco, Facundo G\u00f3mez Minujin, presidente de la AmCham y del banco J.P. Morgan, comenz\u00f3 su discurso de apertura del evento elogiando al Gobierno, destacando algunos hitos como la \u201celiminaci\u00f3n del d\u00e9ficit fiscal y el ordenamiento del mercado cambiario\u201d.\r\nSin embargo, el bancario resalt\u00f3 que \u201cno alcanza con estabilizar la econom\u00eda solamente\u201d. En ese sentido, sostuvo que la Argentina enfrenta \u201cbarreras estructurales que frenan el desarrollo\u201d.\r\n\u201cHace ya tres a\u00f1os que en AmCham decidimos levantar la voz con una visi\u00f3n estrat\u00e9gica y de largo plazo, entendiendo que sin institucionalidad no hay pa\u00eds que prospere\u201d, a\u00f1adi\u00f3.\r\nYendo al grano, se refiri\u00f3 a los costos laborales en el pa\u00eds, que son entre 0,8 y 2 veces mayores que los de Brasil o Chile. \u201cLa rigidez normativa ha desincentivado la contrataci\u00f3n y profundizado la informalidad. Es urgente avanzar hacia una reforma que contemple un marco laboral m\u00e1s moderno, m\u00e1s flexible e inclusivo\u201d, se\u00f1al\u00f3 el jefe de Amcham.<\/p>\n        <\/div>\n    <\/div><\/span><\/p>\n<p><span style=\"font-weight: 400;\">Entre ellos se encuentra el condicionamiento al <\/span><b>presupuesto nacional <\/b><span style=\"font-weight: 400;\">que comenz\u00f3 a debatirse inmediatamente despu\u00e9s de concluidas las elecciones. A su vez, <\/span><b>presionan por la reforma laboral y tributaria, la ley de glaciares, la modificaci\u00f3n de la inocencia fiscal y una reforma al C\u00f3digo Penal<\/b><span style=\"font-weight: 400;\">.<\/span><\/p>\n<p><span style=\"color: #ff9900;\"><b>Las reformas, con recaudo<\/b><\/span><\/p>\n<p><span style=\"font-weight: 400;\">Dichas reformas apuntan a desviar el impacto negativo del ajuste en el sector comercial e industrial, sin afectar el negocio financiero en el pa\u00eds. Por ello, otros actores adhieren al pedido laboral y fiscal en sinton\u00eda con lo planteado por AmCham, aunque con matices ya que tambi\u00e9n <\/span><b>se ven perjudicados por la baja de la actividad econ\u00f3mica y el consumo<\/b><span style=\"font-weight: 400;\">.<\/span><\/p>\n<p><span style=\"font-weight: 400;\"><\/span><\/p>\n<p><span style=\"font-weight: 400;\">El mismo <\/span><b>CEO del Grupo Techint, Paolo Rocca<\/b><span style=\"font-weight: 400;\">, en la 31\u00ba Conferencia de la Uni\u00f3n Industrial Argentina (UIA), sostuvo que <\/span><b>el pa\u00eds \u201cnecesita de una fuerte estructura industrial\u201d<\/b><span style=\"font-weight: 400;\"> y no s\u00f3lo desarrollar los sectores exportadores como el agro y la miner\u00eda.<\/span><\/p>\n<p><span style=\"font-weight: 400;\">De esta manera, reculando ante el programa econ\u00f3mico del gobierno, el empresario aclar\u00f3 que <\/span><b>\u201cel concepto de pol\u00edtica industrial se ha desprestigiado en los \u00faltimos a\u00f1os por los abusos, pero eso no le quita valor y relevancia\u201d<\/b><span style=\"font-weight: 400;\">.<\/span><\/p>\n<p><span style=\"font-weight: 400;\">El nuevo ministro del Interior, Diego Santilli, en un intento por ganarse las voluntades del sector, aclar\u00f3 en ese mismo encuentro que<\/span><b> la reforma laboral tiene el objetivo de que \u201cpuedan contratar m\u00e1s gente sin sufrir la industria de los juicios laborales<\/b><span style=\"font-weight: 400;\">, que encarece los costos y no les da previsibilidad&#8221;.<\/span><\/p>\n<p><span style=\"font-weight: 400;\">Dicho funcionario es quien est\u00e1 encargado de reunirse con los gobernadores para lograr los consensos necesarios y llevar una propuesta al Congreso antes de finalizar el a\u00f1o, aunque a\u00fan no se conocen detalles del proyecto. Luego de la cumbre post elecciones, la semana pasada <\/span><b>comenzaron las reuniones bilaterales, donde ya se predispusieron a negociar los mandatarios de C\u00f3rdoba, San Juan, Salta y Tucum\u00e1n<\/b><span style=\"font-weight: 400;\">.<\/span><\/p>\n<p><span style=\"font-weight: 400;\">\n    <style>\n        .bloque-nota-relacionada {\n            display: flex;\n            flex-wrap: wrap;\n            gap: 20px;\n            padding: 24px;\n            background: #ffffff;\n            border-radius: 12px;\n            box-shadow: 0 12px 28px rgba(0,0,0,0.15);\n            margin: 40px 0;\n            align-items: flex-start;\n        }\n        .bloque-nota-img {\n            flex: 0 0 260px;\n            max-width: 100%;\n        }\n        .bloque-nota-img img {\n            width: 100%;\n            height: auto;\n            border-radius: 10px;\n            object-fit: cover;\n        }\n        .bloque-nota-contenido {\n            flex: 1 1 300px;\n        }\n        .bloque-nota-contenido a {\n            font-size: 21px;\n            font-weight: 600;\n            color: #111;\n            text-decoration: none;\n            line-height: 1.4;\n            display: block;\n            margin-bottom: 10px;\n        }\n        .bloque-nota-contenido p {\n            font-size: 15px;\n            color: #555;\n            line-height: 1.6;\n            margin: 0;\n        }\n        @media (max-width: 600px) {\n            .bloque-nota-relacionada {\n                flex-direction: column;\n                padding: 20px;\n            }\n            .bloque-nota-img {\n                flex: none;\n                width: 100%;\n            }\n            .bloque-nota-contenido {\n                flex: none;\n                width: 100%;\n            }\n        }\n    <\/style>\n\n    <div class=\"bloque-nota-relacionada\">\n        <div class=\"bloque-nota-img\">\n            <img decoding=\"async\" src=\"https:\/\/tribunavm.com.ar\/wp-content\/uploads\/2025\/11\/mileiygobernadoreshorizontal-1024x681.jpg\" alt=\"Cumbre del Gobierno Nacional y gobernadores\">\n        <\/div>\n        <div class=\"bloque-nota-contenido\">\n            <a href=\"https:\/\/tribunavm.com.ar\/index.php\/2025\/11\/03\/cumbre-del-gobierno-nacional-y-gobernadores\/\">Cumbre del Gobierno Nacional y gobernadores<\/a>\n            <p>El pasado 30 de octubre se realiz\u00f3 una reuni\u00f3n entre Javier Milei, el gabinete y gobernadores en Casa Rosada para abordar las reformas del Estado.<\/p>\n        <\/div>\n    <\/div><\/span><\/p>\n<p><span style=\"font-weight: 400;\">As\u00ed <\/span><b>el programa econ\u00f3mico entiende a las reformas como un complemento para acrecentar su influencia <\/b><span style=\"font-weight: 400;\">sobreponi\u00e9ndose a la resistencia de la oposici\u00f3n pol\u00edtica y manteniendo al margen la protesta social.\u00a0<\/span><\/p>\n<p><span style=\"color: #ff9900;\"><b>Remate y tensiones en el sistema productivo<\/b><\/span><\/p>\n<p><span style=\"font-weight: 400;\">A\u00fan con el ajuste, sumado a la recaudaci\u00f3n de las retenciones y el pr\u00e9stamo de EE.UU., <\/span><b>al parecer no alcanza para conseguir los recursos necesarios. <\/b><span style=\"font-weight: 400;\">Julie Kozack, la vocera del FMI, en una conferencia de prensa la semana pasada, enfatiz\u00f3 \u201cla necesidad de<\/span><b> acelerar la acumulaci\u00f3n de reservas\u201d <\/b><span style=\"font-weight: 400;\">para \u201cfortalecer a\u00fan m\u00e1s la confianza del mercado&#8221;.<\/span><\/p>\n<p><span style=\"font-weight: 400;\">\n    <style>\n        .bloque-nota-relacionada {\n            display: flex;\n            flex-wrap: wrap;\n            gap: 20px;\n            padding: 24px;\n            background: #ffffff;\n            border-radius: 12px;\n            box-shadow: 0 12px 28px rgba(0,0,0,0.15);\n            margin: 40px 0;\n            align-items: flex-start;\n        }\n        .bloque-nota-img {\n            flex: 0 0 260px;\n            max-width: 100%;\n        }\n        .bloque-nota-img img {\n            width: 100%;\n            height: auto;\n            border-radius: 10px;\n            object-fit: cover;\n        }\n        .bloque-nota-contenido {\n            flex: 1 1 300px;\n        }\n        .bloque-nota-contenido a {\n            font-size: 21px;\n            font-weight: 600;\n            color: #111;\n            text-decoration: none;\n            line-height: 1.4;\n            display: block;\n            margin-bottom: 10px;\n        }\n        .bloque-nota-contenido p {\n            font-size: 15px;\n            color: #555;\n            line-height: 1.6;\n            margin: 0;\n        }\n        @media (max-width: 600px) {\n            .bloque-nota-relacionada {\n                flex-direction: column;\n                padding: 20px;\n            }\n            .bloque-nota-img {\n                flex: none;\n                width: 100%;\n            }\n            .bloque-nota-contenido {\n                flex: none;\n                width: 100%;\n            }\n        }\n    <\/style>\n\n    <div class=\"bloque-nota-relacionada\">\n        <div class=\"bloque-nota-img\">\n            <img decoding=\"async\" src=\"https:\/\/tribunavm.com.ar\/wp-content\/uploads\/2025\/02\/argentinos-con-fmi-1024x683.jpg\" alt=\"Plan de gobierno a la medida del FMI\">\n        <\/div>\n        <div class=\"bloque-nota-contenido\">\n            <a href=\"https:\/\/tribunavm.com.ar\/index.php\/2025\/02\/24\/plan-de-gobierno-a-la-medida-del-fmi\/\">Plan de gobierno a la medida del FMI<\/a>\n            <p>De gira por Washington, Milei rinde culto a los poderes globales reuni\u00e9ndose con el FMI, Banco Mundial y el BID.<\/p>\n        <\/div>\n    <\/div><\/span><\/p>\n<p><span style=\"font-weight: 400;\">En la encrucijada, <\/span><b>el gobierno acelera la marcha para la venta de empresas p\u00fablicas y apertura de concesiones <\/b><span style=\"font-weight: 400;\">en la carrera por cumplir sus metas fiscales. En ese sentido, Caputo anunci\u00f3 la licitaci\u00f3n de dos nuevos tramos de 1.800 kil\u00f3metros de rutas nacionales para el sector privado.<\/span><\/p>\n<p><span style=\"font-weight: 400;\">El plan se enmarca en la <\/span><span style=\"color: #ff9900;\"><a style=\"color: #ff9900;\" href=\"https:\/\/www.argentina.gob.ar\/transporte\/vialidad-nacional\/red-federal-de-concesiones\"><b>Red Federal de Concesiones<\/b><\/a><\/span><span style=\"font-weight: 400;\"> con la que se licitar\u00e1n m\u00e1s de 9.000 km distribuidos en dieciocho tramos que representan el 20% de la red vial nacional y concentran el 80% del tr\u00e1nsito.<\/span><\/p>\n<p><span style=\"font-weight: 400;\">\u201cEstamos reemplazando un modelo deficitario por uno transparente, competitivo y sin subsidios del Tesoro\u201d con el objetivo de \u201calentar la inversi\u00f3n privada\u201d, dijo el ministro Caputo en el anuncio de la licitaci\u00f3n.<\/span><\/p>\n<p><span style=\"font-weight: 400;\">El sector energ\u00e9tico tampoco queda exento: <\/span><b>Caputo firm\u00f3 una resoluci\u00f3n que da inicio al proceso de venta del 44% de las acciones de Nucleoel\u00e9ctrica Argentina S.A. (NASA).<\/b><span style=\"font-weight: 400;\"> El <\/span><b>titular de la empresa, Demian Reidel,<\/b><span style=\"font-weight: 400;\"> reconoci\u00f3 que el inter\u00e9s ser\u00eda en gran parte por \u201cla exportaci\u00f3n de uranio y combustibles nucleares a Estados Unidos\u201d.<\/span><\/p>\n<p><span style=\"font-weight: 400;\"><\/span><\/p>\n<p><span style=\"font-weight: 400;\">Adem\u00e1s, <\/span><b>el ministro tambi\u00e9n lanz\u00f3 la licitaci\u00f3n durante 30 a\u00f1os de las cuatro represas hidroel\u00e9ctricas ubicadas en los r\u00edos Limay y Neuqu\u00e9n<\/b><span style=\"font-weight: 400;\">. Seg\u00fan la comunicaci\u00f3n oficial <\/span><b>el Gobierno avanza \u201cen la transformaci\u00f3n del sector energ\u00e9tico, retirando al Estado del rol de operador para dejar que el capital privado lidere las inversiones\u201d<\/b><span style=\"font-weight: 400;\">.<\/span><\/p>\n<p><span style=\"font-weight: 400;\">Dichos movimientos se suman a la <\/span><b>licitaci\u00f3n que se realizar\u00e1 a fin de a\u00f1o por el Belgrano Cargas y Log\u00edstica S.A.<\/b><span style=\"font-weight: 400;\"> que administra los ramales del Belgrano Cargas y el San Mart\u00edn. El Grupo M\u00e9xico Transportes (GMXT), una megacorporaci\u00f3n minera y de transporte, ya se mostr\u00f3 interesado en el negocio.\u00a0<\/span><\/p>\n<p><span style=\"font-weight: 400;\">Bunge, Cargill, ACA, AGD y Louis Dreyfus hab\u00edan presentado una propuesta conjunta en la Bolsa de Comercio de Rosario para participar del proceso. Adem\u00e1s de seguir teniendo un ojo puesto en la concesi\u00f3n del dragado y balizamiento en la hidrov\u00eda del Paran\u00e1.<\/span><\/p>\n<\/div>\n<\/div>\n","protected":false},"excerpt":{"rendered":"<p>El JP Morgan gana posiciones en el gobierno abriendo el juego a las inversiones privadas con la venta de empresas p\u00fablicas, mientras busca acordar con otros actores cambios en la legislaci\u00f3n laboral y fiscal.\u00a0<\/p>\n","protected":false},"author":2,"featured_media":14318,"comment_status":"open","ping_status":"open","sticky":false,"template":"","format":"standard","meta":{"_exactmetrics_skip_tracking":false,"_exactmetrics_sitenote_active":false,"_exactmetrics_sitenote_note":"","_exactmetrics_sitenote_category":0,"jnews-multi-image_gallery":[],"jnews_single_post":[],"jnews_primary_category":[],"jnews_social_meta":[],"jnews_override_counter":[],"_joinchat":[],"footnotes":""},"categories":[23],"tags":[52,356],"class_list":["post-14317","post","type-post","status-publish","format-standard","has-post-thumbnail","hentry","category-analisis","tag-finanzas","tag-jp-morgan"],"_links":{"self":[{"href":"https:\/\/tribunavm.com.ar\/index.php\/wp-json\/wp\/v2\/posts\/14317"}],"collection":[{"href":"https:\/\/tribunavm.com.ar\/index.php\/wp-json\/wp\/v2\/posts"}],"about":[{"href":"https:\/\/tribunavm.com.ar\/index.php\/wp-json\/wp\/v2\/types\/post"}],"author":[{"embeddable":true,"href":"https:\/\/tribunavm.com.ar\/index.php\/wp-json\/wp\/v2\/users\/2"}],"replies":[{"embeddable":true,"href":"https:\/\/tribunavm.com.ar\/index.php\/wp-json\/wp\/v2\/comments?post=14317"}],"version-history":[{"count":1,"href":"https:\/\/tribunavm.com.ar\/index.php\/wp-json\/wp\/v2\/posts\/14317\/revisions"}],"predecessor-version":[{"id":14319,"href":"https:\/\/tribunavm.com.ar\/index.php\/wp-json\/wp\/v2\/posts\/14317\/revisions\/14319"}],"wp:featuredmedia":[{"embeddable":true,"href":"https:\/\/tribunavm.com.ar\/index.php\/wp-json\/wp\/v2\/media\/14318"}],"wp:attachment":[{"href":"https:\/\/tribunavm.com.ar\/index.php\/wp-json\/wp\/v2\/media?parent=14317"}],"wp:term":[{"taxonomy":"category","embeddable":true,"href":"https:\/\/tribunavm.com.ar\/index.php\/wp-json\/wp\/v2\/categories?post=14317"},{"taxonomy":"post_tag","embeddable":true,"href":"https:\/\/tribunavm.com.ar\/index.php\/wp-json\/wp\/v2\/tags?post=14317"}],"curies":[{"name":"wp","href":"https:\/\/api.w.org\/{rel}","templated":true}]}}