{"id":14422,"date":"2025-12-01T01:29:36","date_gmt":"2025-12-01T01:29:36","guid":{"rendered":"https:\/\/tribunavm.com.ar\/?p=14422"},"modified":"2025-12-01T13:31:33","modified_gmt":"2025-12-01T13:31:33","slug":"con-la-reforma-al-hombro","status":"publish","type":"post","link":"https:\/\/tribunavm.com.ar\/index.php\/2025\/12\/01\/con-la-reforma-al-hombro\/","title":{"rendered":"Con la reforma al hombro"},"content":{"rendered":"<div class=\"row clearfix\">\n<div class=\"col-md-8\">\n<p><span style=\"color: #212121; font-size: 1.5em; letter-spacing: -0.01em;\">Mientras el debate acerca de la reforma laboral se centra en los aspectos legislativos y parlamentarios, la precarizaci\u00f3n, el monotributo y la baja del poder adquisitivo moldean la actualidad del trabajo en el pa\u00eds.<\/span><\/p>\n<p><span style=\"font-weight: 400;\"><span class=\"dropcap \" style=\"background-color: #ffffff; color: #dd9933; border-color: #ffffff;\">L<\/span>uego de las elecciones de octubre el Gobierno Nacional se hizo eco de los reclamos del sector empresarial para retomar la iniciativa de reformas estructurales, entre las que se encuentra la laboral.\u00a0<\/span><\/p>\n<p><b>Mart\u00edn Rappallini, presidente de la UIA<\/b><span style=\"font-weight: 400;\">, justific\u00f3 la necesidad de las reformas debido a que en el pa\u00eds existe \u201cuna presi\u00f3n fiscal del 52% que hace<\/span><b> imposible que podamos competir a nivel global<\/b><span style=\"font-weight: 400;\">\u201d.<\/span><\/p>\n<p><span style=\"font-weight: 400;\">Adem\u00e1s, denunci\u00f3 que la regulaci\u00f3n actual propone \u201cun sistema laboral muy r\u00edgido, con mucha litigiosidad\u201d. &#8220;<\/span><b>Necesitamos que producir en Argentina vuelva a ser un buen negocio<\/b><span style=\"font-weight: 400;\">: o me das la competitividad por un lado [tipo de cambio\/impuestos] o me la das por el otro [reforma laboral]\u201d, exigi\u00f3 el empresario.<\/span><\/p>\n<figure id=\"attachment_14423\" aria-describedby=\"caption-attachment-14423\" style=\"width: 1024px\" class=\"wp-caption alignnone\"><img loading=\"lazy\" decoding=\"async\" class=\"size-large wp-image-14423\" src=\"https:\/\/tribunavm.com.ar\/wp-content\/uploads\/2025\/11\/rappanui-1024x683.jpg\" alt=\"\" width=\"1024\" height=\"683\" srcset=\"https:\/\/tribunavm.com.ar\/wp-content\/uploads\/2025\/11\/rappanui-1024x683.jpg 1024w, https:\/\/tribunavm.com.ar\/wp-content\/uploads\/2025\/11\/rappanui-300x200.jpg 300w, https:\/\/tribunavm.com.ar\/wp-content\/uploads\/2025\/11\/rappanui-768x512.jpg 768w, https:\/\/tribunavm.com.ar\/wp-content\/uploads\/2025\/11\/rappanui-1536x1025.jpg 1536w, https:\/\/tribunavm.com.ar\/wp-content\/uploads\/2025\/11\/rappanui-750x500.jpg 750w, https:\/\/tribunavm.com.ar\/wp-content\/uploads\/2025\/11\/rappanui-1140x761.jpg 1140w, https:\/\/tribunavm.com.ar\/wp-content\/uploads\/2025\/11\/rappanui.jpg 1920w\" sizes=\"(max-width: 1024px) 100vw, 1024px\" \/><figcaption id=\"caption-attachment-14423\" class=\"wp-caption-text\">Mart\u00edn Rappallini, presidente de la UIA electo este a\u00f1o.<\/figcaption><\/figure>\n<p><span style=\"font-weight: 400;\">El <\/span><b>ministro de Desregulaci\u00f3n del Estado, Federico Sturzenegger<\/b><span style=\"font-weight: 400;\">, declar\u00f3 que las reformas pensadas por el gobierno apuntar\u00e1n a regular los juicios, impuestos, convenios y otros aspectos de la organizaci\u00f3n laboral.<\/span><\/p>\n<p><span style=\"font-weight: 400;\">\u201cSi te quer\u00e9s tomar las vacaciones en partes y tu empleador est\u00e1 de acuerdo, se hace, y si no est\u00e1 de acuerdo, queda como ahora. Siempre es en t\u00e9rminos de generar m\u00e1s libertad&#8221;, declar\u00f3 en una entrevista realizada a Radio Mitre el pasado 20 de noviembre.<\/span><\/p>\n<p><span style=\"font-weight: 400;\">De esta manera empresarios y gobierno tratan de enfrentar una situaci\u00f3n que tambi\u00e9n se les impone:<\/span><b> los primeros buscan ser competitivos a nivel mundial para no desaparecer reclamando \u201cbajar costos\u201d, mientras que el ejecutivo precisa m\u00e1s tiempo en su carrera por fortalecer las reservas haciendo malabares frente a los reclamos sectoriales<\/b><span style=\"font-weight: 400;\">.\u00a0<\/span><\/p>\n<p><span style=\"font-weight: 400;\">\n    <style>\n        .bloque-nota-relacionada {\n            display: flex;\n            flex-wrap: wrap;\n            gap: 20px;\n            padding: 24px;\n            background: #ffffff;\n            border-radius: 12px;\n            box-shadow: 0 12px 28px rgba(0,0,0,0.15);\n            margin: 40px 0;\n            align-items: flex-start;\n        }\n        .bloque-nota-img {\n            flex: 0 0 260px;\n            max-width: 100%;\n        }\n        .bloque-nota-img img {\n            width: 100%;\n            height: auto;\n            border-radius: 10px;\n            object-fit: cover;\n        }\n        .bloque-nota-contenido {\n            flex: 1 1 300px;\n        }\n        .bloque-nota-contenido a {\n            font-size: 21px;\n            font-weight: 600;\n            color: #111;\n            text-decoration: none;\n            line-height: 1.4;\n            display: block;\n            margin-bottom: 10px;\n        }\n        .bloque-nota-contenido p {\n            font-size: 15px;\n            color: #555;\n            line-height: 1.6;\n            margin: 0;\n        }\n        @media (max-width: 600px) {\n            .bloque-nota-relacionada {\n                flex-direction: column;\n                padding: 20px;\n            }\n            .bloque-nota-img {\n                flex: none;\n                width: 100%;\n            }\n            .bloque-nota-contenido {\n                flex: none;\n                width: 100%;\n            }\n        }\n    <\/style>\n\n    <div class=\"bloque-nota-relacionada\">\n        <div class=\"bloque-nota-img\">\n            <img decoding=\"async\" src=\"https:\/\/tribunavm.com.ar\/wp-content\/uploads\/2025\/11\/Portada-1024x682.jpeg\" alt=\"El bloque financiero avanza\">\n        <\/div>\n        <div class=\"bloque-nota-contenido\">\n            <a href=\"https:\/\/tribunavm.com.ar\/index.php\/2025\/11\/03\/el-bloque-financiero-avanza\/\">El bloque financiero avanza<\/a>\n            <p>El Tesoro estadounidense junto al JP Morgan y los organismos internacionales de cr\u00e9dito tomaron posiciones en la deuda y el gabinete del Gobierno para fortalecer su pol\u00edtica de ocupaci\u00f3n.<\/p>\n        <\/div>\n    <\/div><\/span><\/p>\n<p><span style=\"font-weight: 400;\">Por el lado de los trabajadores, <\/span><b>el nuevo triunvirato de la CGT anunci\u00f3 posibles medidas para diciembre<\/b><span style=\"font-weight: 400;\"> en rechazo a la propuesta de las c\u00e1maras empresarias y el gobierno. Por su lado, <\/span><b>Rodolfo Aguiar, secretario general de ATE Nacional<\/b><span style=\"font-weight: 400;\">, aclar\u00f3 que \u201cen Argentina no alcanzan 10 reformas laborales juntas si no cambiamos el modelo econ\u00f3mico\u201d.<\/span><\/p>\n<p><span style=\"color: #ff9900;\"><b>La reforma silenciosa<\/b><\/span><\/p>\n<p><span style=\"font-weight: 400;\">Lo cierto es que en paralelo a los debates medi\u00e1ticos de las \u00faltimas semanas, la transformaci\u00f3n estructural de las relaciones laborales contin\u00faa su curso modificando de hecho la situaci\u00f3n de los trabajadores.<\/span><\/p>\n<p><span style=\"font-weight: 400;\">En la actualidad la informalidad laboral es una realidad que aqueja a la mayor\u00eda. De los casi 21 millones de trabajadores estimados en total, s\u00f3lo 13,3 millones se encuentran bajo alg\u00fan tipo de registro. Y <\/span><b>si contemplamos a los monotributistas y aut\u00f3nomos dentro de la fuerza laboral informal, \u00e9sta \u00faltima es el 54% del total<\/b><span style=\"font-weight: 400;\">.<\/span><\/p>\n<p><span style=\"font-weight: 400;\">Seg\u00fan los datos del <\/span><span style=\"color: #ff9900;\"><a style=\"color: #ff9900;\" href=\"https:\/\/servicios.infoleg.gob.ar\/infolegInternet\/anexos\/145000-149999\/148141\/texact.htm\"><span style=\"font-weight: 400;\">Sistema Integrado Previsional Argentino (SIPA)<\/span><\/a><\/span><span style=\"font-weight: 400;\"> los <\/span><b>asalariados del sector privado con aportes se incrementaron<\/b><span style=\"font-weight: 400;\"> s\u00f3lamente de 6,1 a 6,3 millones en los \u00faltimos 12 a\u00f1os, es decir <\/span><b>el 3,2%<\/b><span style=\"font-weight: 400;\">, <\/span><b>cuando la poblaci\u00f3n ha crecido alrededor del 10% durante el mismo periodo<\/b><span style=\"font-weight: 400;\">.<\/span><\/p>\n<p><span style=\"font-weight: 400;\">\n    <style>\n        .bloque-nota-relacionada {\n            display: flex;\n            flex-wrap: wrap;\n            gap: 20px;\n            padding: 24px;\n            background: #ffffff;\n            border-radius: 12px;\n            box-shadow: 0 12px 28px rgba(0,0,0,0.15);\n            margin: 40px 0;\n            align-items: flex-start;\n        }\n        .bloque-nota-img {\n            flex: 0 0 260px;\n            max-width: 100%;\n        }\n        .bloque-nota-img img {\n            width: 100%;\n            height: auto;\n            border-radius: 10px;\n            object-fit: cover;\n        }\n        .bloque-nota-contenido {\n            flex: 1 1 300px;\n        }\n        .bloque-nota-contenido a {\n            font-size: 21px;\n            font-weight: 600;\n            color: #111;\n            text-decoration: none;\n            line-height: 1.4;\n            display: block;\n            margin-bottom: 10px;\n        }\n        .bloque-nota-contenido p {\n            font-size: 15px;\n            color: #555;\n            line-height: 1.6;\n            margin: 0;\n        }\n        @media (max-width: 600px) {\n            .bloque-nota-relacionada {\n                flex-direction: column;\n                padding: 20px;\n            }\n            .bloque-nota-img {\n                flex: none;\n                width: 100%;\n            }\n            .bloque-nota-contenido {\n                flex: none;\n                width: 100%;\n            }\n        }\n    <\/style>\n\n    <div class=\"bloque-nota-relacionada\">\n        <div class=\"bloque-nota-img\">\n            <img decoding=\"async\" src=\"https:\/\/tribunavm.com.ar\/wp-content\/uploads\/2023\/05\/duro-informe-unicef-la-pobreza-infantil-laargentinajpg-1024x576.png\" alt=\"Un an\u00e1lisis de las condiciones de vida en el pa\u00eds\">\n        <\/div>\n        <div class=\"bloque-nota-contenido\">\n            <a href=\"https:\/\/tribunavm.com.ar\/index.php\/2023\/05\/15\/un-analisis-de-las-condiciones-de-vida-en-el-pais\/\">Un an\u00e1lisis de las condiciones de vida en el pa\u00eds<\/a>\n            <p>Los \u00faltimos informes oficiales expresan la cr\u00edtica situaci\u00f3n en la que vive la poblaci\u00f3n, una tendencia que, lejos de ser coyuntural, se ha profundizado desde la d\u00e9cada del 70 del siglo pasado.\u00a0<\/p>\n        <\/div>\n    <\/div><\/span><\/p>\n<p><span style=\"font-weight: 400;\">A principios de la d\u00e9cada de los 90 los<\/span><b> &#8220;asalariados sin descuento jubilatorio&#8221;, medido por la<\/b><span style=\"color: #ff9900;\"><a style=\"color: #ff9900;\" href=\"https:\/\/www.indec.gob.ar\/indec\/web\/Institucional-Indec-BasesDeDatos\"><b> Encuesta Permanente de Hogares (EPH) del INDEC<\/b><\/a><\/span><b>, superaban el 30%<\/b><span style=\"font-weight: 400;\">, porcentaje mucho mayor a las d\u00e9cadas anteriores o previo a la dictadura militar.\u00a0<\/span><\/p>\n<p><span style=\"font-weight: 400;\">Sin embargo no hab\u00eda tocado su techo ya que <\/span><b>lleg\u00f3 a alcanzar el 49,5% en octubre del 2002<\/b><span style=\"font-weight: 400;\">. Durante los a\u00f1os siguientes descendi\u00f3, y desde 2011 hasta la pandemia se ubic\u00f3 en alrededor del 33-35% hasta llegar<\/span><b> en la actualidad a alrededor del 40%<\/b><span style=\"font-weight: 400;\">.<\/span><\/p>\n<p><span style=\"font-weight: 400;\">Dicho proceso se di\u00f3 en paralelo a reformas legislativas que fortalecieron el esquema de precarizaci\u00f3n laboral, como la <\/span><a href=\"https:\/\/servicios.infoleg.gob.ar\/infolegInternet\/anexos\/0-4999\/412\/texact.htm\"><b><span style=\"color: #ff9900;\">Ley Nacional de Empleo en 1991<\/span><\/b><\/a><span style=\"font-weight: 400;\"> que <\/span><b>cre\u00f3 modalidades de contrataci\u00f3n temporal con reducci\u00f3n de aportes patronales<\/b><span style=\"font-weight: 400;\">, o la <\/span><span style=\"color: #ff9900;\"><a style=\"color: #ff9900;\" href=\"https:\/\/servicios.infoleg.gob.ar\/infolegInternet\/anexos\/15000-19999\/15932\/norma.htm\"><b>Ley de PyMEs de 1995<\/b><\/a><\/span><span style=\"font-weight: 400;\"> que buscaba <\/span><b>mayor flexibilidad para negociar aguinaldo y vacaciones<\/b><span style=\"font-weight: 400;\"> en empresas chicas.<\/span><\/p>\n<div class=\"jeg_video_container jeg_video_content\"><iframe loading=\"lazy\" title=\"Carlos Menem nueva ley nacional de empleo 1991\" width=\"500\" height=\"281\" src=\"https:\/\/www.youtube.com\/embed\/J8uxcyEPLtk?feature=oembed\" frameborder=\"0\" allow=\"accelerometer; autoplay; clipboard-write; encrypted-media; gyroscope; picture-in-picture; web-share\" referrerpolicy=\"strict-origin-when-cross-origin\" allowfullscreen><\/iframe><\/div>\n<p><span style=\"font-weight: 400;\">El entonces presidente Carlos Menem anunciando la promoci\u00f3n de la Ley de Empleo, entre otras reformas.<\/span><\/p>\n<p><span style=\"font-weight: 400;\">Aunque la frutilla del postre fue la<\/span><span style=\"color: #ff9900;\"><a style=\"color: #ff9900;\" href=\"https:\/\/servicios.infoleg.gob.ar\/infolegInternet\/anexos\/50000-54999\/51609\/texact.htm\"><b> Ley N\u00b0 24.977 de R\u00e9gimen Simplificado para Peque\u00f1os Contribuyentes<\/b><\/a><\/span><b>, con la cual se crea el monotributo<\/b><span style=\"font-weight: 400;\">. Ante la recesi\u00f3n econ\u00f3mica, alto desempleo y baja recaudaci\u00f3n estatal, el poder impuso a los trabajadores mayor precarizaci\u00f3n a costa de sostener a rega\u00f1adientes la supervivencia.<\/span><\/p>\n<p><span style=\"font-weight: 400;\">En el primer mes de vigencia, se inscribieron masivamente cerca de 600.000 \u201ccontribuyentes\u201d. <\/span><b>En la actualidad la cifra total asciende a 2,2 millones aproximadamente, donde el total de trabajadores independientes<\/b><span style=\"font-weight: 400;\">, que incluye tambi\u00e9n a aut\u00f3nomos,<\/span><b> supera los 3 millones<\/b><span style=\"font-weight: 400;\">.<\/span><\/p>\n<p><span style=\"color: #ff9900;\"><b>Vida a la baja<\/b><\/span><\/p>\n<p><span style=\"font-weight: 400;\">A su vez, a pesar de cierta \u201cestabilidad\u201d, las condiciones de vida de los trabajadores formales cayeron en picada en los \u00faltimos a\u00f1os: seg\u00fan el dato de <\/span><span style=\"color: #ff9900;\"><a style=\"color: #ff9900;\" href=\"https:\/\/www.argentina.gob.ar\/trabajo\/seguridadsocial\/ripte\"><span style=\"font-weight: 400;\">Remuneraci\u00f3n Promedio (RIPTE)<\/span><\/a><\/span><span style=\"font-weight: 400;\"> brindado por el Ministerio de Capital Humano, <\/span><b>perdieron el 36% de su salario desde 2017 a la fecha<\/b><span style=\"font-weight: 400;\">.<\/span><\/p>\n<p><span style=\"font-weight: 400;\">Dicha situaci\u00f3n empuja a esos trabajadores a agregar horas o directamente buscar otro empleo para complementar sus ingresos.<\/span><\/p>\n<figure id=\"attachment_14424\" aria-describedby=\"caption-attachment-14424\" style=\"width: 992px\" class=\"wp-caption alignnone\"><img loading=\"lazy\" decoding=\"async\" class=\"size-full wp-image-14424\" src=\"https:\/\/tribunavm.com.ar\/wp-content\/uploads\/2025\/11\/uber.webp\" alt=\"\" width=\"992\" height=\"661\" srcset=\"https:\/\/tribunavm.com.ar\/wp-content\/uploads\/2025\/11\/uber.webp 992w, https:\/\/tribunavm.com.ar\/wp-content\/uploads\/2025\/11\/uber-300x200.webp 300w, https:\/\/tribunavm.com.ar\/wp-content\/uploads\/2025\/11\/uber-768x512.webp 768w, https:\/\/tribunavm.com.ar\/wp-content\/uploads\/2025\/11\/uber-750x500.webp 750w\" sizes=\"(max-width: 992px) 100vw, 992px\" \/><figcaption id=\"caption-attachment-14424\" class=\"wp-caption-text\">La empresa Uber declar\u00f3 que en Argentina existen alrededor de 500.000 choferes. Muchos de ellos usan la aplicaci\u00f3n para complementar sus ingresos.<\/figcaption><\/figure>\n<p><b>La cantidad de ocupados que tienen m\u00e1s de un trabajo pas\u00f3 del 8,3% en 2017 al 10,5% en la actualidad. Mientras que los Ocupados Demandantes (que buscan empleo activamente), pasaron del 15,4% al 17,5%<\/b><span style=\"font-weight: 400;\">.<\/span><\/p>\n<p><span style=\"font-weight: 400;\">Asimismo el retroceso del poder adquisitivo fue un ataque al conjunto de los trabajadores. El <\/span><b>Salario M\u00ednimo, Vital y M\u00f3vil (SMVM)<\/b><span style=\"font-weight: 400;\"> dej\u00f3 de ser una garant\u00eda de subsistencia para convertirse en una garant\u00eda de explotaci\u00f3n laboral y condiciones paup\u00e9rrimas de vida.<\/span><\/p>\n<p><b>En 2017 con 1,9 SMVM se alcanzaba a cubrir el valor de la Canasta B\u00e1sica Total (CBT) <\/b><span style=\"font-weight: 400;\">para una familia de 4 integrantes, es decir, un 53,1% del total, mientras que <\/span><b>en la actualidad ese n\u00famero supera los 3,2 SMVM, alcanzando a cubrir s\u00f3lo el 30,8%.<\/b><\/p>\n<figure id=\"attachment_14426\" aria-describedby=\"caption-attachment-14426\" style=\"width: 992px\" class=\"wp-caption alignnone\"><img loading=\"lazy\" decoding=\"async\" class=\"wp-image-14426 size-full\" src=\"https:\/\/tribunavm.com.ar\/wp-content\/uploads\/2025\/11\/SMVM.png\" alt=\"\" width=\"992\" height=\"610\" srcset=\"https:\/\/tribunavm.com.ar\/wp-content\/uploads\/2025\/11\/SMVM.png 992w, https:\/\/tribunavm.com.ar\/wp-content\/uploads\/2025\/11\/SMVM-300x184.png 300w, https:\/\/tribunavm.com.ar\/wp-content\/uploads\/2025\/11\/SMVM-768x472.png 768w, https:\/\/tribunavm.com.ar\/wp-content\/uploads\/2025\/11\/SMVM-750x461.png 750w\" sizes=\"(max-width: 992px) 100vw, 992px\" \/><figcaption id=\"caption-attachment-14426\" class=\"wp-caption-text\">Evoluci\u00f3n del SMVM en las \u00faltimas d\u00e9cadas<\/figcaption><\/figure>\n<p><span style=\"font-weight: 400;\">Ello est\u00e1 vinculado directamente con las estad\u00edsticas que miden el nivel de pobreza de la poblaci\u00f3n: mientras que <\/span><b>en 2017 el porcentaje que no alcanzaba a cubrir sus necesidades b\u00e1sicas era del 25,7% (10,4 millones de personas), en el 2do semestre de este a\u00f1o ese n\u00famero alcanz\u00f3 el 51% (23,5 millones)<\/b><span style=\"font-weight: 400;\">, luego bajado radicalmente por la estad\u00edstica del 3er trimestre.<\/span><\/p>\n<p><span style=\"font-weight: 400;\">\u00c9sta radiograf\u00eda muestra s\u00f3lo algunas de las consecuencias de un plan sistem\u00e1tico de saqueo y explotaci\u00f3n implementado desde hace d\u00e9cadas en nuestro pa\u00eds. Su ejecuci\u00f3n en los hechos fue la garant\u00eda para las reformas impuestas desde la legislaci\u00f3n durante y posteriormente.<\/span><\/p>\n<\/div>\n<\/div>\n","protected":false},"excerpt":{"rendered":"<p>Mientras el debate acerca de la reforma laboral se centra en los aspectos legislativos y parlamentarios, la precarizaci\u00f3n, el monotributo y la baja del poder adquisitivo moldean la actualidad del trabajo en el pa\u00eds.<\/p>\n","protected":false},"author":2,"featured_media":14425,"comment_status":"open","ping_status":"open","sticky":false,"template":"","format":"standard","meta":{"_exactmetrics_skip_tracking":false,"_exactmetrics_sitenote_active":false,"_exactmetrics_sitenote_note":"","_exactmetrics_sitenote_category":0,"jnews-multi-image_gallery":[],"jnews_single_post":{"format":"standard","override":[{"template":"5","parallax":"1","fullscreen":"1","layout":"right-sidebar","sidebar":"default-sidebar","second_sidebar":"default-sidebar","sticky_sidebar":"1","share_position":"hide","share_float_style":"share-monocrhome","show_featured":"1","show_post_meta":"1","show_post_author_image":"1","show_post_date":"1","post_date_format":"custom","post_date_format_custom":"d-m-Y","show_post_category":"1","post_reading_time_wpm":"300","post_calculate_word_method":"count_blank","show_zoom_button":"0","zoom_button_out_step":"2","zoom_button_in_step":"3","show_post_tag":"1","number_popup_post":"1","show_author_box":"0","show_post_related":"1"}],"image_override":[{"single_post_thumbnail_size":"crop-500","single_post_gallery_size":"crop-500"}],"trending_post_position":"meta","trending_post_label":"Trending","sponsored_post_label":"Sponsored by","disable_ad":"0"},"jnews_primary_category":[],"jnews_social_meta":[],"jnews_override_counter":{"view_counter_number":"0","share_counter_number":"0","like_counter_number":"0","dislike_counter_number":"0"},"_joinchat":[],"footnotes":""},"categories":[23],"tags":[35],"class_list":["post-14422","post","type-post","status-publish","format-standard","has-post-thumbnail","hentry","category-analisis","tag-trabajadores"],"_links":{"self":[{"href":"https:\/\/tribunavm.com.ar\/index.php\/wp-json\/wp\/v2\/posts\/14422"}],"collection":[{"href":"https:\/\/tribunavm.com.ar\/index.php\/wp-json\/wp\/v2\/posts"}],"about":[{"href":"https:\/\/tribunavm.com.ar\/index.php\/wp-json\/wp\/v2\/types\/post"}],"author":[{"embeddable":true,"href":"https:\/\/tribunavm.com.ar\/index.php\/wp-json\/wp\/v2\/users\/2"}],"replies":[{"embeddable":true,"href":"https:\/\/tribunavm.com.ar\/index.php\/wp-json\/wp\/v2\/comments?post=14422"}],"version-history":[{"count":3,"href":"https:\/\/tribunavm.com.ar\/index.php\/wp-json\/wp\/v2\/posts\/14422\/revisions"}],"predecessor-version":[{"id":14452,"href":"https:\/\/tribunavm.com.ar\/index.php\/wp-json\/wp\/v2\/posts\/14422\/revisions\/14452"}],"wp:featuredmedia":[{"embeddable":true,"href":"https:\/\/tribunavm.com.ar\/index.php\/wp-json\/wp\/v2\/media\/14425"}],"wp:attachment":[{"href":"https:\/\/tribunavm.com.ar\/index.php\/wp-json\/wp\/v2\/media?parent=14422"}],"wp:term":[{"taxonomy":"category","embeddable":true,"href":"https:\/\/tribunavm.com.ar\/index.php\/wp-json\/wp\/v2\/categories?post=14422"},{"taxonomy":"post_tag","embeddable":true,"href":"https:\/\/tribunavm.com.ar\/index.php\/wp-json\/wp\/v2\/tags?post=14422"}],"curies":[{"name":"wp","href":"https:\/\/api.w.org\/{rel}","templated":true}]}}