{"id":14856,"date":"2026-09-01T15:10:03","date_gmt":"2026-09-01T15:10:03","guid":{"rendered":"https:\/\/tribunavm.com.ar\/?p=14856"},"modified":"2026-09-01T15:23:27","modified_gmt":"2026-09-01T15:23:27","slug":"crecen-el-endeudamiento-y-la-mora-en-los-hogares","status":"publish","type":"post","link":"https:\/\/tribunavm.com.ar\/index.php\/2026\/09\/01\/crecen-el-endeudamiento-y-la-mora-en-los-hogares\/","title":{"rendered":"Crecen el endeudamiento y la mora en los hogares"},"content":{"rendered":"<div class=\"row clearfix\">\n<div class=\"col-md-8\">\n<p><span style=\"color: #212121; font-size: 1.5em; letter-spacing: -0.01em;\">Informes de la CGT, CAME y centros de estudios econ\u00f3micos lo vinculan a la p\u00e9rdida del poder adquisitivo. En el Departamento Gral. San Mart\u00edn casi 5.000 personas est\u00e1n en mora.<\/span><\/p>\n<p><span style=\"font-weight: 400;\"><span class=\"dropcap \" style=\"background-color: #ffffff; color: #dd9933; border-color: #ffffff;\">E<\/span>n los \u00faltimos meses, el nivel de endeudamiento personal cobr\u00f3 centralidad en el debate p\u00fablico debido al incremento de la mora, que comienza a contabilizarse a partir de los 31 d\u00edas de falta de pago.\u00a0<\/span><\/p>\n<p><span style=\"font-weight: 400;\">Aunque la situaci\u00f3n se viene desarrollando desde hace varios a\u00f1os, fue hace relativamente poco que <\/span><b>encendi\u00f3 las alarmas del sector financiero ante el peligro de poner en riesgo su sostenibilidad<\/b><span style=\"font-weight: 400;\">.<\/span><\/p>\n<p><span style=\"font-weight: 400;\">De ello se hicieron eco los partidos y bloques pol\u00edticos. En el Congreso de la Naci\u00f3n<\/span><b> se encuentran circulando alrededor de 15 proyectos legislativos <\/b><span style=\"font-weight: 400;\">que proponen medidas para resarcir la situaci\u00f3n.\u00a0<\/span><\/p>\n<p><span style=\"font-weight: 400;\">A ellos se suma el presentado el mi\u00e9rcoles pasado por el gobernador de C\u00f3rdoba, Mart\u00edn Llaryora, titulado<\/span><b> \u201cAlivio Cordob\u00e9s\u201d<\/b><span style=\"font-weight: 400;\">, en el cual propone la intervenci\u00f3n directa del banco provincial para amortiguar los intereses a los deudores para que puedan \u201ccumplir sus obligaciones\u201d, mientras<\/span><b> se garantiza la ganancia a las entidades financieras<\/b><span style=\"font-weight: 400;\">.<\/span><\/p>\n<figure id=\"attachment_14857\" aria-describedby=\"caption-attachment-14857\" style=\"width: 655px\" class=\"wp-caption alignnone\"><img loading=\"lazy\" decoding=\"async\" class=\"size-full wp-image-14857\" src=\"https:\/\/tribunavm.com.ar\/wp-content\/uploads\/2026\/09\/llaryora.webp\" alt=\"\" width=\"655\" height=\"368\" srcset=\"https:\/\/tribunavm.com.ar\/wp-content\/uploads\/2026\/09\/llaryora.webp 655w, https:\/\/tribunavm.com.ar\/wp-content\/uploads\/2026\/09\/llaryora-300x169.webp 300w\" sizes=\"(max-width: 655px) 100vw, 655px\" \/><figcaption id=\"caption-attachment-14857\" class=\"wp-caption-text\">Mart\u00edn Llaryora durante la firma del &#8220;Alivio Cordob\u00e9s&#8221;.<\/figcaption><\/figure>\n<p><span style=\"color: #ff9900;\"><b>Situaci\u00f3n de la deuda<\/b><\/span><\/p>\n<p><span style=\"font-weight: 400;\">Entre oposici\u00f3n y oficialismo se pulen las soluciones con las que est\u00e9n de acuerdo los sectores de poder. Mientras tanto, millones de familias trabajadoras, estudiantes, comerciantes y peque\u00f1os empresarios <\/span><b>hacen malabares para pagar gastos corrientes o deudas pasadas<\/b><span style=\"font-weight: 400;\">.\u00a0<\/span><\/p>\n<p><span style=\"font-weight: 400;\">Seg\u00fan datos oficiales, en la actualidad <\/span><b>m\u00e1s de 20 millones de personas se encuentran endeudadas en el pa\u00eds<\/b><span style=\"font-weight: 400;\">, lo que representa casi el 60% de la poblaci\u00f3n adulta. Aunque, si ello no es suficiente para alarmarse, el mayor problema se debe al <\/span><b>crecimiento de la mora <\/b><span style=\"font-weight: 400;\">de esa deuda.<\/span><\/p>\n<p><span style=\"font-weight: 400;\">Se estima que<\/span><b> el 28% presenta demoras de m\u00e1s de 90 d\u00edas en el pago<\/b><span style=\"font-weight: 400;\"> a las entidades financieras. Eso significa que alrededor de <\/span><b>5 millones de personas dejaron de pagar<\/b><span style=\"font-weight: 400;\">, acumul\u00e1ndose una <\/span><b>deuda promedio de aproximadamente $4,5 millones por cada una<\/b><span style=\"font-weight: 400;\">.\u00a0<\/span><\/p>\n<figure id=\"attachment_14858\" aria-describedby=\"caption-attachment-14858\" style=\"width: 714px\" class=\"wp-caption alignnone\"><img loading=\"lazy\" decoding=\"async\" class=\"wp-image-14858 size-full\" src=\"https:\/\/tribunavm.com.ar\/wp-content\/uploads\/2026\/09\/Credito-a-privados.webp\" alt=\"\" width=\"714\" height=\"445\" srcset=\"https:\/\/tribunavm.com.ar\/wp-content\/uploads\/2026\/09\/Credito-a-privados.webp 714w, https:\/\/tribunavm.com.ar\/wp-content\/uploads\/2026\/09\/Credito-a-privados-300x187.webp 300w\" sizes=\"(max-width: 714px) 100vw, 714px\" \/><figcaption id=\"caption-attachment-14858\" class=\"wp-caption-text\">Crecimiento de la mora de m\u00e1s de 90 d\u00edas discriminado por Familias y Empresas. Fuente: 1816.<\/figcaption><\/figure>\n<p><span style=\"font-weight: 400;\">A los 20 millones de deudores se suman m\u00e1s de <\/span><b>1,2 millones de monotributistas y aut\u00f3nomos<\/b><span style=\"font-weight: 400;\">, que no son contabilizados oficialmente como \u201cpersonas humanas\u201d. Seg\u00fan algunos informes este grupo<\/span><b> utiliza el dinero prestado principalmente para cubrir gastos corrientes<\/b><span style=\"font-weight: 400;\">, es decir, de consumo, servicios u otras necesidades b\u00e1sicas.<\/span><\/p>\n<p><span style=\"font-weight: 400;\">En sinton\u00eda con la realidad nacional, <\/span><b>en el caso de la provincia de C\u00f3rdoba alrededor del 27% del total de deudores (casi 460.000 personas) se encuentran en mora<\/b><span style=\"font-weight: 400;\">. En el Departamento Gral. San Mart\u00edn existen 26.035 deudores, de los cuales 6.133 se encuentran en mora.<\/span><\/p>\n<figure id=\"attachment_14859\" aria-describedby=\"caption-attachment-14859\" style=\"width: 960px\" class=\"wp-caption alignnone\"><img loading=\"lazy\" decoding=\"async\" class=\"size-full wp-image-14859\" src=\"https:\/\/tribunavm.com.ar\/wp-content\/uploads\/2026\/09\/Deuda-Cordoba-1.jpg\" alt=\"\" width=\"960\" height=\"607\" srcset=\"https:\/\/tribunavm.com.ar\/wp-content\/uploads\/2026\/09\/Deuda-Cordoba-1.jpg 960w, https:\/\/tribunavm.com.ar\/wp-content\/uploads\/2026\/09\/Deuda-Cordoba-1-300x190.jpg 300w, https:\/\/tribunavm.com.ar\/wp-content\/uploads\/2026\/09\/Deuda-Cordoba-1-768x486.jpg 768w, https:\/\/tribunavm.com.ar\/wp-content\/uploads\/2026\/09\/Deuda-Cordoba-1-750x474.jpg 750w\" sizes=\"(max-width: 960px) 100vw, 960px\" \/><figcaption id=\"caption-attachment-14859\" class=\"wp-caption-text\">Mora en la provincia de C\u00f3rdoba. Extra\u00eddo del informe de MATE.<\/figcaption><\/figure>\n<p><span style=\"color: #ff9900;\"><b>El poder adquisitivo<\/b><\/span><\/p>\n<p><span style=\"font-weight: 400;\">S\u00f3lo en los \u00faltimos dos a\u00f1os, <\/span><b>2,6 millones de personas ingresaron en estado de incumplimiento o cesaci\u00f3n de pagos<\/b><span style=\"font-weight: 400;\">, casi la mitad del total actual. Esto se relaciona directamente con la p\u00e9rdida de poder adquisitivo.<\/span><\/p>\n<p><span style=\"font-weight: 400;\">Seg\u00fan un informe publicado ayer por el Mirador de la Actualidad del Trabajo y la Econom\u00eda (MATE) en el primer a\u00f1o y medio del gobierno de Milei<\/span><b> el salario privado se redujo un 14%, mientras que las jubilaciones lo hicieron un 31%<\/b><span style=\"font-weight: 400;\">.<\/span><\/p>\n<p><span style=\"font-weight: 400;\">La situaci\u00f3n viene siendo se\u00f1alada por las centrales obreras que el jueves 20 de agosto se movilizaron al Ministerio de Econom\u00eda para visibilizar el endeudamiento familiar. All\u00ed entregaron un petitorio al Gobierno con medidas a adoptar.<\/span><\/p>\n<p><span style=\"font-weight: 400;\">En paralelo, la Secretar\u00eda de Defensa del Consumidor de la CGT elabor\u00f3 un informe donde describe los <\/span><b>4 pasos por los cuales se llega a esta situaci\u00f3n<\/b><span style=\"font-weight: 400;\">: 1- Salarios que pierden contra la inflaci\u00f3n, 2- ca\u00edda de ventas y producci\u00f3n, 3- endeudamiento de las familias para compensar esa ca\u00edda y 4- una tasa de financiaci\u00f3n del 115% anual que hace caer en mora esa deuda.<\/span><\/p>\n<figure id=\"attachment_14860\" aria-describedby=\"caption-attachment-14860\" style=\"width: 1000px\" class=\"wp-caption alignnone\"><img loading=\"lazy\" decoding=\"async\" class=\"size-full wp-image-14860\" src=\"https:\/\/tribunavm.com.ar\/wp-content\/uploads\/2026\/09\/Salario-y-mora-1.jpg\" alt=\"\" width=\"1000\" height=\"533\" srcset=\"https:\/\/tribunavm.com.ar\/wp-content\/uploads\/2026\/09\/Salario-y-mora-1.jpg 1000w, https:\/\/tribunavm.com.ar\/wp-content\/uploads\/2026\/09\/Salario-y-mora-1-300x160.jpg 300w, https:\/\/tribunavm.com.ar\/wp-content\/uploads\/2026\/09\/Salario-y-mora-1-768x409.jpg 768w, https:\/\/tribunavm.com.ar\/wp-content\/uploads\/2026\/09\/Salario-y-mora-1-750x400.jpg 750w\" sizes=\"(max-width: 1000px) 100vw, 1000px\" \/><figcaption id=\"caption-attachment-14860\" class=\"wp-caption-text\">Relaci\u00f3n entre la evoluci\u00f3n del salario y la cantidad de personas en mora.<\/figcaption><\/figure>\n<p><span style=\"font-weight: 400;\">Ello se puede deducir directamente de los datos brindados por el propio BCRA, donde se puede observar que, desde la pandemia hasta nuestros d\u00edas, <\/span><b>el m\u00e9todo m\u00e1s utilizado por las familias para pagar gastos \u201ccorrientes\u201d<\/b><span style=\"font-weight: 400;\"> (donde se contempla supermercados, electrodom\u00e9sticos y comercio electr\u00f3nico)<\/span><b> es la tarjeta de cr\u00e9dito<\/b><span style=\"font-weight: 400;\">.<\/span><\/p>\n<p><span style=\"font-weight: 400;\">\u201cMucho m\u00e1s complejo a\u00fan es el escenario de aquellas familias que, imposibilitadas de acceder al cr\u00e9dito a trav\u00e9s de canales formales, se ven obligadas a recurrir a v\u00edas informales de financiamiento, incluso para poder cubrir sus necesidades b\u00e1sicas, y son v\u00edctimas de intereses usurarios exponi\u00e9ndose a situaciones m\u00e1s dram\u00e1ticas a\u00fan\u201d, dijeron desde la CGT.<\/span><\/p>\n<p><span style=\"font-weight: 400;\">El mes pasado, Salvador Femen\u00eda, vocero de la Confederaci\u00f3n Argentina de la Mediana Empresa (CAME), mostr\u00f3 la preocupaci\u00f3n del sector empresario ante la situaci\u00f3n: &#8220;<\/span><b>Las familias no se endeudan por lujo, sino para pagar comida, servicios p\u00fablicos y remedios<\/b><span style=\"font-weight: 400;\">. El atraso crediticio llega cuando el salario real queda retrasado frente a la suba de tarifas fijas, lo que <\/span><b>paraliza de forma directa el consumo en el comercio<\/b><span style=\"font-weight: 400;\"> de proximidad&#8221;.<\/span><\/p>\n<p><span style=\"color: #ff9900;\"><b>La contracara del mercado digital-financiero<\/b><\/span><\/p>\n<p><span style=\"font-weight: 400;\">El informe de MATE registra una disminuci\u00f3n en los plazos fijos tradicionales, que pasaron de 4,8 millones a 2,6 millones de titulares. Esta baja responde tanto al <\/span><b>uso de ahorros para saldar obligaciones corrientes como a la migraci\u00f3n masiva hacia cuentas remuneradas en billeteras virtuales<\/b><span style=\"font-weight: 400;\">.<\/span><\/p>\n<p><span style=\"font-weight: 400;\">Desde la llegada de las apps financieras, estas ofrecen tasas similares -o incluso mayores- a las de plazo fijo, pero en una cuenta digital donde el usuario dispone del dinero permanentemente, sin esperar a que venza ning\u00fan plazo.<\/span><\/p>\n<p><span style=\"font-weight: 400;\">En enero de este a\u00f1o, Tom\u00e1s Azzali, Director Senior de Mercado Pago Argentina, dijo que \u201chace ocho a\u00f1os transformamos la gesti\u00f3n del dinero al <\/span><b>ofrecer la posibilidad de generar rendimientos diarios a trav\u00e9s de nuestra cuenta digital<\/b><span style=\"font-weight: 400;\">, mientras otras cuentas rend\u00edan 0%\u201d.<\/span><\/p>\n<p><span style=\"font-weight: 400;\">En s\u00f3lo 4 a\u00f1os, las cuentas de Agente de Colocaci\u00f3n y Distribuci\u00f3n Integral (ACDIs), que corresponden principalmente a billeteras virtuales, plataformas fintech y cuentas remuneradas (como Mercado Pago, Ual\u00e1, etc.), <\/span><b>se incrementaron de 8 millones a m\u00e1s de 30 millones<\/b><span style=\"font-weight: 400;\">.<\/span><\/p>\n<figure id=\"attachment_14861\" aria-describedby=\"caption-attachment-14861\" style=\"width: 720px\" class=\"wp-caption alignnone\"><img loading=\"lazy\" decoding=\"async\" class=\"size-full wp-image-14861\" src=\"https:\/\/tribunavm.com.ar\/wp-content\/uploads\/2026\/09\/fci.jpg\" alt=\"\" width=\"720\" height=\"523\" srcset=\"https:\/\/tribunavm.com.ar\/wp-content\/uploads\/2026\/09\/fci.jpg 720w, https:\/\/tribunavm.com.ar\/wp-content\/uploads\/2026\/09\/fci-300x218.jpg 300w, https:\/\/tribunavm.com.ar\/wp-content\/uploads\/2026\/09\/fci-120x86.jpg 120w\" sizes=\"(max-width: 720px) 100vw, 720px\" \/><figcaption id=\"caption-attachment-14861\" class=\"wp-caption-text\">Cantidad de cuentas de FCI.<\/figcaption><\/figure>\n<p><span style=\"font-weight: 400;\">Estas cuentas forman parte de lo que llaman el <\/span><b>\u201cmercado de dinero\u201d<\/b><span style=\"font-weight: 400;\"> o Money Market, <\/span><b>el mayor negocio de los Fondos Comunes de Inversi\u00f3n (FCI) en el pa\u00eds<\/b><span style=\"font-weight: 400;\">. La mayor\u00eda de ellos son fondos de liquidez inmediata ofrecidos a trav\u00e9s de las aplicaciones, es decir, billeteras virtuales que utilizan tu dinero de la cuenta para invertir en instrumentos de deuda.\u00a0<\/span><\/p>\n<p><span style=\"font-weight: 400;\">Durante el mes de julio, los Fondos Comunes de Inversi\u00f3n Abiertos (FCIA) incrementaron su patrimonio en $2,58 billones respecto al mes anterior, alcanzando la cifra r\u00e9cord de $108,57 billones (m\u00e1s del 20% del PBI Nacional). <\/span><b>Esto representa un increment\u00f3 en un 40,4% ($31,23 billones) respecto a 2025.<\/b><\/p>\n<p><b>Mientras que en el \u00faltimo a\u00f1o la cantidad de empresas se redujo aproximadamente en 18.000, en el mismo per\u00edodo la cantidad de Fondos de Inversi\u00f3n creci\u00f3 de 970 a 1105 (un crecimiento del 13%).<\/b><\/p>\n<p><span style=\"font-weight: 400;\">Aqu\u00ed se puede observar una correspondencia entre el crecimiento de usuarios de estas aplicaciones, convertidos en part\u00edcipes de Fondos Comunes de Inversi\u00f3n, con el dato brindado por MATE respecto a la <\/span><b>cantidad de deudores de las Fintech, que pasaron de 0,5 a 5,9 millones los \u00faltimos a\u00f1os<\/b><span style=\"font-weight: 400;\">.<\/span><\/p>\n<p><span style=\"font-weight: 400;\">De este modo, la din\u00e1mica del endeudamiento deja a la vista dos caras de un mismo proceso: por un lado, millones de familias condicionadas por la p\u00e9rdida salarial y el encarecimiento del cr\u00e9dito para el consumo b\u00e1sico; por el otro, la consolidaci\u00f3n de un negocio financiero y digital que incrementa su rentabilidad a trav\u00e9s del mercado de dinero y la colocaci\u00f3n de deuda a corto plazo.<\/span><\/p>\n<p><b>El debate abandona as\u00ed el terreno t\u00e9cnico o legislativo y se instala en el plano de la disputa social<\/b><span style=\"font-weight: 400;\">. En una econom\u00eda donde las ganancias del sistema financiero se sostiene sobre la fragilidad de los ingresos dom\u00e9sticos,<\/span><b> inclinar la balanza depender\u00e1 del nivel de presi\u00f3n y protagonismo que alcancen trabajadores, jubilados y peque\u00f1os productores frente a un mercado estructurado para blindar a los acreedores a expensas de las necesidades m\u00e1s elementales de la poblaci\u00f3n<\/b><span style=\"font-weight: 400;\">.<\/span><\/p>\n<p>&nbsp;<\/p>\n<h3><strong>Fuentes utilizadas:<\/strong><\/h3>\n<p><span style=\"color: #ff9900;\"><a style=\"color: #ff9900;\" href=\"https:\/\/deudores.mateconomia.com.ar\/\"><span style=\"font-weight: 400;\">https:\/\/deudores.mateconomia.com.ar\/<\/span><\/a><span style=\"font-weight: 400;\">\u00a0<\/span><\/span><\/p>\n<p><span style=\"color: #ff9900;\"><a style=\"color: #ff9900;\" href=\"https:\/\/mapadeladeuda.ar\/\"><span style=\"font-weight: 400;\">https:\/\/mapadeladeuda.ar\/<\/span><\/a><span style=\"font-weight: 400;\">\u00a0<\/span><\/span><\/p>\n<p><span style=\"color: #ff9900;\"><a style=\"color: #ff9900;\" href=\"https:\/\/www.bcra.gob.ar\/publicaciones\/informe-de-inclusion-financiera-segundo-semestre-de-2025\/#Cr%C3%A9ditoUH\"><span style=\"font-weight: 400;\">https:\/\/www.bcra.gob.ar\/publicaciones\/informe-de-inclusion-financiera-segundo-semestre-de-2025\/#Cr%C3%A9ditoUH<\/span><\/a><\/span><\/p>\n<p><span style=\"color: #ff9900;\"><a style=\"color: #ff9900;\" href=\"https:\/\/www.bcra.gob.ar\/archivos\/Pdfs\/PublicacionesEstadisticas\/informes\/informe-bancos-2026-06.pdf\"><span style=\"font-weight: 400;\">https:\/\/www.bcra.gob.ar\/archivos\/Pdfs\/PublicacionesEstadisticas\/informes\/informe-bancos-2026-06.pdf<\/span><\/a><\/span><\/p>\n<p><span style=\"color: #ff9900;\"><a style=\"color: #ff9900;\" href=\"https:\/\/www.bcra.gob.ar\/indicadores-inclusion-financiera\/\"><span style=\"font-weight: 400;\">https:\/\/www.bcra.gob.ar\/indicadores-inclusion-financiera\/<\/span><\/a><\/span><\/p>\n<p><span style=\"color: #ff9900;\"><a style=\"color: #ff9900;\" href=\"https:\/\/www.bcra.gob.ar\/archivos\/Pdfs\/PublicacionesEstadisticas\/Entidades\/202605e.pdf\"><span style=\"font-weight: 400;\">https:\/\/www.bcra.gob.ar\/archivos\/Pdfs\/PublicacionesEstadisticas\/Entidades\/202605e.pdf<\/span><\/a><\/span><\/p>\n<p><span style=\"color: #ff9900;\"><a style=\"color: #ff9900;\" href=\"https:\/\/centrocepa.com.ar\/images\/2026\/08\/2026.08.26%20-%20Dossier%20Controversia%20CEPA-Galperin%20desmentida%20al%20informe%20promovido%20por%20Mercado%20Libre.pdf\"><span style=\"font-weight: 400;\">https:\/\/centrocepa.com.ar\/images\/2026\/08\/2026.08.26%20-%20Dossier%20Controversia%20CEPA-Galperin%20desmentida%20al%20informe%20promovido%20por%20Mercado%20Libre.pdf<\/span><\/a><\/span><\/p>\n<\/div>\n<div class=\"col-md-3\">\n<p>&nbsp;<\/p>\n<\/div>\n<\/div>\n","protected":false},"excerpt":{"rendered":"<p>Informes de la CGT, CAME y centros de estudios econ\u00f3micos lo vinculan a la p\u00e9rdida del poder adquisitivo. En el Departamento Gral. San Mart\u00edn casi 5.000 personas est\u00e1n en mora. En los \u00faltimos meses, el nivel de endeudamiento personal cobr\u00f3 centralidad en el debate p\u00fablico debido al incremento de la mora, que comienza a contabilizarse [&hellip;]<\/p>\n","protected":false},"author":2,"featured_media":14864,"comment_status":"open","ping_status":"open","sticky":false,"template":"","format":"standard","meta":{"_exactmetrics_skip_tracking":false,"_exactmetrics_sitenote_active":false,"_exactmetrics_sitenote_note":"","_exactmetrics_sitenote_category":0,"jnews-multi-image_gallery":[],"jnews_single_post":{"format":"standard","override":[{"template":"5","parallax":"1","fullscreen":"1","layout":"right-sidebar","sidebar":"default-sidebar","second_sidebar":"default-sidebar","sticky_sidebar":"1","share_position":"hide","share_float_style":"share-monocrhome","show_featured":"1","show_post_meta":"1","show_post_author_image":"1","show_post_date":"1","post_date_format":"custom","post_date_format_custom":"d-m-Y","show_post_category":"1","post_reading_time_wpm":"300","post_calculate_word_method":"count_blank","show_zoom_button":"0","zoom_button_out_step":"2","zoom_button_in_step":"3","show_post_tag":"1","number_popup_post":"1","show_author_box":"0","show_post_related":"1"}],"image_override":[{"single_post_thumbnail_size":"crop-500","single_post_gallery_size":"crop-500"}],"trending_post_position":"meta","trending_post_label":"Trending","sponsored_post_label":"Sponsored by","disable_ad":"0"},"jnews_primary_category":[],"jnews_social_meta":[],"jnews_override_counter":{"view_counter_number":"0","share_counter_number":"0","like_counter_number":"0","dislike_counter_number":"0"},"_joinchat":[],"footnotes":""},"categories":[278,279,22],"tags":[109,80,72,52,192,34,35],"class_list":["post-14856","post","type-post","status-publish","format-standard","has-post-thumbnail","hentry","category-economia","category-gobierno","category-actualidad","tag-condiciones-de-vida","tag-deuda","tag-edicion-digital","tag-finanzas","tag-movimiento","tag-social","tag-trabajadores"],"_links":{"self":[{"href":"https:\/\/tribunavm.com.ar\/index.php\/wp-json\/wp\/v2\/posts\/14856"}],"collection":[{"href":"https:\/\/tribunavm.com.ar\/index.php\/wp-json\/wp\/v2\/posts"}],"about":[{"href":"https:\/\/tribunavm.com.ar\/index.php\/wp-json\/wp\/v2\/types\/post"}],"author":[{"embeddable":true,"href":"https:\/\/tribunavm.com.ar\/index.php\/wp-json\/wp\/v2\/users\/2"}],"replies":[{"embeddable":true,"href":"https:\/\/tribunavm.com.ar\/index.php\/wp-json\/wp\/v2\/comments?post=14856"}],"version-history":[{"count":6,"href":"https:\/\/tribunavm.com.ar\/index.php\/wp-json\/wp\/v2\/posts\/14856\/revisions"}],"predecessor-version":[{"id":14870,"href":"https:\/\/tribunavm.com.ar\/index.php\/wp-json\/wp\/v2\/posts\/14856\/revisions\/14870"}],"wp:featuredmedia":[{"embeddable":true,"href":"https:\/\/tribunavm.com.ar\/index.php\/wp-json\/wp\/v2\/media\/14864"}],"wp:attachment":[{"href":"https:\/\/tribunavm.com.ar\/index.php\/wp-json\/wp\/v2\/media?parent=14856"}],"wp:term":[{"taxonomy":"category","embeddable":true,"href":"https:\/\/tribunavm.com.ar\/index.php\/wp-json\/wp\/v2\/categories?post=14856"},{"taxonomy":"post_tag","embeddable":true,"href":"https:\/\/tribunavm.com.ar\/index.php\/wp-json\/wp\/v2\/tags?post=14856"}],"curies":[{"name":"wp","href":"https:\/\/api.w.org\/{rel}","templated":true}]}}