{"id":1522,"date":"2020-08-16T20:18:29","date_gmt":"2020-08-16T20:18:29","guid":{"rendered":"https:\/\/tribunavm.com.ar\/?p=1522"},"modified":"2020-08-16T22:14:35","modified_gmt":"2020-08-16T22:14:35","slug":"el-futuro-llego-hace-rato","status":"publish","type":"post","link":"https:\/\/tribunavm.com.ar\/index.php\/2020\/08\/16\/el-futuro-llego-hace-rato\/","title":{"rendered":"El futuro llego hace rato"},"content":{"rendered":"<div class=\"row clearfix\">\n<div class=\"col-md-8\">\n<p><span style=\"color: #212121; font-size: 1.5em; letter-spacing: -0.01em;\">La escalada tecnol\u00f3gica, la cuarta revoluci\u00f3n industrial, el internet de las cosas y la red 5G, dibujan la trama de poder del siglo XXI.<\/span><\/p>\n<p><span style=\"font-weight: 400;\"><span class=\"dropcap \" style=\"background-color: #ffffff; color: #dd9933; border-color: #ffffff;\">E<\/span>l freno pandemico de la economia mundial, ademas de abruptas ca\u00eddas del PBI (5% y 8% en el mundo este a\u00f1o) y una disminuci\u00f3n de los intercambios comerciales; tambi\u00e9n impuls\u00f3, por otro lado la profundizaci\u00f3n de transformaciones tecnol\u00f3gicas, asentadas en una oleada digital que exponenci\u00f3 procesos que se ven\u00edan desarrollando ya a gran velocidad como el teletrabajo y el comercio electr\u00f3nico.<\/span><\/p>\n<p><span style=\"font-weight: 400;\">Un reflejo de esto, por ejemplo, es el ascenso del valor combinado de los activos de las cinco grandes empresas high tech de EE.UU (Microsoft, Apple, Amazon, Google, y Facebook) a US$1,7 billones la semana pasada, un crecimiento de 43% respecto a la medici\u00f3n de marzo, mientras la mayor econom\u00eda del mundo ca\u00eda un 4,8% anual en el primer trimestre, y se hundir\u00eda entre un 15% y 20% anual en el segundo.<\/span><\/p>\n<p><span style=\"font-weight: 400;\">El crecimiento de estas empresas se da en el marco de la denominada cuarta revoluci\u00f3n industrial, con eje nodal situado en la valorizaci\u00f3n de los datos: inmensas masas de informaci\u00f3n lanzadas por usuarios y los distintos sectores productivos y de los servicios en combinaci\u00f3n con sistemas ciberf\u00edsicos, que unen infraestructura f\u00edsica con software, sensores, nanotecnolog\u00eda, tecnolog\u00eda digital de comunicaciones.<\/span><\/p>\n<p><span style=\"color: #ff9900;\"><strong>Datos<\/strong><\/span><\/p>\n<p><span style=\"font-weight: 400;\">Hasta 2003 la humanidad hab\u00eda generado cinco exabytes de informaci\u00f3n a lo largo de toda su historia, seg\u00fan Eric Schmidt, CEO de Google. En 2007 se generaron 281 exabytes (281.000 terabytes), seg\u00fan las investigadoras Hardy y Williams. Hoy, el Internet de Las Cosas (IdC) ha diseminado en todas las direcciones la acumulacion de datos, codificando todo en bits a su paso: Cisco estim\u00f3 que en 2020 el tr\u00e1fico alcanzar\u00eda 15.3 zettabytes de datos (mas de 16 millones de terabytes), aun sin contar ninguna crisis pand\u00e9mica haya entrado en el pron\u00f3stico del estudio.<\/span><\/p>\n<p><span style=\"font-weight: 400;\">Dichos datos, generados actualmente por m\u00e1s de 4.540 millones de usuarios activos de internet, tienen una ubicaci\u00f3n f\u00edsica: los centros de procesamiento, donde se concentran los recursos necesarios para el procesamiento de la informaci\u00f3n. Suelen ser creados y mantenidos por grandes organizaciones con objeto de tener acceso a la informaci\u00f3n necesaria para sus operaciones.<\/span><\/p>\n<figure id=\"attachment_1524\" aria-describedby=\"caption-attachment-1524\" style=\"width: 1000px\" class=\"wp-caption alignnone\"><img loading=\"lazy\" decoding=\"async\" class=\"wp-image-1524 size-full\" src=\"https:\/\/tribunavm.com.ar\/wp-content\/uploads\/2020\/08\/1366_2000.jpeg\" alt=\"Centro de procesamiento de datos\" width=\"1000\" height=\"410\" srcset=\"https:\/\/tribunavm.com.ar\/wp-content\/uploads\/2020\/08\/1366_2000.jpeg 1000w, https:\/\/tribunavm.com.ar\/wp-content\/uploads\/2020\/08\/1366_2000-300x123.jpeg 300w, https:\/\/tribunavm.com.ar\/wp-content\/uploads\/2020\/08\/1366_2000-768x315.jpeg 768w, https:\/\/tribunavm.com.ar\/wp-content\/uploads\/2020\/08\/1366_2000-750x308.jpeg 750w\" sizes=\"(max-width: 1000px) 100vw, 1000px\" \/><figcaption id=\"caption-attachment-1524\" class=\"wp-caption-text\">Centro de procesamiento de datos<\/figcaption><\/figure>\n<p><span style=\"font-weight: 400;\">Los centros de datos de hiperescala se concentran principalmente en Estados Unidos(47%); le siguen China y Jap\u00f3n (7%); despu\u00e9s Australia que alberga el 5 por ciento de estos centros; luego Singapur, Alemania y Canad\u00e1, que tienen cada uno el 4 por ciento de los mismos; y el resto se divide en otros pa\u00edses.<\/span><\/p>\n<p><span style=\"font-weight: 400;\">Por las venas del tejido de informaci\u00f3n corre el mercado laboral y billones de horas de producci\u00f3n y circulaci\u00f3n de interacciones. A 29 a\u00f1os del surgimiento del internet, nos hemos vuelto dependientes de la informaci\u00f3n que generamos. &#8220;La cuarta revoluci\u00f3n industrial, no se define por un conjunto de tecnolog\u00edas emergentes en s\u00ed mismas, sino por la transici\u00f3n hacia nuevos sistemas que est\u00e1n construidos sobre la infraestructura de la revoluci\u00f3n digital (anterior)&#8221;, dice Klaus Schwab, director ejecutivo del Foro Econ\u00f3mico Mundial.\u00a0<\/span><\/p>\n<p><span style=\"font-weight: 400;\">La revoluci\u00f3n sigue a otros tres procesos hist\u00f3ricos transformadores: el paso de la producci\u00f3n manual a la mecanizada, entre 1760 y 1830;\u00a0 la electricidad y la manufactura en masa, alrededor de 1850; y la llegada de la electr\u00f3nica y la tecnolog\u00eda de la informaci\u00f3n, hacia mediados del siglo XX. La actual tendencia que persigue la integraci\u00f3n de lo f\u00edsico con lo virtual, a trav\u00e9s de la automatizaci\u00f3n total de la manufactura.<\/span><\/p>\n<p><span style=\"color: #ff9900;\"><strong>Tecnolog\u00eda 5G<\/strong><\/span><\/p>\n<p><span style=\"font-weight: 400;\">Los sistemas ciberf\u00edsicos, que combinan maquinaria f\u00edsica con procesos digitales, son capaces de tomar decisiones descentralizadas y de cooperar -entre ellos y con las personas- mediante el IdC. Es en esta combinaci\u00f3n donde toma un rol central el<strong> 5G<\/strong>, la quinta generaci\u00f3n de redes m\u00f3viles.<\/span><\/p>\n<p><span style=\"font-weight: 400;\">La primera red 1G, fue la de aquellos primeros tel\u00e9fonos m\u00f3viles que solo permit\u00edan hablar. La tecnolog\u00eda 2G introdujo los SMS, se incorpor\u00f3 la conexi\u00f3n a internet (3G) y despu\u00e9s lleg\u00f3 la banda ancha (4G), lo que trajo consigo la reproducci\u00f3n de v\u00eddeos en tiempo real (streaming).\u00a0<\/span><\/p>\n<p><span style=\"font-weight: 400;\"><strong>El 5G permitir\u00e1 navegar hasta a 10 gigabytes por segundo<\/strong>, 10 veces m\u00e1s r\u00e1pido que las principales ofertas de fibra \u00f3ptica del mercado. Adem\u00e1s, la latencia (tiempo de respuesta de la red) podr\u00eda reducirse a 5 milisegundos, un per\u00edodo casi imperceptible para los humanos, lo cual nos permitir\u00e1 conectarnos en tiempo real, la instantaneidad misma.<\/span><\/p>\n<p><span style=\"font-weight: 400;\">As\u00ed, la implantaci\u00f3n de la red m\u00f3vil cambiar\u00e1 la manera de comunicarnos, multiplicar\u00e1 la capacidad de las autopistas de la informaci\u00f3n y posibilitar\u00e1 que objetos cotidianos, veh\u00edculos, robots industriales, mobiliario urbano o cualquier dispositivo electr\u00f3nico pueda conectarse, con nosotros y entre s\u00ed.<\/span><\/p>\n<blockquote class=\"pullquote align-center\"><p><span style=\"font-weight: 400;\">\u201cLa tecnolog\u00eda 5G se encuentra en el centro del mundo tecnol\u00f3gico-industrial del siglo XXI; (\u2026) en esencia las redes de comunicaci\u00f3n no son solo comunicacionales. Han evolucionado, y se han convertido en el sistema nervioso central de la pr\u00f3xima generaci\u00f3n de Internet industrial\u201d. <\/span><\/p>\n<p><span style=\"font-weight: 400;\">William Barr, Fiscal General y titular del Departamento de Justicia de EEUU.<\/span><\/p><\/blockquote>\n<p><span style=\"font-weight: 400;\">En conclusi\u00f3n, la cuarta revoluci\u00f3n industrial, es decir, la digitalizaci\u00f3n de la manufactura y los servicios, y su consiguiente integraci\u00f3n, no solo significa avances tecnol\u00f3gicos, la red 5G es la contrapartida necesaria del <\/span><span style=\"font-weight: 400;\">IdC<\/span><span style=\"font-weight: 400;\"> , y el dominio implica dominar la infraestructura de poder del capitalismo m\u00e1s avanzado del siglo XXI.<\/span><\/p>\n<\/div>\n<\/div>\n","protected":false},"excerpt":{"rendered":"<p>La escalada tecnol\u00f3gica, la cuarta revoluci\u00f3n industrial, el internet de las cosas y la red 5G, dibujan la trama de poder del siglo XXI. El freno pandemico de la economia mundial, ademas de abruptas ca\u00eddas del PBI (5% y 8% en el mundo este a\u00f1o) y una disminuci\u00f3n de los intercambios comerciales; tambi\u00e9n impuls\u00f3, por [&hellip;]<\/p>\n","protected":false},"author":2,"featured_media":1525,"comment_status":"open","ping_status":"open","sticky":false,"template":"","format":"standard","meta":{"_exactmetrics_skip_tracking":false,"_exactmetrics_sitenote_active":false,"_exactmetrics_sitenote_note":"","_exactmetrics_sitenote_category":0,"jnews-multi-image_gallery":[],"jnews_single_post":{"source_name":"","source_url":"","via_name":"","via_url":"","override_template":"0","override":[{"template":"1","single_blog_custom":"","parallax":"1","fullscreen":"0","layout":"right-sidebar","sidebar":"default-sidebar","second_sidebar":"default-sidebar","sticky_sidebar":"1","share_position":"top","share_float_style":"share-monocrhome","show_share_counter":"1","show_view_counter":"1","show_featured":"1","show_post_meta":"1","show_post_author":"1","show_post_author_image":"1","show_post_date":"1","post_date_format":"default","post_date_format_custom":"Y\/m\/d","show_post_category":"1","show_post_reading_time":"0","post_reading_time_wpm":"300","show_zoom_button":"0","zoom_button_out_step":"2","zoom_button_in_step":"3","show_post_tag":"1","show_prev_next_post":"1","show_popup_post":"1","number_popup_post":"1","show_author_box":"0","show_post_related":"0","show_inline_post_related":"0"}],"override_image_size":"0","image_override":[{"single_post_thumbnail_size":"crop-500","single_post_gallery_size":"crop-500"}],"trending_post":"0","trending_post_position":"meta","trending_post_label":"Trending","sponsored_post":"0","sponsored_post_label":"Sponsored by","sponsored_post_name":"","sponsored_post_url":"","sponsored_post_logo_enable":"0","sponsored_post_logo":"","sponsored_post_desc":""},"jnews_primary_category":{"id":"23"},"jnews_social_meta":{"fb_title":"","fb_description":"","fb_image":"","twitter_title":"","twitter_description":"","twitter_image":""},"jnews_override_counter":{"override_view_counter":"0","view_counter_number":"0","override_share_counter":"0","share_counter_number":"0","override_like_counter":"0","like_counter_number":"0","override_dislike_counter":"0","dislike_counter_number":"0"},"_joinchat":[],"footnotes":""},"categories":[23],"tags":[90,72,42],"class_list":["post-1522","post","type-post","status-publish","format-standard","has-post-thumbnail","hentry","category-analisis","tag-edicion-26","tag-edicion-digital","tag-industria"],"_links":{"self":[{"href":"https:\/\/tribunavm.com.ar\/index.php\/wp-json\/wp\/v2\/posts\/1522"}],"collection":[{"href":"https:\/\/tribunavm.com.ar\/index.php\/wp-json\/wp\/v2\/posts"}],"about":[{"href":"https:\/\/tribunavm.com.ar\/index.php\/wp-json\/wp\/v2\/types\/post"}],"author":[{"embeddable":true,"href":"https:\/\/tribunavm.com.ar\/index.php\/wp-json\/wp\/v2\/users\/2"}],"replies":[{"embeddable":true,"href":"https:\/\/tribunavm.com.ar\/index.php\/wp-json\/wp\/v2\/comments?post=1522"}],"version-history":[{"count":2,"href":"https:\/\/tribunavm.com.ar\/index.php\/wp-json\/wp\/v2\/posts\/1522\/revisions"}],"predecessor-version":[{"id":1528,"href":"https:\/\/tribunavm.com.ar\/index.php\/wp-json\/wp\/v2\/posts\/1522\/revisions\/1528"}],"wp:featuredmedia":[{"embeddable":true,"href":"https:\/\/tribunavm.com.ar\/index.php\/wp-json\/wp\/v2\/media\/1525"}],"wp:attachment":[{"href":"https:\/\/tribunavm.com.ar\/index.php\/wp-json\/wp\/v2\/media?parent=1522"}],"wp:term":[{"taxonomy":"category","embeddable":true,"href":"https:\/\/tribunavm.com.ar\/index.php\/wp-json\/wp\/v2\/categories?post=1522"},{"taxonomy":"post_tag","embeddable":true,"href":"https:\/\/tribunavm.com.ar\/index.php\/wp-json\/wp\/v2\/tags?post=1522"}],"curies":[{"name":"wp","href":"https:\/\/api.w.org\/{rel}","templated":true}]}}