{"id":1729,"date":"2020-09-04T22:26:39","date_gmt":"2020-09-04T22:26:39","guid":{"rendered":"https:\/\/tribunavm.com.ar\/?p=1729"},"modified":"2020-09-04T22:32:48","modified_gmt":"2020-09-04T22:32:48","slug":"nueva-caravana-de-docentes-contra-schiaretti","status":"publish","type":"post","link":"https:\/\/tribunavm.com.ar\/index.php\/2020\/09\/04\/nueva-caravana-de-docentes-contra-schiaretti\/","title":{"rendered":"Nueva caravana de docentes contra Schiaretti"},"content":{"rendered":"<div class=\"row clearfix\">\n<div class=\"col-md-8\">\n<div class=\"intro-text\">\n<p><span style=\"font-weight: 400;\">Docentes de toda la provincia volvieron a movilizarse en contra de los ajustes del Gobierno de C\u00f3rdoba y por las condiciones laborales.<\/span><\/p>\n<\/div>\n<p><span style=\"font-weight: 400;\"><span class=\"dropcap \" style=\"background-color: #ffffff; color: #dd9933; border-color: #ffffff;\">E<\/span>sta ma\u00f1ana se llev\u00f3 a cabo una caravana de autos convocada a nivel provincial por docentes a trav\u00e9s de la Uni\u00f3n de Educadores de la Provincia de C\u00f3rdoba (UEPC) en reclamo por las pol\u00edticas del Gobierno de Juan Schiaretti.<\/span><\/p>\n<p><span style=\"font-weight: 400;\">La movilizaci\u00f3n en veh\u00edculos se replic\u00f3 en diversos puntos de la provincia, incluyendo Villa Maria. Por otro lado, se concret\u00f3 un \u201capag\u00f3n digital\u201d de 10 a 14 hs, todo bajo las consigas #BastaDeAbusos, #NoAlAjusteJubilatorio, #CoberturaDeCargosYa y #Conectividad.<\/span><\/p>\n<p><span style=\"font-weight: 400;\">En nuestra localidad, los docentes se concentraron desde la Costanera. All\u00ed, Carlos Andrada, secretario general de UEPC en el departamento San Mart\u00edn, en di\u00e1logo con Tribuna, se\u00f1al\u00f3 tres reclamos principales: la conectividad, \u201cSi hoy hay clase es porque los maestros con sus recursos est\u00e1n costeando de su bolsillo la posibilidad de llegar a los chicos\u201d.<\/span><\/p>\n<figure id=\"attachment_1734\" aria-describedby=\"caption-attachment-1734\" style=\"width: 750px\" class=\"wp-caption alignnone\"><img loading=\"lazy\" decoding=\"async\" class=\"wp-image-1734 size-jnews-featured-750\" src=\"https:\/\/tribunavm.com.ar\/wp-content\/uploads\/2020\/09\/DSC_0057-750x500.jpg\" alt=\"\" width=\"750\" height=\"500\" \/><figcaption id=\"caption-attachment-1734\" class=\"wp-caption-text\">Docentes de Villa Mar\u00eda se\u00f1alan que sus condiciones laborales se han visto perjudicadas por la pandemia.<\/figcaption><\/figure>\n<p><span style=\"font-weight: 400;\">En segundo lugar, el docente remarc\u00f3 la falta de cobertura de los cargos de las suplencias, \u201cHay licencias por maternidad, por enfermedad, la vida sigue, pero las suplencias no las cubren y esto lleva a que haya maestras que tengan a cargo 2 y hasta tres grados. Es vergonzoso\u201d.<\/span><\/p>\n<p><span style=\"font-weight: 400;\">Por \u00faltimo, reclam\u00f3 por \u201cel recorte que hizo Schiaretti al sistema previsional, a las jubilaciones, hoy es la cuarta marcha que hacemos con este motivo\u201d. \u201cSchiaretti est\u00e1 aprovechando esta pandemia para hacer todas estas aberraciones, subejecutando el presupuesto y haciendo agua por todos lados\u201d concluy\u00f3 el dirigente.<\/span><\/p>\n<\/div>\n<\/div>\n","protected":false},"excerpt":{"rendered":"<p>Docentes de toda la provincia volvieron a movilizarse en contra de los ajustes del Gobierno de C\u00f3rdoba y por las condiciones laborales. Esta ma\u00f1ana se llev\u00f3 a cabo una caravana de autos convocada a nivel provincial por docentes a trav\u00e9s de la Uni\u00f3n de Educadores de la Provincia de C\u00f3rdoba (UEPC) en reclamo por las [&hellip;]<\/p>\n","protected":false},"author":2,"featured_media":1733,"comment_status":"open","ping_status":"open","sticky":false,"template":"","format":"standard","meta":{"_exactmetrics_skip_tracking":false,"_exactmetrics_sitenote_active":false,"_exactmetrics_sitenote_note":"","_exactmetrics_sitenote_category":0,"jnews-multi-image_gallery":[],"jnews_single_post":{"source_name":"","source_url":"","via_name":"","via_url":"","override_template":"0","override":[{"template":"1","single_blog_custom":"","parallax":"1","fullscreen":"0","layout":"right-sidebar","sidebar":"default-sidebar","second_sidebar":"default-sidebar","sticky_sidebar":"1","share_position":"top","share_float_style":"share-monocrhome","show_share_counter":"1","show_view_counter":"1","show_featured":"1","show_post_meta":"1","show_post_author":"1","show_post_author_image":"1","show_post_date":"1","post_date_format":"default","post_date_format_custom":"Y\/m\/d","show_post_category":"1","show_post_reading_time":"0","post_reading_time_wpm":"300","show_zoom_button":"0","zoom_button_out_step":"2","zoom_button_in_step":"3","show_post_tag":"1","show_prev_next_post":"1","show_popup_post":"1","number_popup_post":"1","show_author_box":"0","show_post_related":"0","show_inline_post_related":"0"}],"override_image_size":"0","image_override":[{"single_post_thumbnail_size":"crop-500","single_post_gallery_size":"crop-500"}],"trending_post":"0","trending_post_position":"meta","trending_post_label":"Trending","sponsored_post":"0","sponsored_post_label":"Sponsored by","sponsored_post_name":"","sponsored_post_url":"","sponsored_post_logo_enable":"0","sponsored_post_logo":"","sponsored_post_desc":""},"jnews_primary_category":{"id":""},"jnews_social_meta":{"fb_title":"","fb_description":"","fb_image":"","twitter_title":"","twitter_description":"","twitter_image":""},"jnews_override_counter":{"override_view_counter":"0","view_counter_number":"0","override_share_counter":"0","share_counter_number":"0","override_like_counter":"0","like_counter_number":"0","override_dislike_counter":"0","dislike_counter_number":"0"},"_joinchat":[],"footnotes":""},"categories":[22],"tags":[98,50,39,35],"class_list":["post-1729","post","type-post","status-publish","format-standard","has-post-thumbnail","hentry","category-actualidad","tag-edicion-29","tag-educacion","tag-gobierno","tag-trabajadores"],"_links":{"self":[{"href":"https:\/\/tribunavm.com.ar\/index.php\/wp-json\/wp\/v2\/posts\/1729"}],"collection":[{"href":"https:\/\/tribunavm.com.ar\/index.php\/wp-json\/wp\/v2\/posts"}],"about":[{"href":"https:\/\/tribunavm.com.ar\/index.php\/wp-json\/wp\/v2\/types\/post"}],"author":[{"embeddable":true,"href":"https:\/\/tribunavm.com.ar\/index.php\/wp-json\/wp\/v2\/users\/2"}],"replies":[{"embeddable":true,"href":"https:\/\/tribunavm.com.ar\/index.php\/wp-json\/wp\/v2\/comments?post=1729"}],"version-history":[{"count":2,"href":"https:\/\/tribunavm.com.ar\/index.php\/wp-json\/wp\/v2\/posts\/1729\/revisions"}],"predecessor-version":[{"id":1736,"href":"https:\/\/tribunavm.com.ar\/index.php\/wp-json\/wp\/v2\/posts\/1729\/revisions\/1736"}],"wp:featuredmedia":[{"embeddable":true,"href":"https:\/\/tribunavm.com.ar\/index.php\/wp-json\/wp\/v2\/media\/1733"}],"wp:attachment":[{"href":"https:\/\/tribunavm.com.ar\/index.php\/wp-json\/wp\/v2\/media?parent=1729"}],"wp:term":[{"taxonomy":"category","embeddable":true,"href":"https:\/\/tribunavm.com.ar\/index.php\/wp-json\/wp\/v2\/categories?post=1729"},{"taxonomy":"post_tag","embeddable":true,"href":"https:\/\/tribunavm.com.ar\/index.php\/wp-json\/wp\/v2\/tags?post=1729"}],"curies":[{"name":"wp","href":"https:\/\/api.w.org\/{rel}","templated":true}]}}