{"id":1853,"date":"2020-09-16T19:38:13","date_gmt":"2020-09-16T19:38:13","guid":{"rendered":"https:\/\/tribunavm.com.ar\/?p=1853"},"modified":"2020-09-16T20:42:02","modified_gmt":"2020-09-16T20:42:02","slug":"encadenados-en-la-planta-de-tenaris","status":"publish","type":"post","link":"https:\/\/tribunavm.com.ar\/index.php\/2020\/09\/16\/encadenados-en-la-planta-de-tenaris\/","title":{"rendered":"Encadenados en la planta de Tenaris"},"content":{"rendered":"<div class=\"row clearfix\">\n<div class=\"col-md-8\">\n<p><span style=\"color: #212121; font-size: 1.5em; letter-spacing: -0.01em;\">Ahora, los obreros metal\u00fargicos de Villa Constituci\u00f3n, libran una lucha contra el avasallamiento empresarial y judicial que niega la reincorporaci\u00f3n a los despedidos. Se despleg\u00f3 un operativo policial para\u00a0 efectivizar el desalojo.<\/span><\/p>\n<p><span style=\"font-weight: 400;\"><span class=\"dropcap \" style=\"background-color: #ffffff; color: #dd9933; border-color: #ffffff;\">E<\/span>n estos momentos transcurre en la puerta de la planta <strong>Tenaris Siat de Villa Constituci\u00f3n<\/strong>, provincia de Santa F\u00e9, <strong>un encadenamiento por parte de obreros metal\u00fargicos <\/strong>a las rejas del port\u00f3n principal. Estos fueron recientemente despedidos por la empresa perteneciente al grupo Techint.<\/span><\/p>\n<h4><span style=\"color: #999999;\">Ver:<\/span> <a href=\"https:\/\/tribunavm.com.ar\/index.php\/2020\/08\/18\/tenaris-se-desentiende-de-los-despidos-en-villa-constitucion\/\"><span style=\"color: #ff9900;\">Tenaris se desentiende de los despidos en Villa Constituci\u00f3n<\/span><\/a><\/h4>\n<p><span style=\"font-weight: 400;\">En un v\u00eddeo difundido, que enviaron a la redacci\u00f3n de Tribuna, se comenta que: \u201catento a la resoluci\u00f3n del Juez Vaca en el d\u00eda de la fecha, pidiendo que se permita el ingreso a Tenaris de todos los camiones tenemos que liberar el port\u00f3n\u201d.<\/span><\/p>\n<p><span style=\"font-weight: 400;\">Se procede al pedido de desalojo y \u201cante esta situaci\u00f3n adversa nuestros compa\u00f1eros han decidido encadenarse a la puerta de la planta Tenaris Siat de Villa Constituci\u00f3n\u201d. El juez dictamin\u00f3 que \u201cno pod\u00eda darle la condici\u00f3n de suspensi\u00f3n a la medida\u201d. Seg\u00fan denuncian los trabajadores de la UOM Villa Constituci\u00f3n, ante este avasallamiento a los derechos laborales \u201clo que tampoco puede suspenderse es el abastecimiento al alimento de la familia de los compa\u00f1eros\u201d despedidos.<\/span><\/p>\n<div style=\"width: 848px;\" class=\"wp-video\"><!--[if lt IE 9]><script>document.createElement('video');<\/script><![endif]-->\n<video class=\"wp-video-shortcode\" id=\"video-1853-1\" width=\"848\" height=\"480\" preload=\"metadata\" controls=\"controls\"><source type=\"video\/mp4\" src=\"https:\/\/tribunavm.com.ar\/wp-content\/uploads\/2020\/09\/WhatsApp-Video-2020-09-16-at-3.48.30-PM.mp4?_=1\" \/><a href=\"https:\/\/tribunavm.com.ar\/wp-content\/uploads\/2020\/09\/WhatsApp-Video-2020-09-16-at-3.48.30-PM.mp4\">https:\/\/tribunavm.com.ar\/wp-content\/uploads\/2020\/09\/WhatsApp-Video-2020-09-16-at-3.48.30-PM.mp4<\/a><\/video><\/div>\n<p>&nbsp;<\/p>\n<p><span style=\"font-weight: 400;\">La decisi\u00f3n del Grupo que tiene como figura al magnate Paolo Rocca, empresario m\u00e1s rico en la lista de Forbes Argentina, atenta contra el DNU 329\/20 que proh\u00edbe los despidos en el marco de la actual pandemia que vive el pueblo argentino. Como as\u00ed tambi\u00e9n la ley 23.551 de Asociaciones Sindicales por despedir a trabajadores representantes gremiales.<\/span><\/p>\n<p><span style=\"color: #ff9900;\"><strong>Operativo policial<\/strong><\/span><\/p>\n<p>La medida cautelar es acompa\u00f1ada de un fuerte operativo policial que rodea las instalaciones de la planta, bloqueando diversos accesos al lugar, inclusive para aquellos trabajadores delegados de otras fabricas que intentan acercarse a dar su acompa\u00f1amiento seg\u00fan revelaron fuentes presentes en el lugar.<\/p>\n<div style=\"width: 640px;\" class=\"wp-video\"><video class=\"wp-video-shortcode\" id=\"video-1853-2\" width=\"640\" height=\"352\" preload=\"metadata\" controls=\"controls\"><source type=\"video\/mp4\" src=\"https:\/\/tribunavm.com.ar\/wp-content\/uploads\/2020\/09\/operativo-policial.mp4?_=2\" \/><a href=\"https:\/\/tribunavm.com.ar\/wp-content\/uploads\/2020\/09\/operativo-policial.mp4\">https:\/\/tribunavm.com.ar\/wp-content\/uploads\/2020\/09\/operativo-policial.mp4<\/a><\/video><\/div>\n<p>&nbsp;<\/p>\n<figure id=\"attachment_1855\" aria-describedby=\"caption-attachment-1855\" style=\"width: 774px\" class=\"wp-caption alignnone\"><img loading=\"lazy\" decoding=\"async\" class=\"size-full wp-image-1855\" src=\"https:\/\/tribunavm.com.ar\/wp-content\/uploads\/2020\/09\/encadenados.jpeg\" alt=\"\" width=\"774\" height=\"1032\" srcset=\"https:\/\/tribunavm.com.ar\/wp-content\/uploads\/2020\/09\/encadenados.jpeg 774w, https:\/\/tribunavm.com.ar\/wp-content\/uploads\/2020\/09\/encadenados-225x300.jpeg 225w, https:\/\/tribunavm.com.ar\/wp-content\/uploads\/2020\/09\/encadenados-768x1024.jpeg 768w, https:\/\/tribunavm.com.ar\/wp-content\/uploads\/2020\/09\/encadenados-750x1000.jpeg 750w\" sizes=\"(max-width: 774px) 100vw, 774px\" \/><figcaption id=\"caption-attachment-1855\" class=\"wp-caption-text\">Encadenados en el ingreso a la planta de Tenaris<\/figcaption><\/figure>\n<\/div>\n<\/div>\n","protected":false},"excerpt":{"rendered":"<p>Ahora, los obreros metal\u00fargicos de Villa Constituci\u00f3n, libran una lucha contra el avasallamiento empresarial y judicial que niega la reincorporaci\u00f3n a los despedidos. Se despleg\u00f3 un operativo policial para\u00a0 efectivizar el desalojo. En estos momentos transcurre en la puerta de la planta Tenaris Siat de Villa Constituci\u00f3n, provincia de Santa F\u00e9, un encadenamiento por parte [&hellip;]<\/p>\n","protected":false},"author":2,"featured_media":1856,"comment_status":"open","ping_status":"open","sticky":false,"template":"","format":"standard","meta":{"_exactmetrics_skip_tracking":false,"_exactmetrics_sitenote_active":false,"_exactmetrics_sitenote_note":"","_exactmetrics_sitenote_category":0,"jnews-multi-image_gallery":[],"jnews_single_post":{"source_name":"","source_url":"","via_name":"","via_url":"","override_template":"0","override":[{"template":"1","single_blog_custom":"","parallax":"1","fullscreen":"0","layout":"right-sidebar","sidebar":"default-sidebar","second_sidebar":"default-sidebar","sticky_sidebar":"1","share_position":"top","share_float_style":"share-monocrhome","show_share_counter":"1","show_view_counter":"1","show_featured":"1","show_post_meta":"1","show_post_author":"1","show_post_author_image":"1","show_post_date":"1","post_date_format":"default","post_date_format_custom":"Y\/m\/d","show_post_category":"1","show_post_reading_time":"0","post_reading_time_wpm":"300","show_zoom_button":"0","zoom_button_out_step":"2","zoom_button_in_step":"3","show_post_tag":"1","show_prev_next_post":"1","show_popup_post":"1","number_popup_post":"1","show_author_box":"0","show_post_related":"0","show_inline_post_related":"0"}],"override_image_size":"0","image_override":[{"single_post_thumbnail_size":"crop-500","single_post_gallery_size":"crop-500"}],"trending_post":"0","trending_post_position":"meta","trending_post_label":"Trending","sponsored_post":"0","sponsored_post_label":"Sponsored by","sponsored_post_name":"","sponsored_post_url":"","sponsored_post_logo_enable":"0","sponsored_post_logo":"","sponsored_post_desc":""},"jnews_primary_category":{"id":"22"},"jnews_social_meta":{"fb_title":"","fb_description":"","fb_image":"","twitter_title":"","twitter_description":"","twitter_image":""},"jnews_override_counter":{"override_view_counter":"0","view_counter_number":"0","override_share_counter":"0","share_counter_number":"0","override_like_counter":"0","like_counter_number":"0","override_dislike_counter":"0","dislike_counter_number":"0"},"_joinchat":[],"footnotes":""},"categories":[22],"tags":[101,72,35],"class_list":["post-1853","post","type-post","status-publish","format-standard","has-post-thumbnail","hentry","category-actualidad","tag-edicion-31","tag-edicion-digital","tag-trabajadores"],"_links":{"self":[{"href":"https:\/\/tribunavm.com.ar\/index.php\/wp-json\/wp\/v2\/posts\/1853"}],"collection":[{"href":"https:\/\/tribunavm.com.ar\/index.php\/wp-json\/wp\/v2\/posts"}],"about":[{"href":"https:\/\/tribunavm.com.ar\/index.php\/wp-json\/wp\/v2\/types\/post"}],"author":[{"embeddable":true,"href":"https:\/\/tribunavm.com.ar\/index.php\/wp-json\/wp\/v2\/users\/2"}],"replies":[{"embeddable":true,"href":"https:\/\/tribunavm.com.ar\/index.php\/wp-json\/wp\/v2\/comments?post=1853"}],"version-history":[{"count":5,"href":"https:\/\/tribunavm.com.ar\/index.php\/wp-json\/wp\/v2\/posts\/1853\/revisions"}],"predecessor-version":[{"id":1864,"href":"https:\/\/tribunavm.com.ar\/index.php\/wp-json\/wp\/v2\/posts\/1853\/revisions\/1864"}],"wp:featuredmedia":[{"embeddable":true,"href":"https:\/\/tribunavm.com.ar\/index.php\/wp-json\/wp\/v2\/media\/1856"}],"wp:attachment":[{"href":"https:\/\/tribunavm.com.ar\/index.php\/wp-json\/wp\/v2\/media?parent=1853"}],"wp:term":[{"taxonomy":"category","embeddable":true,"href":"https:\/\/tribunavm.com.ar\/index.php\/wp-json\/wp\/v2\/categories?post=1853"},{"taxonomy":"post_tag","embeddable":true,"href":"https:\/\/tribunavm.com.ar\/index.php\/wp-json\/wp\/v2\/tags?post=1853"}],"curies":[{"name":"wp","href":"https:\/\/api.w.org\/{rel}","templated":true}]}}