{"id":1877,"date":"2020-09-17T22:09:50","date_gmt":"2020-09-17T22:09:50","guid":{"rendered":"https:\/\/tribunavm.com.ar\/?p=1877"},"modified":"2020-09-17T23:26:58","modified_gmt":"2020-09-17T23:26:58","slug":"en-busqueda-de-un-techo","status":"publish","type":"post","link":"https:\/\/tribunavm.com.ar\/index.php\/2020\/09\/17\/en-busqueda-de-un-techo\/","title":{"rendered":"En b\u00fasqueda de un techo"},"content":{"rendered":"<div class=\"row clearfix\">\n<div class=\"col-md-8\">\n<div class=\"intro-text\">\n<p><span style=\"font-weight: 400;\">A lo largo de todo el territorio argentino, la toma de tierras deja en evidencia el d\u00e9ficit habitacional que atraviesa el pa\u00eds como s\u00edntoma del agravamiento de la crisis econ\u00f3mica y social.<\/span><\/p>\n<\/div>\n<p><span style=\"font-weight: 400;\"><span class=\"dropcap \" style=\"background-color: #ffffff; color: #dd9933; border-color: #ffffff;\">E<\/span>n nuestra ciudad, en el barrio Las Acacias, hace poco m\u00e1s de un a\u00f1o 70 familias armaron un \u201cacampe\u201d o \u201ctoma\u201d de tierras, manifestando la necesidad de poder acceder a un terreno donde construir su vivienda ante la Municipalidad, de la cual no se obtuvo una respuesta.\u00a0<\/span><\/p>\n<blockquote class=\"pullquote align-center\"><p><i><span style=\"font-weight: 400;\">\u201cCuando uno no recibe lo que el Estado nos tiene que dar, tenemos que hacer estas cosas\u201d declar\u00f3 uno de los movilizados.<\/span><\/i><\/p><\/blockquote>\n<p><span style=\"font-weight: 400;\">Actualmente el n\u00famero de familias movilizadas va en aumento. Familias que, adem\u00e1s, no cuentan con ning\u00fan servicio b\u00e1sico -luz, gas o agua-. Hicieron efectiva esta necesidad ante las empresas correspondientes pero como respuesta les comunicaron que, a menos que haya 20 viviendas en el terreno, no se pueden realizar las conexiones necesarias.<\/span><\/p>\n<p><span style=\"font-weight: 400;\">Desde Tribuna nos acercamos al lugar para poder conversar sobre la situaci\u00f3n en la que se encuentran, pero por miedo a que hablando los desalojen, como est\u00e1 pasando en varias provincias de nuestro pa\u00eds, nos manifestaron su decisi\u00f3n, en conjunto, de no dar notas.<\/span><\/p>\n<p><span style=\"font-weight: 400;\">Esta leg\u00edtima necesidad social de habitar, que no encuentra respuesta en las pol\u00edticas p\u00fablicas, es una problem\u00e1tica de larga data que los sucesivos gobiernos no han podido resolver en toda Argentina. Las consecuencias est\u00e1n a la vista: la urbanizaci\u00f3n irregular gener\u00f3 m\u00e1s de <\/span><b>4.200 asentamientos habitados por m\u00e1s de 800.000 familias, casi 4 millones de personas.<\/b><\/p>\n<p><strong><span style=\"color: #ff9900;\">Buenos Aires<\/span><\/strong><\/p>\n<p><span style=\"font-weight: 400;\">A lo largo de toda la extensi\u00f3n de la provincia hay <strong>40 tomas<\/strong> de terreno en la actualidad. Principalmente, en un predio de aproximadamente 100 hect\u00e1reas, ubicado <strong>en Guernica<\/strong>, se han asentado m\u00e1s 2.500 familias, 10.000 personas, desde hace dos meses. El 23, 24 y 25 de septiembre son las fechas que fij\u00f3 la justicia para realizar el desalojo. Hasta hoy, <strong>es la toma m\u00e1s grande del pa\u00eds<\/strong>.<\/span><\/p>\n<p><span style=\"font-weight: 400;\">Los vecinos y vecinas de la ocupaci\u00f3n insisten en permanecer en el lugar hasta obtener una respuesta concreta a sus justos reclamos, ya que manifiestan no tener otra alternativa o salida inmediata a sus necesidades habitacionales.<\/span><\/p>\n<p><span style=\"font-weight: 400;\">Quienes se encuentran en la toma, temen por lo que puede llegar a suceder en los d\u00edas pr\u00f3ximos ya que como antecedentes de desalojo se tiene los operativos de la Ciudad Evita (La Matanza) y la zona de las chacritas (Esteban Echeverr\u00eda) donde, en ambos casos, la policia procedi\u00f3 con extremada violencia, con varios detenidos, heridos y con todo tipo de provocaciones y aprietes.<\/span><\/p>\n<p><span style=\"font-weight: 400;\">Vecinos de Las Chacritas denuncian que incluso fueron infiltrados por elementos ajenos a la ocupaci\u00f3n. Mientras que en Ciudad Evita el desalojo se produjo en horas de la noche, contra toda indicaci\u00f3n y protocolo en esta materia. <\/span><span style=\"font-weight: 400;\">Con esta situaci\u00f3n, en la toma se vive una gran actividad de organizaci\u00f3n, preparando la resistencia al desalojo, con asambleas donde se vota el plan de lucha que discuti\u00f3 el plenario de delegados de la ocupaci\u00f3n.<\/span><\/p>\n<p><span style=\"font-weight: 400;\">Frente a estas situaciones, organizaciones sociales decidieron marchar, en la ciudad de Buenos Aires, en reclamo por el derecho a la vivienda, que se suspendan los desalojos en tierras tomadas y que el Gobierno se comprometa a brindar soluciones habitacionales y crear trabajo genuino.<\/span><\/p>\n<p><span style=\"font-weight: 400;\"><strong>\u201cSalimos a las calles porque sin tierra, sin trabajo y sin alimentos no se aguanta m\u00e1s\u201d<\/strong>, expresaron en un comunicado de prensa. Y agregaron: \u201cNecesitamos respuestas concretas, necesitamos que el gobierno nacional atienda los reclamos de los comedores populares, que sean declarados esenciales sus trabajadores y trabajadoras y se les pague por un trabajo que vienen haciendo gratis hace a\u00f1os\u201d.<\/span><\/p>\n<p><strong><span style=\"color: #ff9900;\">Chaco<\/span><\/strong><\/p>\n<p><span style=\"font-weight: 400;\">En las \u00faltimas semanas se han dado, en todo el territorio chaque\u00f1o, tomas de terrenos por m\u00e1s de <\/span><b>500 personas<\/b><span style=\"font-weight: 400;\">. Frente a esto, la vicegobernadora Anal\u00eda Rach Quiroga encabez\u00f3, junto a la secretaria de Desarrollo Territorial y Ambiente, Marta Soneira, un encuentro con autoridades provinciales para continuar trabajando en un abordaje integral de la problem\u00e1tica.<\/span><\/p>\n<p><span style=\"font-weight: 400;\">\u201cAnte la particular situaci\u00f3n que se est\u00e1 dando en la provincia, con usurpaciones diarias en predios p\u00fablicos y privados, el objetivo es generar acciones y protocolos tendientes a prevenir las tomas ilegales y garantizar la integridad y los derechos de las personas que se vean involucradas en desalojos\u201d, expuso la funcionaria.<\/span><\/p>\n<p><span style=\"font-weight: 400;\">Adem\u00e1s se avanz\u00f3 en la conformaci\u00f3n de un banco de tierras p\u00fablicas que permita su acceso de una manera ordenada y planificada. \u201cLa toma ilegal de predios es un delito que genera exclusi\u00f3n, inequidades y conflictos sociales, por eso queremos finalizar de manera formal y legal, con esta pr\u00e1ctica que tanto perjudica a la ciudadan\u00eda en su totalidad\u201d, indic\u00f3.<\/span><\/p>\n<p><span style=\"color: #ff9900;\"><strong>Rio Negro<\/strong><\/span><\/p>\n<p><span style=\"font-weight: 400;\">Frente al avance de la toma de tierras, espec\u00edficamente en El Bols\u00f3n y Bariloche, la gobernadora de la provincia, Arabella Carreras, afirm\u00f3 que su Gobierno \u201cno promueve desalojos violentos\u201d de las tomas pero \u201cde ninguna manera avala\u201d esas ocupaciones y anunci\u00f3 que apelar\u00e1 ante la medida de desalojo de <strong>133 familias<\/strong> en El Bols\u00f3n que se movilizaron en la reserva natural Mirador del Azul- Cabeza del Indio.<\/span><\/p>\n<figure id=\"attachment_1879\" aria-describedby=\"caption-attachment-1879\" style=\"width: 750px\" class=\"wp-caption alignnone\"><img loading=\"lazy\" decoding=\"async\" class=\"size-jnews-featured-750 wp-image-1879\" src=\"https:\/\/tribunavm.com.ar\/wp-content\/uploads\/2020\/09\/Cipolletti-750x424.jpg\" alt=\"\" width=\"750\" height=\"424\" srcset=\"https:\/\/tribunavm.com.ar\/wp-content\/uploads\/2020\/09\/Cipolletti-750x424.jpg 750w, https:\/\/tribunavm.com.ar\/wp-content\/uploads\/2020\/09\/Cipolletti-300x169.jpg 300w, https:\/\/tribunavm.com.ar\/wp-content\/uploads\/2020\/09\/Cipolletti-768x434.jpg 768w, https:\/\/tribunavm.com.ar\/wp-content\/uploads\/2020\/09\/Cipolletti.jpg 770w\" sizes=\"(max-width: 750px) 100vw, 750px\" \/><figcaption id=\"caption-attachment-1879\" class=\"wp-caption-text\">Acampe en Cipolletti, Rio Negro.<\/figcaption><\/figure>\n<p><span style=\"font-weight: 400;\">El intendente de El Bols\u00f3n, Bruno Pogliano, indic\u00f3 que <strong>\u201cel \u00fanico camino posible es el desalojo de esas tierras<\/strong>. Este es uno de los circuitos tur\u00edsticos por excelencia y perdemos much\u00edsimo como motor de crecimiento de nuestra comunidad\u201d.<\/span><\/p>\n<p><span style=\"font-weight: 400;\">Por otro lado, en Cipolletti, localidad de la provincia, nueve de diez hect\u00e1reas pertenecientes a Eduardo Kohan, un productor de la ciudad, fueron tomadas por un centenar de familias y s\u00f3lo qued\u00f3 al resguardo una parcela donde est\u00e1n la casa de Eduardo junto con un dep\u00f3sito de maquinarias de empresas petroleras.<\/span><\/p>\n<p><span style=\"font-weight: 400;\">\u201cLas familias trabajadoras se ven empujadas a tomar tierras por la ausencia del Estado que no da respuestas a sus necesidades, agravadas por el cuadro de la pandemia mundial y porque la orientaci\u00f3n social de los gobiernos, es seguir descargando sobre las espaldas de la clase trabajadora ocupada y desocupada la crisis\u201d, indicaron en un comunicado desde el Partido Obrero.<\/span><\/p>\n<p><span style=\"font-weight: 400;\">Tras una audiencia dada con los ocupantes de los terrenos, la jueza a cargo dio un paso atr\u00e1s con respecto al desalojo de la toma. La jueza indic\u00f3, adem\u00e1s, que la Justicia tiene la obligaci\u00f3n de transitar y agotar la v\u00eda de la conciliaci\u00f3n. Consider\u00f3 que el desalojo forzoso en cualquier caso se debe evitar, m\u00e1s a\u00fan si previo a la expulsi\u00f3n el Estado todav\u00eda no garantiz\u00f3 un lugar donde los ocupantes puedan vivir.<\/span><\/p>\n<p><span style=\"font-weight: 400;\">Entre las personas convocadas por la fiscal\u00eda que asistieron, todos ellos hablaron del estado de vulnerabilidad que atraviesan. Uno dijo que viv\u00eda hacinado en una casa con 11 hermanos .Otro pagaba un alquiler y en pandemia perdi\u00f3 su trabajo. Alguno de ellos tambi\u00e9n mencion\u00f3 que se encontraba en situaci\u00f3n de calle y hab\u00eda ingresado a la toma para forjar su proyecto de vida. Otra mujer, con tres hijos menores de edad a su cargo, participa del asentamiento porque compart\u00eda techo con 8 hermanos.<\/span><\/p>\n<blockquote class=\"pullquote align-right\"><p><i><span style=\"font-weight: 400;\">&#8220;Si no tuvi\u00e9semos necesidad, no estar\u00edamos ah\u00ed pasando fr\u00edo con nuestros hijos&#8221;, dijo una integrante de la toma.<\/span><\/i><\/p><\/blockquote>\n<p><span style=\"font-weight: 400;\">El bloque de legisladores rionegrinos del frente de Todos propuso crear una comisi\u00f3n de ordenamiento territorial y un banco de tierras, como alternativa para avanzar en posibles soluciones ante la imposibilidad de acceso a lotes sociales en las distintas localidades de la provincia.<\/span><\/p>\n<p><span style=\"font-weight: 400;\">La iniciativa recomienda la creaci\u00f3n de una Comisi\u00f3n Especial para el Ordenamiento Territorial y Protecci\u00f3n de Recursos Ambientales y Paisaj\u00edsticos que diagnostique la situaci\u00f3n actual de la distribuci\u00f3n territorial, facilite la instrumentaci\u00f3n de mecanismos que permitan un proceso de ordenamiento y asegure la preservaci\u00f3n del medio ambiente posibilitando, en definitiva, que m\u00e1s familias accedan a lotes donde proyectar su futuro.<\/span><\/p>\n<p>&nbsp;<\/p>\n<\/div>\n<div class=\"col-md-3\">\n<p>&nbsp;<\/p>\n<\/div>\n<\/div>\n","protected":false},"excerpt":{"rendered":"<p>A lo largo de todo el territorio argentino, la toma de tierras deja en evidencia el d\u00e9ficit habitacional que atraviesa el pa\u00eds como s\u00edntoma del agravamiento de la crisis econ\u00f3mica y social. En nuestra ciudad, en el barrio Las Acacias, hace poco m\u00e1s de un a\u00f1o 70 familias armaron un \u201cacampe\u201d o \u201ctoma\u201d de tierras, [&hellip;]<\/p>\n","protected":false},"author":2,"featured_media":1878,"comment_status":"open","ping_status":"open","sticky":false,"template":"","format":"standard","meta":{"_exactmetrics_skip_tracking":false,"_exactmetrics_sitenote_active":false,"_exactmetrics_sitenote_note":"","_exactmetrics_sitenote_category":0,"jnews-multi-image_gallery":[],"jnews_single_post":{"source_name":"","source_url":"","via_name":"","via_url":"","override_template":"0","override":[{"template":"1","single_blog_custom":"","parallax":"1","fullscreen":"0","layout":"right-sidebar","sidebar":"default-sidebar","second_sidebar":"default-sidebar","sticky_sidebar":"1","share_position":"top","share_float_style":"share-monocrhome","show_share_counter":"1","show_view_counter":"1","show_featured":"1","show_post_meta":"1","show_post_author":"1","show_post_author_image":"1","show_post_date":"1","post_date_format":"default","post_date_format_custom":"Y\/m\/d","show_post_category":"1","show_post_reading_time":"0","post_reading_time_wpm":"300","show_zoom_button":"0","zoom_button_out_step":"2","zoom_button_in_step":"3","show_post_tag":"1","show_prev_next_post":"1","show_popup_post":"1","number_popup_post":"1","show_author_box":"0","show_post_related":"0","show_inline_post_related":"0"}],"override_image_size":"0","image_override":[{"single_post_thumbnail_size":"crop-500","single_post_gallery_size":"crop-500"}],"trending_post":"0","trending_post_position":"meta","trending_post_label":"Trending","sponsored_post":"0","sponsored_post_label":"Sponsored by","sponsored_post_name":"","sponsored_post_url":"","sponsored_post_logo_enable":"0","sponsored_post_logo":"","sponsored_post_desc":""},"jnews_primary_category":{"id":""},"jnews_social_meta":{"fb_title":"","fb_description":"","fb_image":"","twitter_title":"","twitter_description":"","twitter_image":""},"jnews_override_counter":{"override_view_counter":"0","view_counter_number":"0","override_share_counter":"0","share_counter_number":"0","override_like_counter":"0","like_counter_number":"0","override_dislike_counter":"0","dislike_counter_number":"0"},"_joinchat":[],"footnotes":""},"categories":[22],"tags":[101,72,39,34],"class_list":["post-1877","post","type-post","status-publish","format-standard","has-post-thumbnail","hentry","category-actualidad","tag-edicion-31","tag-edicion-digital","tag-gobierno","tag-social"],"_links":{"self":[{"href":"https:\/\/tribunavm.com.ar\/index.php\/wp-json\/wp\/v2\/posts\/1877"}],"collection":[{"href":"https:\/\/tribunavm.com.ar\/index.php\/wp-json\/wp\/v2\/posts"}],"about":[{"href":"https:\/\/tribunavm.com.ar\/index.php\/wp-json\/wp\/v2\/types\/post"}],"author":[{"embeddable":true,"href":"https:\/\/tribunavm.com.ar\/index.php\/wp-json\/wp\/v2\/users\/2"}],"replies":[{"embeddable":true,"href":"https:\/\/tribunavm.com.ar\/index.php\/wp-json\/wp\/v2\/comments?post=1877"}],"version-history":[{"count":3,"href":"https:\/\/tribunavm.com.ar\/index.php\/wp-json\/wp\/v2\/posts\/1877\/revisions"}],"predecessor-version":[{"id":1882,"href":"https:\/\/tribunavm.com.ar\/index.php\/wp-json\/wp\/v2\/posts\/1877\/revisions\/1882"}],"wp:featuredmedia":[{"embeddable":true,"href":"https:\/\/tribunavm.com.ar\/index.php\/wp-json\/wp\/v2\/media\/1878"}],"wp:attachment":[{"href":"https:\/\/tribunavm.com.ar\/index.php\/wp-json\/wp\/v2\/media?parent=1877"}],"wp:term":[{"taxonomy":"category","embeddable":true,"href":"https:\/\/tribunavm.com.ar\/index.php\/wp-json\/wp\/v2\/categories?post=1877"},{"taxonomy":"post_tag","embeddable":true,"href":"https:\/\/tribunavm.com.ar\/index.php\/wp-json\/wp\/v2\/tags?post=1877"}],"curies":[{"name":"wp","href":"https:\/\/api.w.org\/{rel}","templated":true}]}}