{"id":1957,"date":"2020-09-26T00:17:47","date_gmt":"2020-09-26T00:17:47","guid":{"rendered":"https:\/\/tribunavm.com.ar\/?p=1957"},"modified":"2020-09-26T00:17:47","modified_gmt":"2020-09-26T00:17:47","slug":"protestas-en-ecuador","status":"publish","type":"post","link":"https:\/\/tribunavm.com.ar\/index.php\/2020\/09\/26\/protestas-en-ecuador\/","title":{"rendered":"Protestas en Ecuador"},"content":{"rendered":"<div class=\"row clearfix\">\n<div class=\"col-md-8\">\n<p><span style=\"color: #212121; font-size: 1.5em; letter-spacing: -0.01em;\">Pandemia y represi\u00f3n. Las causas de una inevitable salida a las calles.<\/span><\/p>\n<p><span class=\"dropcap \" style=\"background-color: #ffffff; color: #dd9933; border-color: #ffffff;\">E<\/span>l pasado 16 de septiembre distintos sectores sociales se auto convocaron en una de las movilizaciones sociales m\u00e1s grandes, desde que se decret\u00f3 la emergencia sanitaria en Ecuador. Estudiantes, trabajadores p\u00fablicos y privados, entre otros sectores,\u00a0 se volcaron a las calles bajo la consigna \u201cTodas las luchas se juntan\u201d, en rechazo al accionar constante del gobierno nacional encabezado por Lenin Moreno y aupado por el bloque de poder (banqueros, partidocracia y medios hegem\u00f3nicos).\u00a0 \u00bfLa respuesta del gobierno? Represi\u00f3n policial, una constante durante los \u00faltimos 4 a\u00f1os.<\/p>\n<p><strong>La movilizaci\u00f3n social suscitada a mediados del mes de septiembre parece ser una muestra m\u00e1s de las primeras gotas que se derraman\u00a0 de una olla que lleva\u00a0 hirviendo varios meses.<\/strong> Se puede palpar en las calles un descontento generalizado, el gobierno de Moreno alcanza cifras r\u00e9cord\u00a0 hist\u00f3ricas de rechazo fruto de la profundizaci\u00f3n de las \u201crecetas\u201d del Fondo Monetario Internacional, que al contrario de atenuarse por la pandemia, se han profundizado. La decisi\u00f3n de pre-pagar bonos de deuda, los despidos en el sector p\u00fablico,\u00a0 la reducci\u00f3n de la jornada laboral, reducci\u00f3n salarial, y sobre todo las pol\u00edticas de austeridad que, cruzadas con la pandemia mundial de la covid 19, han generado la muerte de miles y miles de ecuatorianas y ecuatorianos a lo largo y a lo ancho del pa\u00eds, son algunas de las situaciones que el pueblo ecuatoriano ha tenido que enfrentar en los \u00faltimos meses.<\/p>\n<p>La decisi\u00f3n de muchos sectores sociales de salir a manifestarse no es una decisi\u00f3n sencilla, ni la primera alternativa de miles de ecuatorianos afectados por las medidas del gobierno de Moreno, Mart\u00ednez y Romo. Este \u00faltimo llamado se configura en un contexto hostil, donde la situaci\u00f3n sanitaria es ponderada. <strong>De acuerdo a estudios la pandemia es la principal preocupaci\u00f3n de los ecuatorianos, seguida muy de cerca por el desempleo, en un pa\u00eds donde solamente el 16% de los ecuatorianos econ\u00f3micamente activos, tiene un empleo adecuado.<\/strong> Adem\u00e1s, ese contexto hostil se ve profundizado por un gobierno que, cada vez que hay una convocatoria, pone a trabajar a todo el aparato medi\u00e1tico que lo ha respaldado para tratar de posicionar la idea de que un eventual aumento en los contagios de covid19 ser\u00e1 debido a la movilizaci\u00f3n social,\u00a0 y no al irresponsable y criminal manejo de crisis que ha llevado acabo, por ejemplo, flexibilizando medidas de cuarentena\u00a0 en los momentos de mayor contagio.<\/p>\n<p>El gran desaf\u00edo que enfrentan los sectores sociales en Ecuador es el de adaptarse al escenario sanitario de manera efectiva. El pueblo organizado, golpeado por un gobierno neoliberal que no ha dejado de castigarlo, tiene un miedo real al Covid 19, pero est\u00e1 convirtiendo ese miedo en rabia, y esa rabia en acciones p\u00fablicas en las calles porque existe una pandemia, pero la verdadera pandemia que azota al Ecuador es el gobierno nacional.<\/p>\n<blockquote class=\"pullquote align-center\"><p>El pueblo organizado, golpeado por un gobierno neoliberal que no ha dejado de castigarlo, tiene un miedo real al Covid 19, pero est\u00e1 convirtiendo ese miedo en rabia, y esa rabia en acciones p\u00fablicas en las calles porque existe una pandemia, pero la verdadera pandemia que azota al Ecuador es el gobierno nacional.<\/p><\/blockquote>\n<a href=\"https:\/\/tribunavm.com.ar\/wp-content\/uploads\/2020\/09\/AFICHE.pdf\" class=\"pdfemb-viewer\" style=\"width:600px;height:900px;\" data-width=\"600\" data-height=\"900\" data-toolbar=\"bottom\" data-toolbar-fixed=\"off\">AFICHE<\/a>\n<p><span style=\"color: #ff9900;\"><strong>Las elecciones de febrero como un factor desmovilizante<\/strong><\/span><\/p>\n<p>No puede ser obviado el factor de que el pa\u00eds se encuentra expectante ante un nuevo proceso electoral. El domingo 7 de febrero de 2021 los ecuatorianos deber\u00e1n sufragar para determinar qui\u00e9n dirigir\u00e1 los destinos de un pa\u00eds devastado por la crisis, y lastimado en su tejido social. Aparecen como los candidatos m\u00e1s opcionados el Economista Andr\u00e9s Ar\u00e1uz (partidario del gobierno de Rafael Correa), el banquero Guillermo Lasso, y el dirigente ind\u00edgena y Prefecto de la provincia de Azuay, Yaku Perez.<\/p>\n<p>Generalmente, la gente ve a las elecciones como\u00a0 una ventana de esperanza, premia y castiga con el sufragio, y por ende una de las razones que quiz\u00e1s ha detenido a algunos ciudadanos de salir a las calles, es la oportunidad de corregir el rumbo en las urnas el pr\u00f3ximo 7 de febrero. Sin embargo,\u00a0 existe incertidumbre acerca de c\u00f3mo (y en beneficio de qui\u00e9n) actuar\u00e1 el Consejo Nacional Electoral, y la teor\u00eda de una posible descalificaci\u00f3n de las candidaturas del dirigente ind\u00edgena P\u00e9rez, y el candidato del corre\u00edsmo Andr\u00e9s Arauz, podr\u00eda decantar en la ebullici\u00f3n definitiva de una sociedad que ha depositado una m\u00ednima esperanza en un cambio de rumbo por la democracia de las urnas, pero que de sentirla inviable, optar\u00e1 por la democracia de las calles.<\/p>\n<p>Producido por <span style=\"color: #ff9900;\"><strong>Desborde<\/strong><\/span>. <strong>Plataforma de Comunicaci\u00f3n Popular y Medioactivismo<\/strong>.<br \/>\nFacebook: https:\/\/www.facebook.com\/Desborde.Ecuador\/<br \/>\nInstagram: https:\/\/www.instagram.com\/desbordeec\/?hl=es-la<\/p>\n<p><img loading=\"lazy\" decoding=\"async\" class=\"alignnone size-full wp-image-1960\" src=\"https:\/\/tribunavm.com.ar\/wp-content\/uploads\/2020\/09\/Desborde-Medio.jpeg\" alt=\"\" width=\"900\" height=\"900\" srcset=\"https:\/\/tribunavm.com.ar\/wp-content\/uploads\/2020\/09\/Desborde-Medio.jpeg 900w, https:\/\/tribunavm.com.ar\/wp-content\/uploads\/2020\/09\/Desborde-Medio-300x300.jpeg 300w, https:\/\/tribunavm.com.ar\/wp-content\/uploads\/2020\/09\/Desborde-Medio-150x150.jpeg 150w, https:\/\/tribunavm.com.ar\/wp-content\/uploads\/2020\/09\/Desborde-Medio-768x768.jpeg 768w, https:\/\/tribunavm.com.ar\/wp-content\/uploads\/2020\/09\/Desborde-Medio-75x75.jpeg 75w, https:\/\/tribunavm.com.ar\/wp-content\/uploads\/2020\/09\/Desborde-Medio-750x750.jpeg 750w\" sizes=\"(max-width: 900px) 100vw, 900px\" \/><\/p>\n<\/div>\n<div class=\"col-md-3\">\n<p>&nbsp;<\/p>\n<\/div>\n<\/div>\n","protected":false},"excerpt":{"rendered":"<p>Pandemia y represi\u00f3n. Las causas de una inevitable salida a las calles. El pasado 16 de septiembre distintos sectores sociales se auto convocaron en una de las movilizaciones sociales m\u00e1s grandes, desde que se decret\u00f3 la emergencia sanitaria en Ecuador. Estudiantes, trabajadores p\u00fablicos y privados, entre otros sectores,\u00a0 se volcaron a las calles bajo la [&hellip;]<\/p>\n","protected":false},"author":2,"featured_media":1961,"comment_status":"open","ping_status":"open","sticky":false,"template":"","format":"standard","meta":{"_exactmetrics_skip_tracking":false,"_exactmetrics_sitenote_active":false,"_exactmetrics_sitenote_note":"","_exactmetrics_sitenote_category":0,"jnews-multi-image_gallery":[],"jnews_single_post":{"source_name":"","source_url":"","via_name":"","via_url":"","override_template":"0","override":[{"template":"1","single_blog_custom":"","parallax":"1","fullscreen":"0","layout":"right-sidebar","sidebar":"default-sidebar","second_sidebar":"default-sidebar","sticky_sidebar":"1","share_position":"top","share_float_style":"share-monocrhome","show_share_counter":"1","show_view_counter":"1","show_featured":"1","show_post_meta":"1","show_post_author":"1","show_post_author_image":"1","show_post_date":"1","post_date_format":"default","post_date_format_custom":"Y\/m\/d","show_post_category":"1","show_post_reading_time":"0","post_reading_time_wpm":"300","show_zoom_button":"0","zoom_button_out_step":"2","zoom_button_in_step":"3","show_post_tag":"1","show_prev_next_post":"1","show_popup_post":"1","number_popup_post":"1","show_author_box":"0","show_post_related":"0","show_inline_post_related":"0"}],"override_image_size":"0","image_override":[{"single_post_thumbnail_size":"crop-500","single_post_gallery_size":"crop-500"}],"trending_post":"0","trending_post_position":"meta","trending_post_label":"Trending","sponsored_post":"0","sponsored_post_label":"Sponsored by","sponsored_post_name":"","sponsored_post_url":"","sponsored_post_logo_enable":"0","sponsored_post_logo":"","sponsored_post_desc":""},"jnews_primary_category":{"id":"25"},"jnews_social_meta":{"fb_title":"","fb_description":"","fb_image":"","twitter_title":"","twitter_description":"","twitter_image":""},"jnews_override_counter":{"override_view_counter":"0","view_counter_number":"0","override_share_counter":"0","share_counter_number":"0","override_like_counter":"0","like_counter_number":"0","override_dislike_counter":"0","dislike_counter_number":"0"},"_joinchat":[],"footnotes":""},"categories":[1],"tags":[73,103,72,69,77],"class_list":["post-1957","post","type-post","status-publish","format-standard","has-post-thumbnail","hentry","category-uncategorized","tag-coronavirus","tag-edicion-32","tag-edicion-digital","tag-latinoamerica","tag-opinion"],"_links":{"self":[{"href":"https:\/\/tribunavm.com.ar\/index.php\/wp-json\/wp\/v2\/posts\/1957"}],"collection":[{"href":"https:\/\/tribunavm.com.ar\/index.php\/wp-json\/wp\/v2\/posts"}],"about":[{"href":"https:\/\/tribunavm.com.ar\/index.php\/wp-json\/wp\/v2\/types\/post"}],"author":[{"embeddable":true,"href":"https:\/\/tribunavm.com.ar\/index.php\/wp-json\/wp\/v2\/users\/2"}],"replies":[{"embeddable":true,"href":"https:\/\/tribunavm.com.ar\/index.php\/wp-json\/wp\/v2\/comments?post=1957"}],"version-history":[{"count":2,"href":"https:\/\/tribunavm.com.ar\/index.php\/wp-json\/wp\/v2\/posts\/1957\/revisions"}],"predecessor-version":[{"id":1962,"href":"https:\/\/tribunavm.com.ar\/index.php\/wp-json\/wp\/v2\/posts\/1957\/revisions\/1962"}],"wp:featuredmedia":[{"embeddable":true,"href":"https:\/\/tribunavm.com.ar\/index.php\/wp-json\/wp\/v2\/media\/1961"}],"wp:attachment":[{"href":"https:\/\/tribunavm.com.ar\/index.php\/wp-json\/wp\/v2\/media?parent=1957"}],"wp:term":[{"taxonomy":"category","embeddable":true,"href":"https:\/\/tribunavm.com.ar\/index.php\/wp-json\/wp\/v2\/categories?post=1957"},{"taxonomy":"post_tag","embeddable":true,"href":"https:\/\/tribunavm.com.ar\/index.php\/wp-json\/wp\/v2\/tags?post=1957"}],"curies":[{"name":"wp","href":"https:\/\/api.w.org\/{rel}","templated":true}]}}